{"id":19985,"date":"2012-06-27T09:40:29","date_gmt":"2012-06-27T13:40:29","guid":{"rendered":"http:\/\/www.eltrabajo.cl\/portal\/?p=19985"},"modified":"2012-06-27T09:40:29","modified_gmt":"2012-06-27T13:40:29","slug":"ex-diputado-dc-visito-campamento-minero-de-vizcachitas-en-los-patos","status":"publish","type":"post","link":"https:\/\/eltrabajo.cl\/portal\/ex-diputado-dc-visito-campamento-minero-de-vizcachitas-en-los-patos\/","title":{"rendered":"Ex diputado DC visit\u00f3 campamento minero de Vizcachitas en Los Patos"},"content":{"rendered":"<figure id=\"attachment_19986\" aria-describedby=\"caption-attachment-19986\" style=\"width: 300px\" class=\"wp-caption alignleft\"><a href=\"http:\/\/www.eltrabajo.cl\/portal\/2012\/06\/ex-diputado-dc-visito-campamento-minero-de-vizcachitas-en-los-patos\/comitiva-visito-campamento-minero-8\/\" rel=\"attachment wp-att-19986\"><img data-recalc-dims=\"1\" loading=\"lazy\" decoding=\"async\" class=\"size-medium wp-image-19986\" title=\"comitiva visito campamento minero (8)\" src=\"https:\/\/i0.wp.com\/www.eltrabajo.cl\/portal\/wp-content\/uploads\/2012\/06\/comitiva-visito-campamento-minero-8-300x225.jpg?resize=300%2C225\" alt=\"\" width=\"300\" height=\"225\" srcset=\"https:\/\/i0.wp.com\/eltrabajo.cl\/portal\/wp-content\/uploads\/2012\/06\/comitiva-visito-campamento-minero-8.jpg?resize=300%2C225&amp;ssl=1 300w, https:\/\/i0.wp.com\/eltrabajo.cl\/portal\/wp-content\/uploads\/2012\/06\/comitiva-visito-campamento-minero-8.jpg?resize=200%2C150&amp;ssl=1 200w, https:\/\/i0.wp.com\/eltrabajo.cl\/portal\/wp-content\/uploads\/2012\/06\/comitiva-visito-campamento-minero-8.jpg?resize=150%2C112&amp;ssl=1 150w, https:\/\/i0.wp.com\/eltrabajo.cl\/portal\/wp-content\/uploads\/2012\/06\/comitiva-visito-campamento-minero-8.jpg?resize=400%2C300&amp;ssl=1 400w, https:\/\/i0.wp.com\/eltrabajo.cl\/portal\/wp-content\/uploads\/2012\/06\/comitiva-visito-campamento-minero-8.jpg?w=600&amp;ssl=1 600w\" sizes=\"auto, (max-width: 300px) 100vw, 300px\" \/><\/a><figcaption id=\"caption-attachment-19986\" class=\"wp-caption-text\">El ex presidente nacional de la Democracia Cristiana, Gutemberg Mart\u00ednez, en el ret\u00e9n fronterizo Los Patos, declin\u00f3 referirse a su visita al campamento minero Vizcachitas en Los Patos.<\/figcaption><\/figure>\n<p><strong>PUTAENDO.-<\/strong> El ex diputado y ex presidente de la Democracia Cristiana, Gutemberg Mart\u00ednez, en compa\u00f1\u00eda de otros altos ejecutivos de la empresa que es due\u00f1a del campamento minero perteneciente al consorcio Vizcachitas Holding y que habr\u00eda sido vendido a la familia Luksic, visit\u00f3 la ma\u00f1ana de este lunes el citado campamento ubicado en el sector de Las Tejas al interior de Los Patos.<\/p>\n<p>Fortuitamente y cuando nuestro medio sal\u00eda desde el ret\u00e9n de Carabineros de Los Patos, nos encontramos con la peque\u00f1a comitiva que viajaba en modernas camionetas 4&#215;4 hacia el sector del campamento minero, donde obligadamente deb\u00edan registrarse en el ret\u00e9n fronterizo, ocasi\u00f3n en que le consultamos al ex presidente nacional de la DC por el motivo de su visita, se\u00f1al\u00e1ndonos escuetamente que era una visita \u201cPrivada\u201d, excus\u00e1ndose de darnos una entrevista.<\/p>\n<p>Ejecutivos de la empresa canadiense que tienen a cargo el proyecto minero Vizcachitas, nos se\u00f1alaron que en los pr\u00f3ximos d\u00edas entregar\u00e1n detalles de los trabajos que est\u00e1n desarrollando en el sector de Las Tejas, donde seg\u00fan nuestra investigaci\u00f3n todo hace ver que las labores de prospecci\u00f3n, sondaje y trabajos t\u00edpicos de esta naturaleza se siguen desarrollando con absoluta normalidad. Vale la pena preguntarse entonces qu\u00e9 inter\u00e9s tiene la visita de un ex diputado hoy dedicado al ejercicio de su profesi\u00f3n de abogado, pero que se suma a la visita hecha hace alg\u00fan tiempo por el hijo del ex ministro Enrique Correa, quien visit\u00f3 al Alcalde Guillermo Reyes para consultarle por su postura ante la entrada en vigencia del gran proyecto minero al interior de Los Patos.<\/p>\n<p>Guillermo Reyes se\u00f1alo que incluso ten\u00eda informaci\u00f3n que otro gran proyecto minero totalmente diferente a Vizcachitas se estaba trabajando en el afluente del r\u00edo Colorado, el que no tendr\u00eda inconvenientes con el uso del agua pues contar\u00edan con la tecnolog\u00eda para traer desde el mar el agua hasta el interior de Los Patos, despu\u00e9s de ser tratada en una planta de desalinizaci\u00f3n en el litoral central.<\/p>\n<p>Lugare\u00f1os de Los Patos, consultados por Diario El Trabajo, confirmaron que la empresa canadiense estuvo monitoreando y viendo la posibilidad de contratar y arrendar algunos predios de vecinos del sector para instalar faenas en torno a la continuaci\u00f3n de trabajos de prospecci\u00f3n minera, lo que no ha sido materializado por la empresa extranjera que de igual forma ya realiz\u00f3 los primeros contactos con lugare\u00f1os para tales fines.<\/p>\n<p><strong>Patricio Gallardo M.<\/strong><\/p>\n","protected":false},"excerpt":{"rendered":"<p>PUTAENDO.- El ex diputado y ex presidente de la Democracia Cristiana, Gutemberg Mart\u00ednez, en compa\u00f1\u00eda de otros altos ejecutivos de la empresa que es due\u00f1a del campamento minero perteneciente al consorcio Vizcachitas&#8230;<\/p>\n","protected":false},"author":482,"featured_media":19986,"comment_status":"open","ping_status":"closed","sticky":false,"template":"","format":"standard","meta":{"advanced_seo_description":"","jetpack_seo_html_title":"","jetpack_seo_noindex":false,"_jetpack_memberships_contains_paid_content":false,"footnotes":""},"categories":[1],"tags":[],"class_list":["post-19985","post","type-post","status-publish","format-standard","has-post-thumbnail","hentry","category-cronica"],"jetpack_featured_media_url":"https:\/\/i0.wp.com\/eltrabajo.cl\/portal\/wp-content\/uploads\/2012\/06\/comitiva-visito-campamento-minero-8.jpg?fit=600%2C450&ssl=1","jetpack_sharing_enabled":true,"jetpack_likes_enabled":true,"jetpack-related-posts":[],"_links":{"self":[{"href":"https:\/\/eltrabajo.cl\/portal\/wp-json\/wp\/v2\/posts\/19985","targetHints":{"allow":["GET"]}}],"collection":[{"href":"https:\/\/eltrabajo.cl\/portal\/wp-json\/wp\/v2\/posts"}],"about":[{"href":"https:\/\/eltrabajo.cl\/portal\/wp-json\/wp\/v2\/types\/post"}],"author":[{"embeddable":true,"href":"https:\/\/eltrabajo.cl\/portal\/wp-json\/wp\/v2\/users\/482"}],"replies":[{"embeddable":true,"href":"https:\/\/eltrabajo.cl\/portal\/wp-json\/wp\/v2\/comments?post=19985"}],"version-history":[{"count":0,"href":"https:\/\/eltrabajo.cl\/portal\/wp-json\/wp\/v2\/posts\/19985\/revisions"}],"wp:featuredmedia":[{"embeddable":true,"href":"https:\/\/eltrabajo.cl\/portal\/wp-json\/wp\/v2\/media\/19986"}],"wp:attachment":[{"href":"https:\/\/eltrabajo.cl\/portal\/wp-json\/wp\/v2\/media?parent=19985"}],"wp:term":[{"taxonomy":"category","embeddable":true,"href":"https:\/\/eltrabajo.cl\/portal\/wp-json\/wp\/v2\/categories?post=19985"},{"taxonomy":"post_tag","embeddable":true,"href":"https:\/\/eltrabajo.cl\/portal\/wp-json\/wp\/v2\/tags?post=19985"}],"curies":[{"name":"wp","href":"https:\/\/api.w.org\/{rel}","templated":true}]}}