{"id":19995,"date":"2012-06-27T09:52:00","date_gmt":"2012-06-27T13:52:00","guid":{"rendered":"http:\/\/www.eltrabajo.cl\/portal\/?p=19995"},"modified":"2012-06-27T09:52:00","modified_gmt":"2012-06-27T13:52:00","slug":"mama-de-pequeno-con-dano-neurologico-agradecio-entrega-de-pension","status":"publish","type":"post","link":"https:\/\/eltrabajo.cl\/portal\/mama-de-pequeno-con-dano-neurologico-agradecio-entrega-de-pension\/","title":{"rendered":"Mam\u00e1 de peque\u00f1o con da\u00f1o neurol\u00f3gico agradeci\u00f3 entrega de pensi\u00f3n"},"content":{"rendered":"<figure id=\"attachment_19996\" aria-describedby=\"caption-attachment-19996\" style=\"width: 300px\" class=\"wp-caption alignleft\"><a href=\"http:\/\/www.eltrabajo.cl\/portal\/2012\/06\/mama-de-pequeno-con-dano-neurologico-agradecio-entrega-de-pension\/maritza-rojas-y-su-hijo-francisco-1\/\" rel=\"attachment wp-att-19996\"><img data-recalc-dims=\"1\" loading=\"lazy\" decoding=\"async\" class=\"size-medium wp-image-19996\" title=\"maritza rojas y su hijo francisco (1)\" src=\"https:\/\/i0.wp.com\/www.eltrabajo.cl\/portal\/wp-content\/uploads\/2012\/06\/maritza-rojas-y-su-hijo-francisco-1-300x225.jpg?resize=300%2C225\" alt=\"\" width=\"300\" height=\"225\" srcset=\"https:\/\/i0.wp.com\/eltrabajo.cl\/portal\/wp-content\/uploads\/2012\/06\/maritza-rojas-y-su-hijo-francisco-1.jpg?resize=300%2C225&amp;ssl=1 300w, https:\/\/i0.wp.com\/eltrabajo.cl\/portal\/wp-content\/uploads\/2012\/06\/maritza-rojas-y-su-hijo-francisco-1.jpg?resize=200%2C150&amp;ssl=1 200w, https:\/\/i0.wp.com\/eltrabajo.cl\/portal\/wp-content\/uploads\/2012\/06\/maritza-rojas-y-su-hijo-francisco-1.jpg?resize=150%2C112&amp;ssl=1 150w, https:\/\/i0.wp.com\/eltrabajo.cl\/portal\/wp-content\/uploads\/2012\/06\/maritza-rojas-y-su-hijo-francisco-1.jpg?resize=400%2C300&amp;ssl=1 400w, https:\/\/i0.wp.com\/eltrabajo.cl\/portal\/wp-content\/uploads\/2012\/06\/maritza-rojas-y-su-hijo-francisco-1.jpg?w=600&amp;ssl=1 600w\" sizes=\"auto, (max-width: 300px) 100vw, 300px\" \/><\/a><figcaption id=\"caption-attachment-19996\" class=\"wp-caption-text\">Maritza dio las gracias por el apoyo que ha recibido tanto de las autoridades como de la comunidad, no s\u00f3lo de San Felipe, sino que distintos lugares del pa\u00eds, los que s\u00f3lo buscan ayudar al peque\u00f1o Francisco.<\/figcaption><\/figure>\n<p>Aunque Maritza Rojas est\u00e1 conciente de que tendr\u00e1 que apoyar de por vida a su peque\u00f1o hijo Francisco, sabe que desde ahora el camino ser\u00e1 un poco m\u00e1s f\u00e1cil, ya que logr\u00f3 que le dieran una pensi\u00f3n destinada al peque\u00f1o, por lo que se encuentra profundamente agradecida.<\/p>\n<p>El caso de Francisco fue conocido hace unos meses, cuando Maritza abrumada por los gastos que significaba el cuidado del peque\u00f1o, pidi\u00f3 a las autoridades esta pensi\u00f3n que ser\u00e1 de gran ayuda para la familia.<\/p>\n<p>Se trata de una pensi\u00f3n de alrededor de 55 mil pesos que Maritza destinar\u00e1 a la compra de pa\u00f1ales y leche.<\/p>\n<p>\u201cMe la comenzaron a pagar este mes, que es un monto de 55 mil, a lo mejor no es muy alto, pero para el Francisco todo lo que le llegue le sirve. Eso me ayuda a cubrir leche y pa\u00f1ales\u201d.<\/p>\n<p><strong>GASTO MENSUAL<\/strong><\/p>\n<p>Sin embargo el gasto mensual que hace esta familia es alto, ya que algunos de los medicamentes que Francisco necesita muchas veces no se los entregan y Maritza debe comprarlos.<\/p>\n<figure id=\"attachment_19997\" aria-describedby=\"caption-attachment-19997\" style=\"width: 300px\" class=\"wp-caption alignright\"><a href=\"http:\/\/www.eltrabajo.cl\/portal\/2012\/06\/mama-de-pequeno-con-dano-neurologico-agradecio-entrega-de-pension\/maritza-rojas-y-su-hijo-francisco-2\/\" rel=\"attachment wp-att-19997\"><img data-recalc-dims=\"1\" loading=\"lazy\" decoding=\"async\" class=\"size-medium wp-image-19997\" title=\"maritza rojas y su hijo francisco (2)\" src=\"https:\/\/i0.wp.com\/www.eltrabajo.cl\/portal\/wp-content\/uploads\/2012\/06\/maritza-rojas-y-su-hijo-francisco-2-300x225.jpg?resize=300%2C225\" alt=\"\" width=\"300\" height=\"225\" srcset=\"https:\/\/i0.wp.com\/eltrabajo.cl\/portal\/wp-content\/uploads\/2012\/06\/maritza-rojas-y-su-hijo-francisco-2.jpg?resize=300%2C225&amp;ssl=1 300w, https:\/\/i0.wp.com\/eltrabajo.cl\/portal\/wp-content\/uploads\/2012\/06\/maritza-rojas-y-su-hijo-francisco-2.jpg?resize=200%2C150&amp;ssl=1 200w, https:\/\/i0.wp.com\/eltrabajo.cl\/portal\/wp-content\/uploads\/2012\/06\/maritza-rojas-y-su-hijo-francisco-2.jpg?resize=150%2C112&amp;ssl=1 150w, https:\/\/i0.wp.com\/eltrabajo.cl\/portal\/wp-content\/uploads\/2012\/06\/maritza-rojas-y-su-hijo-francisco-2.jpg?resize=400%2C300&amp;ssl=1 400w, https:\/\/i0.wp.com\/eltrabajo.cl\/portal\/wp-content\/uploads\/2012\/06\/maritza-rojas-y-su-hijo-francisco-2.jpg?w=600&amp;ssl=1 600w\" sizes=\"auto, (max-width: 300px) 100vw, 300px\" \/><\/a><figcaption id=\"caption-attachment-19997\" class=\"wp-caption-text\">\u201cFrancisco necesita todo especial, igual que las comidas, debe ser todo fresco, entonces todos los d\u00edas hay que incurrir en ese gasto\u201d.<\/figcaption><\/figure>\n<p>\u201cFrancisco necesita todo especial, igual que las comidas, debe ser todo fresco, entonces todos los d\u00edas hay que incurrir en ese gasto, yo digo es una cosa normal, pero para un ni\u00f1o como Francisco es otro gasto aparte, la leche, ahora logr\u00e9 cambiarle la leche a las etapas y los pa\u00f1ales y tantas cosas que usa \u00e9l\u201d.<\/p>\n<p>Pero a pesar de toda la preocupaci\u00f3n por los gastos, Maritza se siente tranquila, ya que su peque\u00f1o se encuentra bien de salud, asistiendo a la Telet\u00f3n donde ha tenido bastante apoyo.<\/p>\n<p>\u201cEn cuanto al tema de la Telet\u00f3n, logr\u00e9 el tema de un sitting para Francisco, como una silla, lo que est\u00e1 pendiente es el coche neurol\u00f3gico, ni coche ni silla de ruedas, que eso est\u00e1 en gesti\u00f3n\u201d.<\/p>\n<p>Esa gesti\u00f3n la estar\u00eda realizando el director del Servicio de Salud, Rodrigo Infante, quien visit\u00f3 a Francisco en su casa y se habr\u00eda comprometido en conseguir la silla de ruedas, quien adem\u00e1s le entreg\u00f3 colchonetas para que realice el trabajo motor que el peque\u00f1os necesita a diario.<\/p>\n<p>Adem\u00e1s el peque\u00f1o Francisco tiene la atenci\u00f3n personalizada de un m\u00e9dico que lo atiende cada cierto tiempo en su casa.<\/p>\n<p>Este tiempo es el m\u00e1s complejo, ya que el fr\u00edo podr\u00eda hacer que se contagiara una enfermedad respiratoria, lo que ser\u00eda demasiado complejo para \u00e9l, por lo que Maritza restringe las salidas que no sean necesarias.<\/p>\n<p>\u201cHe tratado de sacarlo y le suspendo las salidas y pongo en la balanza la parte respiratoria y las terapias, lo que me han ense\u00f1ado y he aprendido, se las hago ac\u00e1\u201d.<\/p>\n<p><strong>APOYO DE LA GENTE<\/strong><\/p>\n<p>Maritza ha sentido el apoyo de muchas personas que desinteresadamente han colaborado depositando dinero en la cuenta que est\u00e1 disponible; de las autoridades, especialmente de la Gobernadora que gestion\u00f3 la entrega de la pensi\u00f3n, pero reconoce que se siente cansada.<\/p>\n<p>Dice que la preocupaci\u00f3n por su peque\u00f1o es durante las 24 horas del d\u00eda, pero los avances que muestra Francisco sin duda le dan la fuerza para seguir luchando.<\/p>\n","protected":false},"excerpt":{"rendered":"<p>Aunque Maritza Rojas est\u00e1 conciente de que tendr\u00e1 que apoyar de por vida a su peque\u00f1o hijo Francisco, sabe que desde ahora el camino ser\u00e1 un poco m\u00e1s f\u00e1cil, ya que logr\u00f3&#8230;<\/p>\n","protected":false},"author":482,"featured_media":19996,"comment_status":"open","ping_status":"closed","sticky":false,"template":"","format":"standard","meta":{"advanced_seo_description":"","jetpack_seo_html_title":"","jetpack_seo_noindex":false,"_jetpack_memberships_contains_paid_content":false,"footnotes":""},"categories":[15],"tags":[],"class_list":["post-19995","post","type-post","status-publish","format-standard","has-post-thumbnail","hentry","category-comunidad"],"jetpack_featured_media_url":"https:\/\/i0.wp.com\/eltrabajo.cl\/portal\/wp-content\/uploads\/2012\/06\/maritza-rojas-y-su-hijo-francisco-1.jpg?fit=600%2C450&ssl=1","jetpack_sharing_enabled":true,"jetpack_likes_enabled":true,"jetpack-related-posts":[],"_links":{"self":[{"href":"https:\/\/eltrabajo.cl\/portal\/wp-json\/wp\/v2\/posts\/19995","targetHints":{"allow":["GET"]}}],"collection":[{"href":"https:\/\/eltrabajo.cl\/portal\/wp-json\/wp\/v2\/posts"}],"about":[{"href":"https:\/\/eltrabajo.cl\/portal\/wp-json\/wp\/v2\/types\/post"}],"author":[{"embeddable":true,"href":"https:\/\/eltrabajo.cl\/portal\/wp-json\/wp\/v2\/users\/482"}],"replies":[{"embeddable":true,"href":"https:\/\/eltrabajo.cl\/portal\/wp-json\/wp\/v2\/comments?post=19995"}],"version-history":[{"count":0,"href":"https:\/\/eltrabajo.cl\/portal\/wp-json\/wp\/v2\/posts\/19995\/revisions"}],"wp:featuredmedia":[{"embeddable":true,"href":"https:\/\/eltrabajo.cl\/portal\/wp-json\/wp\/v2\/media\/19996"}],"wp:attachment":[{"href":"https:\/\/eltrabajo.cl\/portal\/wp-json\/wp\/v2\/media?parent=19995"}],"wp:term":[{"taxonomy":"category","embeddable":true,"href":"https:\/\/eltrabajo.cl\/portal\/wp-json\/wp\/v2\/categories?post=19995"},{"taxonomy":"post_tag","embeddable":true,"href":"https:\/\/eltrabajo.cl\/portal\/wp-json\/wp\/v2\/tags?post=19995"}],"curies":[{"name":"wp","href":"https:\/\/api.w.org\/{rel}","templated":true}]}}