{"id":20009,"date":"2012-06-27T09:57:52","date_gmt":"2012-06-27T13:57:52","guid":{"rendered":"http:\/\/www.eltrabajo.cl\/portal\/?p=20009"},"modified":"2012-06-27T09:57:52","modified_gmt":"2012-06-27T13:57:52","slug":"detienen-a-joven-por-ultrajar-en-la-via-publica-a-escolar-de-15-anos","status":"publish","type":"post","link":"https:\/\/eltrabajo.cl\/portal\/detienen-a-joven-por-ultrajar-en-la-via-publica-a-escolar-de-15-anos\/","title":{"rendered":"Detienen a joven por ultrajar en la v\u00eda p\u00fablica a escolar de 15 a\u00f1os"},"content":{"rendered":"<figure id=\"attachment_20010\" aria-describedby=\"caption-attachment-20010\" style=\"width: 300px\" class=\"wp-caption alignleft\"><a href=\"http:\/\/www.eltrabajo.cl\/portal\/2012\/06\/detienen-a-joven-por-ultrajar-en-la-via-publica-a-escolar-de-15-anos\/manoseo-adolescente1\/\" rel=\"attachment wp-att-20010\"><img data-recalc-dims=\"1\" loading=\"lazy\" decoding=\"async\" class=\"size-medium wp-image-20010\" title=\"manoseo-adolescente1\" src=\"https:\/\/i0.wp.com\/www.eltrabajo.cl\/portal\/wp-content\/uploads\/2012\/06\/manoseo-adolescente1-300x263.jpg?resize=300%2C263\" alt=\"\" width=\"300\" height=\"263\" srcset=\"https:\/\/i0.wp.com\/eltrabajo.cl\/portal\/wp-content\/uploads\/2012\/06\/manoseo-adolescente1.jpg?resize=300%2C263&amp;ssl=1 300w, https:\/\/i0.wp.com\/eltrabajo.cl\/portal\/wp-content\/uploads\/2012\/06\/manoseo-adolescente1.jpg?resize=170%2C150&amp;ssl=1 170w, https:\/\/i0.wp.com\/eltrabajo.cl\/portal\/wp-content\/uploads\/2012\/06\/manoseo-adolescente1.jpg?resize=150%2C131&amp;ssl=1 150w, https:\/\/i0.wp.com\/eltrabajo.cl\/portal\/wp-content\/uploads\/2012\/06\/manoseo-adolescente1.jpg?resize=400%2C351&amp;ssl=1 400w, https:\/\/i0.wp.com\/eltrabajo.cl\/portal\/wp-content\/uploads\/2012\/06\/manoseo-adolescente1.jpg?w=600&amp;ssl=1 600w\" sizes=\"auto, (max-width: 300px) 100vw, 300px\" \/><\/a><figcaption id=\"caption-attachment-20010\" class=\"wp-caption-text\">Bajo el efecto del alcohol, el imputado toc\u00f3 los gl\u00fateos a una jovencita de solo 15 a\u00f1os, quien pese a las amenazas lo denunci\u00f3 y pudo ser detenido.<\/figcaption><\/figure>\n<ul>\n<li><strong>Le efectu\u00f3 tocaciones en sus gl\u00fateos y luego la insult\u00f3.<\/strong><\/li>\n<\/ul>\n<p><strong>LOS ANDES.-<\/strong> Un joven de 24 a\u00f1os fue detenido por Carabineros luego de haber cometido un ultraje de connotaci\u00f3n sexual en contra de una adolescente de 15 a\u00f1os que se encontraba junto a una amiga esperando locomoci\u00f3n.<\/p>\n<p>El hecho se produjo cerca de las 21 horas del domingo, cuando la escolar afectada se encontraba junto a una amiga de la misma edad conversando en la esquina de calles Esmeralda con Maip\u00fa.<\/p>\n<p>Sorpresivamente pas\u00f3 por el lugar un sujeto que al parecer qued\u00f3 exultante con los atributos f\u00edsicos de la jovencita y procedi\u00f3 a efectuarle tocaciones en sus gl\u00fateos.<\/p>\n<p>La menor de inmediato lo increp\u00f3, ante lo cual el hombre comenz\u00f3 a insultarla amenaz\u00e1ndola de agredirla si llamaba a Carabineros.<\/p>\n<p>La joven hizo caso omiso a la intimidaci\u00f3n del sujeto y llam\u00f3 desde su celular a Carabineros que en cosa de minutos llegaron al lugar y detuvieron al hombre, quien al parecer se encontraba bebido.<\/p>\n<p>El detenido, identificado como C.A.O.G., fue puesto a disposici\u00f3n del Tribunal de Garant\u00eda por el delito de abuso sexual.<\/p>\n<p>Sin embargo, en la audiencia la abogada defensora Mar\u00eda Isabel Montenegro pidi\u00f3 decretar ilegal su detenci\u00f3n, por cuanto la menor no habr\u00eda sido acariciada por su representado, sino que s\u00f3lo le habr\u00edan dado una palmada en las nalgas, no existiendo constancia de quien fue el autor, por cuanto a esa hora hab\u00edan muchas personas transitando por esa intersecci\u00f3n.<\/p>\n<p>El Juez sopes\u00f3 los argumentos y decret\u00f3 que el arresto se ajust\u00f3 a derecho conforme a los antecedentes que entreg\u00f3 la v\u00edctima a Carabineros.<\/p>\n<p>De esta manera el fiscal Pedro Aravena someti\u00f3 al imputado a un procedimiento monitorio por la falta de \u2018Ofensas al Pudor\u2019, solicitando como pena el pago de una multa de una unidad tributaria mensual.<\/p>\n","protected":false},"excerpt":{"rendered":"<p>Le efectu\u00f3 tocaciones en sus gl\u00fateos y luego la insult\u00f3. LOS ANDES.- Un joven de 24 a\u00f1os fue detenido por Carabineros luego de haber cometido un ultraje de connotaci\u00f3n sexual en contra&#8230;<\/p>\n","protected":false},"author":482,"featured_media":20010,"comment_status":"open","ping_status":"closed","sticky":false,"template":"","format":"standard","meta":{"advanced_seo_description":"","jetpack_seo_html_title":"","jetpack_seo_noindex":false,"_jetpack_memberships_contains_paid_content":false,"footnotes":""},"categories":[21],"tags":[],"class_list":["post-20009","post","type-post","status-publish","format-standard","has-post-thumbnail","hentry","category-policial"],"jetpack_featured_media_url":"https:\/\/i0.wp.com\/eltrabajo.cl\/portal\/wp-content\/uploads\/2012\/06\/manoseo-adolescente1.jpg?fit=600%2C527&ssl=1","jetpack_sharing_enabled":true,"jetpack_likes_enabled":true,"jetpack-related-posts":[],"_links":{"self":[{"href":"https:\/\/eltrabajo.cl\/portal\/wp-json\/wp\/v2\/posts\/20009","targetHints":{"allow":["GET"]}}],"collection":[{"href":"https:\/\/eltrabajo.cl\/portal\/wp-json\/wp\/v2\/posts"}],"about":[{"href":"https:\/\/eltrabajo.cl\/portal\/wp-json\/wp\/v2\/types\/post"}],"author":[{"embeddable":true,"href":"https:\/\/eltrabajo.cl\/portal\/wp-json\/wp\/v2\/users\/482"}],"replies":[{"embeddable":true,"href":"https:\/\/eltrabajo.cl\/portal\/wp-json\/wp\/v2\/comments?post=20009"}],"version-history":[{"count":0,"href":"https:\/\/eltrabajo.cl\/portal\/wp-json\/wp\/v2\/posts\/20009\/revisions"}],"wp:featuredmedia":[{"embeddable":true,"href":"https:\/\/eltrabajo.cl\/portal\/wp-json\/wp\/v2\/media\/20010"}],"wp:attachment":[{"href":"https:\/\/eltrabajo.cl\/portal\/wp-json\/wp\/v2\/media?parent=20009"}],"wp:term":[{"taxonomy":"category","embeddable":true,"href":"https:\/\/eltrabajo.cl\/portal\/wp-json\/wp\/v2\/categories?post=20009"},{"taxonomy":"post_tag","embeddable":true,"href":"https:\/\/eltrabajo.cl\/portal\/wp-json\/wp\/v2\/tags?post=20009"}],"curies":[{"name":"wp","href":"https:\/\/api.w.org\/{rel}","templated":true}]}}