{"id":20013,"date":"2012-06-27T09:59:12","date_gmt":"2012-06-27T13:59:12","guid":{"rendered":"http:\/\/www.eltrabajo.cl\/portal\/?p=20013"},"modified":"2012-06-27T09:59:12","modified_gmt":"2012-06-27T13:59:12","slug":"delincuentes-golpearon-a-carabinero-de-civil-para-arrebatarle-su-bolso","status":"publish","type":"post","link":"https:\/\/eltrabajo.cl\/portal\/delincuentes-golpearon-a-carabinero-de-civil-para-arrebatarle-su-bolso\/","title":{"rendered":"Delincuentes golpearon a carabinero de civil para arrebatarle su bolso"},"content":{"rendered":"<figure id=\"attachment_20014\" aria-describedby=\"caption-attachment-20014\" style=\"width: 300px\" class=\"wp-caption alignleft\"><a href=\"http:\/\/www.eltrabajo.cl\/portal\/2012\/06\/delincuentes-golpearon-a-carabinero-de-civil-para-arrebatarle-su-bolso\/imputado-asalto\/\" rel=\"attachment wp-att-20014\"><img data-recalc-dims=\"1\" loading=\"lazy\" decoding=\"async\" class=\"size-medium wp-image-20014\" title=\"Imputado Asalto\" src=\"https:\/\/i0.wp.com\/www.eltrabajo.cl\/portal\/wp-content\/uploads\/2012\/06\/Imputado-Asalto-300x225.jpg?resize=300%2C225\" alt=\"\" width=\"300\" height=\"225\" srcset=\"https:\/\/i0.wp.com\/eltrabajo.cl\/portal\/wp-content\/uploads\/2012\/06\/Imputado-Asalto.jpg?resize=300%2C225&amp;ssl=1 300w, https:\/\/i0.wp.com\/eltrabajo.cl\/portal\/wp-content\/uploads\/2012\/06\/Imputado-Asalto.jpg?resize=200%2C150&amp;ssl=1 200w, https:\/\/i0.wp.com\/eltrabajo.cl\/portal\/wp-content\/uploads\/2012\/06\/Imputado-Asalto.jpg?resize=150%2C112&amp;ssl=1 150w, https:\/\/i0.wp.com\/eltrabajo.cl\/portal\/wp-content\/uploads\/2012\/06\/Imputado-Asalto.jpg?resize=400%2C300&amp;ssl=1 400w, https:\/\/i0.wp.com\/eltrabajo.cl\/portal\/wp-content\/uploads\/2012\/06\/Imputado-Asalto.jpg?w=600&amp;ssl=1 600w\" sizes=\"auto, (max-width: 300px) 100vw, 300px\" \/><\/a><figcaption id=\"caption-attachment-20014\" class=\"wp-caption-text\">El imputado fue sindicado como el autor de robo con violencia donde fue v\u00edctima un carabinero de civil en calle Salinas de San Felipe.<\/figcaption><\/figure>\n<p>Pablo Salinas Sald\u00edas &#8211; <a href=\"mailto:psalinas@eltrabajo.cl\">psalinas@eltrabajo.cl<\/a><\/p>\n<p>Un funcionario de Carabineros que transitaba por calle Salinas de civil, fue v\u00edctima de robo cuando fue abordado por dos sujetos quienes lo golpearon para sustraerle un bolso que portaba su billetera con dinero en efectivo, donde posteriormente se logr\u00f3 detener a uno de los sujetos que fue puesto a disposici\u00f3n del Ministerio P\u00fablico.<\/p>\n<p>De acuerdo a los antecedentes relatados en la formalizaci\u00f3n del sujeto, los hechos ocurrieron el pasado lunes 25 alrededor de las 23:30 horas, cuando el funcionario policial proveniente de la ciudad de Santiago, transitaba por calle Salinas y observ\u00f3 que dos sujetos se le acercaron. Presumiendo que ser\u00eda objeto de alg\u00fan ataque, se introdujo en la entrada de la residencial Aldo\u00b4s ubicada en dicha arteria, donde de igual forma los delincuentes le propinaron golpes para arrebatarle su bolso en el que portaba una billetera con $25.000, tarjetas bancarias y su identificaci\u00f3n de carabinero.<\/p>\n<p>Posteriormente la v\u00edctima dio cuenta de los hechos a Carabineros de la comuna, indicando que los delincuentes abordaron un radio taxi en direcci\u00f3n a la poblaci\u00f3n Santa Br\u00edgida, lugar donde fue encontrado posteriormente uno de los protagonistas, el cual fue detenido.<\/p>\n<p>El imputado fue identificado como Luis Alberto G.H., quien registra domicilio en el sector de Granallas de Putaendo, el cual fue formalizado ante el Juzgado de Garant\u00eda de San Felipe por el delito de robo con violencia. Asimismo, el Ministerio P\u00fablico requiri\u00f3 ante el Magistrado la extensi\u00f3n de la detenci\u00f3n hasta el d\u00eda 28 de junio para esclarecer los hechos.<\/p>\n","protected":false},"excerpt":{"rendered":"<p>Pablo Salinas Sald\u00edas &#8211; psalinas@eltrabajo.cl Un funcionario de Carabineros que transitaba por calle Salinas de civil, fue v\u00edctima de robo cuando fue abordado por dos sujetos quienes lo golpearon para sustraerle un&#8230;<\/p>\n","protected":false},"author":482,"featured_media":20014,"comment_status":"open","ping_status":"closed","sticky":false,"template":"","format":"standard","meta":{"advanced_seo_description":"","jetpack_seo_html_title":"","jetpack_seo_noindex":false,"_jetpack_memberships_contains_paid_content":false,"footnotes":""},"categories":[21],"tags":[],"class_list":["post-20013","post","type-post","status-publish","format-standard","has-post-thumbnail","hentry","category-policial"],"jetpack_featured_media_url":"https:\/\/i0.wp.com\/eltrabajo.cl\/portal\/wp-content\/uploads\/2012\/06\/Imputado-Asalto.jpg?fit=600%2C450&ssl=1","jetpack_sharing_enabled":true,"jetpack_likes_enabled":true,"jetpack-related-posts":[],"_links":{"self":[{"href":"https:\/\/eltrabajo.cl\/portal\/wp-json\/wp\/v2\/posts\/20013","targetHints":{"allow":["GET"]}}],"collection":[{"href":"https:\/\/eltrabajo.cl\/portal\/wp-json\/wp\/v2\/posts"}],"about":[{"href":"https:\/\/eltrabajo.cl\/portal\/wp-json\/wp\/v2\/types\/post"}],"author":[{"embeddable":true,"href":"https:\/\/eltrabajo.cl\/portal\/wp-json\/wp\/v2\/users\/482"}],"replies":[{"embeddable":true,"href":"https:\/\/eltrabajo.cl\/portal\/wp-json\/wp\/v2\/comments?post=20013"}],"version-history":[{"count":0,"href":"https:\/\/eltrabajo.cl\/portal\/wp-json\/wp\/v2\/posts\/20013\/revisions"}],"wp:featuredmedia":[{"embeddable":true,"href":"https:\/\/eltrabajo.cl\/portal\/wp-json\/wp\/v2\/media\/20014"}],"wp:attachment":[{"href":"https:\/\/eltrabajo.cl\/portal\/wp-json\/wp\/v2\/media?parent=20013"}],"wp:term":[{"taxonomy":"category","embeddable":true,"href":"https:\/\/eltrabajo.cl\/portal\/wp-json\/wp\/v2\/categories?post=20013"},{"taxonomy":"post_tag","embeddable":true,"href":"https:\/\/eltrabajo.cl\/portal\/wp-json\/wp\/v2\/tags?post=20013"}],"curies":[{"name":"wp","href":"https:\/\/api.w.org\/{rel}","templated":true}]}}