{"id":20017,"date":"2012-06-27T10:02:07","date_gmt":"2012-06-27T14:02:07","guid":{"rendered":"http:\/\/www.eltrabajo.cl\/portal\/?p=20017"},"modified":"2012-06-27T10:02:07","modified_gmt":"2012-06-27T14:02:07","slug":"en-prision-preventiva-quedo-el-%e2%80%98chaucha%e2%80%99-formalizado-por-seis-delitos","status":"publish","type":"post","link":"https:\/\/eltrabajo.cl\/portal\/en-prision-preventiva-quedo-el-%e2%80%98chaucha%e2%80%99-formalizado-por-seis-delitos\/","title":{"rendered":"En prisi\u00f3n preventiva qued\u00f3 el \u2018Chaucha\u2019 formalizado por seis delitos"},"content":{"rendered":"<figure id=\"attachment_20019\" aria-describedby=\"caption-attachment-20019\" style=\"width: 300px\" class=\"wp-caption alignleft\"><a href=\"http:\/\/www.eltrabajo.cl\/portal\/2012\/06\/en-prision-preventiva-quedo-el-%e2%80%98chaucha%e2%80%99-formalizado-por-seis-delitos\/chaucha\/\" rel=\"attachment wp-att-20019\"><img data-recalc-dims=\"1\" loading=\"lazy\" decoding=\"async\" class=\"size-medium wp-image-20019\" title=\"Chaucha\" src=\"https:\/\/i0.wp.com\/www.eltrabajo.cl\/portal\/wp-content\/uploads\/2012\/06\/Chaucha-300x225.jpg?resize=300%2C225\" alt=\"\" width=\"300\" height=\"225\" srcset=\"https:\/\/i0.wp.com\/eltrabajo.cl\/portal\/wp-content\/uploads\/2012\/06\/Chaucha.jpg?resize=300%2C225&amp;ssl=1 300w, https:\/\/i0.wp.com\/eltrabajo.cl\/portal\/wp-content\/uploads\/2012\/06\/Chaucha.jpg?resize=200%2C150&amp;ssl=1 200w, https:\/\/i0.wp.com\/eltrabajo.cl\/portal\/wp-content\/uploads\/2012\/06\/Chaucha.jpg?resize=150%2C112&amp;ssl=1 150w, https:\/\/i0.wp.com\/eltrabajo.cl\/portal\/wp-content\/uploads\/2012\/06\/Chaucha.jpg?resize=400%2C300&amp;ssl=1 400w, https:\/\/i0.wp.com\/eltrabajo.cl\/portal\/wp-content\/uploads\/2012\/06\/Chaucha.jpg?w=600&amp;ssl=1 600w\" sizes=\"auto, (max-width: 300px) 100vw, 300px\" \/><\/a><figcaption id=\"caption-attachment-20019\" class=\"wp-caption-text\">El imputado Alexis A.V.G. apodado el \u2018Chaucha\u2019, qued\u00f3 bajo la cautelar de prisi\u00f3n preventiva por un plazo de 60 d\u00edas para la investigaci\u00f3n del caso.<\/figcaption><\/figure>\n<p>Pablo Salinas Sald\u00edas &#8211; <a href=\"mailto:psalinas@eltrabajo.cl\">psalinas@eltrabajo.cl<\/a><\/p>\n<p>Ante el Juzgado de Garant\u00eda de San Felipe fue formalizado el antisocial de 23 a\u00f1os Alexis A.V.G., conocido como \u2018El Chaucha\u2019, acusado de seis delitos que detall\u00f3 el Ministerio P\u00fablico, donde tres mujeres fueron v\u00edctimas de robo con intimidaci\u00f3n y abuso sexual por parte del imputado, situaci\u00f3n por la que el Magistrado accedi\u00f3 a decretar la cautelar de Prisi\u00f3n Preventiva.<\/p>\n<p>De acuerdo a los antecedentes reportados por el Fiscal Julio Palacios Bobadilla durante la audiencia, los hechos ocurrieron el pasado 13 de mayo alrededor de las 01:30 de la madrugada, cuando Susan Palominos y la menor de 17 a\u00f1os identificada con las iniciales A.N.S.F. transitaban desde su domicilio en la villa 250 a\u00f1os en direcci\u00f3n a la l\u00ednea f\u00e9rrea, donde fueron abordadas por el \u2018Chaucha\u2019, el cual habr\u00eda tomado por el cuello a Susan la que fue intimidada con un cuchillo.<\/p>\n<figure id=\"attachment_20018\" aria-describedby=\"caption-attachment-20018\" style=\"width: 300px\" class=\"wp-caption alignright\"><a href=\"http:\/\/www.eltrabajo.cl\/portal\/2012\/06\/en-prision-preventiva-quedo-el-%e2%80%98chaucha%e2%80%99-formalizado-por-seis-delitos\/susan-palominos\/\" rel=\"attachment wp-att-20018\"><img data-recalc-dims=\"1\" loading=\"lazy\" decoding=\"async\" class=\"size-medium wp-image-20018\" title=\"Susan Palominos\" src=\"https:\/\/i0.wp.com\/www.eltrabajo.cl\/portal\/wp-content\/uploads\/2012\/06\/Susan-Palominos-300x225.jpg?resize=300%2C225\" alt=\"\" width=\"300\" height=\"225\" srcset=\"https:\/\/i0.wp.com\/eltrabajo.cl\/portal\/wp-content\/uploads\/2012\/06\/Susan-Palominos.jpg?resize=300%2C225&amp;ssl=1 300w, https:\/\/i0.wp.com\/eltrabajo.cl\/portal\/wp-content\/uploads\/2012\/06\/Susan-Palominos.jpg?resize=200%2C150&amp;ssl=1 200w, https:\/\/i0.wp.com\/eltrabajo.cl\/portal\/wp-content\/uploads\/2012\/06\/Susan-Palominos.jpg?resize=150%2C112&amp;ssl=1 150w, https:\/\/i0.wp.com\/eltrabajo.cl\/portal\/wp-content\/uploads\/2012\/06\/Susan-Palominos.jpg?resize=400%2C300&amp;ssl=1 400w, https:\/\/i0.wp.com\/eltrabajo.cl\/portal\/wp-content\/uploads\/2012\/06\/Susan-Palominos.jpg?w=600&amp;ssl=1 600w\" sizes=\"auto, (max-width: 300px) 100vw, 300px\" \/><\/a><figcaption id=\"caption-attachment-20018\" class=\"wp-caption-text\">Susan acus\u00f3 al \u2018Chaucha\u2019 de haberla intimidado con un cuchillo para sustraerle su celular y dinero en efectivo junto a su cu\u00f1ada de 17 a\u00f1os en la ribera del R\u00edo Aconcagua, donde fueron objeto de tocaciones sexuales.<\/figcaption><\/figure>\n<p>Ambas muchachas que hicieron p\u00fablica su denuncia a trav\u00e9s de los medios de prensa, declararon ante Carabineros y la Fiscal\u00eda, donde explicaron que bajo intimidaci\u00f3n y amenazas fueron trasladadas hasta la ribera del R\u00edo Aconcagua, donde el sujeto las habr\u00eda hecho desnudarse para revisar si manten\u00edan objetos de valor, as\u00ed de esta forma se apoder\u00f3 de dos celulares y $9.000 pertenecientes a las v\u00edctimas quienes sufrieron tocaciones en sus partes \u00edntimas, para luego el imputado amenazar de muerte al hijo de una de las muchachas si denunciaban los hechos.<\/p>\n<p>No obstante, se le suma un segundo hecho que fue denunciado con posterioridad ocurrido el pasado 13 de abril de este a\u00f1o, alrededor de las 20:00 horas, cuando la v\u00edctima identificada como Silvia Mart\u00ednez, quien tambi\u00e9n hizo p\u00fablica su denuncia por la prensa, transitaba por calle 5 de Abril de San Felipe con su ex pareja, momentos en que fueron abordados por el imputado en compa\u00f1\u00eda de un sujeto apodado el \u2018Cara de Tuto\u2019, donde fueron intimidados con un cuchillo. En esos instantes el imputado habr\u00eda trasladado a la muchacha hasta un sitio eriazo para sustraerle su celular y $20.000 que portaba, para luego hacerla desnudarse y realizarle tocaciones de tipo sexual.<\/p>\n<figure id=\"attachment_20020\" aria-describedby=\"caption-attachment-20020\" style=\"width: 300px\" class=\"wp-caption alignleft\"><a href=\"http:\/\/www.eltrabajo.cl\/portal\/2012\/06\/en-prision-preventiva-quedo-el-%e2%80%98chaucha%e2%80%99-formalizado-por-seis-delitos\/silvia-martinez-2\/\" rel=\"attachment wp-att-20020\"><img data-recalc-dims=\"1\" loading=\"lazy\" decoding=\"async\" class=\"size-medium wp-image-20020\" title=\"silvia martinez\" src=\"https:\/\/i0.wp.com\/www.eltrabajo.cl\/portal\/wp-content\/uploads\/2012\/06\/silvia-martinez-300x225.jpg?resize=300%2C225\" alt=\"\" width=\"300\" height=\"225\" srcset=\"https:\/\/i0.wp.com\/eltrabajo.cl\/portal\/wp-content\/uploads\/2012\/06\/silvia-martinez.jpg?resize=300%2C225&amp;ssl=1 300w, https:\/\/i0.wp.com\/eltrabajo.cl\/portal\/wp-content\/uploads\/2012\/06\/silvia-martinez.jpg?resize=200%2C150&amp;ssl=1 200w, https:\/\/i0.wp.com\/eltrabajo.cl\/portal\/wp-content\/uploads\/2012\/06\/silvia-martinez.jpg?resize=150%2C112&amp;ssl=1 150w, https:\/\/i0.wp.com\/eltrabajo.cl\/portal\/wp-content\/uploads\/2012\/06\/silvia-martinez.jpg?resize=400%2C300&amp;ssl=1 400w, https:\/\/i0.wp.com\/eltrabajo.cl\/portal\/wp-content\/uploads\/2012\/06\/silvia-martinez.jpg?w=600&amp;ssl=1 600w\" sizes=\"auto, (max-width: 300px) 100vw, 300px\" \/><\/a><figcaption id=\"caption-attachment-20020\" class=\"wp-caption-text\">Silvia denunci\u00f3 haber sido asaltada y abusada sexualmente en un sitio eriazo, donde el imputado la amenaz\u00f3 de muerte si denunciaba los hechos.<\/figcaption><\/figure>\n<p>En la declaraci\u00f3n de esta muchacha, se\u00f1ala que tras los sucesos el acusado le habr\u00eda dicho: \u201cYo s\u00e9 que vas a dejar a tu hijo todos los d\u00edas al colegio, te voy a violar y matar si me denuncias\u201d, palabras que causaron mucho temor a la v\u00edctima quien puso en antecedentes del caso a Carabineros y la Fiscal\u00eda Local de San Felipe.<\/p>\n<p>A juicio del Ministerio P\u00fablico, los hechos son constitutivos de tres delitos de robo con intimidaci\u00f3n y tres delitos de abusos sexuales en grado de consumado, por lo que el Fiscal Julio Palacios requiri\u00f3 ante el Magistrado Leopoldo Soto la medida cautelar de Prisi\u00f3n Preventiva por representar un peligro para la sociedad y peligro de fuga, dado que la pena m\u00ednima del delito de Robo con Intimidaci\u00f3n parte de los 5 a\u00f1os y un d\u00eda, mientras que el de Abuso Sexual se inicia con una pena de tres a\u00f1os.<\/p>\n<p>A ra\u00edz de lo anterior, el Magistrado de dicho Tribunal acogi\u00f3 el requerimiento presentado por el Ministerio P\u00fablico decretando un plazo de investigaci\u00f3n de 60 d\u00edas para establecer el grado de culpabilidad del acusado, quien posee antecedentes por condenas de robo en bienes nacionales y uso p\u00fablico, receptaci\u00f3n y hurto.<\/p>\n","protected":false},"excerpt":{"rendered":"<p>Pablo Salinas Sald\u00edas &#8211; psalinas@eltrabajo.cl Ante el Juzgado de Garant\u00eda de San Felipe fue formalizado el antisocial de 23 a\u00f1os Alexis A.V.G., conocido como \u2018El Chaucha\u2019, acusado de seis delitos que detall\u00f3&#8230;<\/p>\n","protected":false},"author":482,"featured_media":20019,"comment_status":"open","ping_status":"closed","sticky":false,"template":"","format":"standard","meta":{"advanced_seo_description":"","jetpack_seo_html_title":"","jetpack_seo_noindex":false,"_jetpack_memberships_contains_paid_content":false,"footnotes":""},"categories":[21],"tags":[],"class_list":["post-20017","post","type-post","status-publish","format-standard","has-post-thumbnail","hentry","category-policial"],"jetpack_featured_media_url":"https:\/\/i0.wp.com\/eltrabajo.cl\/portal\/wp-content\/uploads\/2012\/06\/Chaucha.jpg?fit=600%2C450&ssl=1","jetpack_sharing_enabled":true,"jetpack_likes_enabled":true,"jetpack-related-posts":[],"_links":{"self":[{"href":"https:\/\/eltrabajo.cl\/portal\/wp-json\/wp\/v2\/posts\/20017","targetHints":{"allow":["GET"]}}],"collection":[{"href":"https:\/\/eltrabajo.cl\/portal\/wp-json\/wp\/v2\/posts"}],"about":[{"href":"https:\/\/eltrabajo.cl\/portal\/wp-json\/wp\/v2\/types\/post"}],"author":[{"embeddable":true,"href":"https:\/\/eltrabajo.cl\/portal\/wp-json\/wp\/v2\/users\/482"}],"replies":[{"embeddable":true,"href":"https:\/\/eltrabajo.cl\/portal\/wp-json\/wp\/v2\/comments?post=20017"}],"version-history":[{"count":0,"href":"https:\/\/eltrabajo.cl\/portal\/wp-json\/wp\/v2\/posts\/20017\/revisions"}],"wp:featuredmedia":[{"embeddable":true,"href":"https:\/\/eltrabajo.cl\/portal\/wp-json\/wp\/v2\/media\/20019"}],"wp:attachment":[{"href":"https:\/\/eltrabajo.cl\/portal\/wp-json\/wp\/v2\/media?parent=20017"}],"wp:term":[{"taxonomy":"category","embeddable":true,"href":"https:\/\/eltrabajo.cl\/portal\/wp-json\/wp\/v2\/categories?post=20017"},{"taxonomy":"post_tag","embeddable":true,"href":"https:\/\/eltrabajo.cl\/portal\/wp-json\/wp\/v2\/tags?post=20017"}],"curies":[{"name":"wp","href":"https:\/\/api.w.org\/{rel}","templated":true}]}}