{"id":20025,"date":"2012-06-27T10:12:27","date_gmt":"2012-06-27T14:12:27","guid":{"rendered":"http:\/\/www.eltrabajo.cl\/portal\/?p=20025"},"modified":"2012-06-27T10:12:28","modified_gmt":"2012-06-27T14:12:28","slug":"pese-a-nueva-ley-instalan-antena-celular-en-absoluto-silencio-en-chacabuco","status":"publish","type":"post","link":"https:\/\/eltrabajo.cl\/portal\/pese-a-nueva-ley-instalan-antena-celular-en-absoluto-silencio-en-chacabuco\/","title":{"rendered":"Pese a nueva ley, instalan antena celular en absoluto silencio en Chacabuco"},"content":{"rendered":"<figure id=\"attachment_20026\" aria-describedby=\"caption-attachment-20026\" style=\"width: 300px\" class=\"wp-caption alignleft\"><a href=\"http:\/\/www.eltrabajo.cl\/portal\/2012\/06\/pese-a-nueva-ley-instalan-antena-celular-en-absoluto-silencio-en-chacabuco\/antena-tierra\/\" rel=\"attachment wp-att-20026\"><img data-recalc-dims=\"1\" loading=\"lazy\" decoding=\"async\" class=\"size-medium wp-image-20026\" title=\"Antena Tierra\" src=\"https:\/\/i0.wp.com\/www.eltrabajo.cl\/portal\/wp-content\/uploads\/2012\/06\/Antena-Tierra-300x225.jpg?resize=300%2C225\" alt=\"\" width=\"300\" height=\"225\" srcset=\"https:\/\/i0.wp.com\/eltrabajo.cl\/portal\/wp-content\/uploads\/2012\/06\/Antena-Tierra.jpg?resize=300%2C225&amp;ssl=1 300w, https:\/\/i0.wp.com\/eltrabajo.cl\/portal\/wp-content\/uploads\/2012\/06\/Antena-Tierra.jpg?resize=200%2C150&amp;ssl=1 200w, https:\/\/i0.wp.com\/eltrabajo.cl\/portal\/wp-content\/uploads\/2012\/06\/Antena-Tierra.jpg?resize=150%2C112&amp;ssl=1 150w, https:\/\/i0.wp.com\/eltrabajo.cl\/portal\/wp-content\/uploads\/2012\/06\/Antena-Tierra.jpg?resize=400%2C300&amp;ssl=1 400w, https:\/\/i0.wp.com\/eltrabajo.cl\/portal\/wp-content\/uploads\/2012\/06\/Antena-Tierra.jpg?w=600&amp;ssl=1 600w\" sizes=\"auto, (max-width: 300px) 100vw, 300px\" \/><\/a><figcaption id=\"caption-attachment-20026\" class=\"wp-caption-text\">Una empresa brasile\u00f1a inici\u00f3 las obras de excavaci\u00f3n en pleno Estacionamiento Gira, ubicado a pocos metros de la Escuela Jos\u00e9 Manso de Velasco.<\/figcaption><\/figure>\n<ul>\n<li><strong>Aunque la normativa que acaba de entrar en vigencia obliga a las empresas a informar a los vecinos, este martes parti\u00f3 instalaci\u00f3n de antena celular en interior de taller mec\u00e1nico en sector de la Esquina Colorada.<\/strong><\/li>\n<\/ul>\n<p>Roberto Gonz\u00e1lez Short &#8211; <a href=\"mailto:rgonzalez@eltrabajo.cl\">rgonzalez@eltrabajo.cl<\/a><\/p>\n<p>Luego que la ma\u00f1ana de este martes una retroexcavadora iniciara los trabajos para la instalaci\u00f3n de una antena de telefon\u00eda celular, y cuando Diario El Trabajo pidi\u00f3 explicaciones sobre si la empresa cuenta o no con \u2018todos\u2019 los permisos necesarios para instalar dicho dispositivo fijo en el taller mec\u00e1nico Estacionamiento Gira, ubicado en la avenida Chacabuco 337, los empleados que ejecutaban el proyecto se negaron a dar respuesta.<\/p>\n<p>Las razones que \u2018gatillan\u2019 nuestra preocupaci\u00f3n se sostiene precisamente en torno a la desinformaci\u00f3n que la empresa, que corresponder\u00eda a Claro, mantiene sobre su accionar. Seg\u00fan la nueva \u2018Ley de Torres soporte de Antenas\u2019, que se considera en vigencia desde la fecha de publicaci\u00f3n en el Diario Oficial, ocurrida el 11 de junio del 2012, la distancia que debe existir entre la antena y cualquier establecimiento educativo var\u00eda de 50 a 200 metros de distancia, en este caso, la que se est\u00e1 instalando quedar\u00eda a unos dudosos 50 metros de la Escuela Jos\u00e9 Manso de Velasco, centro que cuenta adem\u00e1s con su jard\u00edn parvulario.<\/p>\n<p>&nbsp;<\/p>\n<figure id=\"attachment_20027\" aria-describedby=\"caption-attachment-20027\" style=\"width: 193px\" class=\"wp-caption alignright\"><a href=\"http:\/\/www.eltrabajo.cl\/portal\/2012\/06\/pese-a-nueva-ley-instalan-antena-celular-en-absoluto-silencio-en-chacabuco\/claudio-nail\/\" rel=\"attachment wp-att-20027\"><img data-recalc-dims=\"1\" loading=\"lazy\" decoding=\"async\" class=\"size-medium wp-image-20027 \" title=\"Claudio Nail\" src=\"https:\/\/i0.wp.com\/www.eltrabajo.cl\/portal\/wp-content\/uploads\/2012\/06\/Claudio-Nail-275x300.jpg?resize=193%2C210\" alt=\"\" width=\"193\" height=\"210\" srcset=\"https:\/\/i0.wp.com\/eltrabajo.cl\/portal\/wp-content\/uploads\/2012\/06\/Claudio-Nail.jpg?resize=275%2C300&amp;ssl=1 275w, https:\/\/i0.wp.com\/eltrabajo.cl\/portal\/wp-content\/uploads\/2012\/06\/Claudio-Nail.jpg?resize=137%2C150&amp;ssl=1 137w, https:\/\/i0.wp.com\/eltrabajo.cl\/portal\/wp-content\/uploads\/2012\/06\/Claudio-Nail.jpg?resize=400%2C436&amp;ssl=1 400w, https:\/\/i0.wp.com\/eltrabajo.cl\/portal\/wp-content\/uploads\/2012\/06\/Claudio-Nail.jpg?w=939&amp;ssl=1 939w\" sizes=\"auto, (max-width: 193px) 100vw, 193px\" \/><\/a><figcaption id=\"caption-attachment-20027\" class=\"wp-caption-text\">Claudio Nail, Arquitecto Revisor de la Direcci\u00f3n de Obras.<\/figcaption><\/figure>\n<p>&nbsp;<\/p>\n<p><strong>\u00abNADIE NOS HA NOTIFICADO\u00bb<\/strong><\/p>\n<p>Diario El Trabajo habl\u00f3 con Pedro Hidalgo, Director de la Escuela Jos\u00e9 Manso de Velasco.<\/p>\n<p><strong>&#8211; \u00bfQu\u00e9 opina usted de la instalaci\u00f3n de esta antena a una distancia tan corta de su escuela?<\/strong><\/p>\n<p>&#8211; \u00abLa instalaci\u00f3n de esta antena en las cercan\u00edas de nuestra escuela, estar\u00eda vulnerando todos nuestros derechos como ciudadanos y tambi\u00e9n como establecimiento educacional, pues hay una regulaci\u00f3n por Ley que se establece para estas antenas\u00bb.<\/p>\n<p><strong>&#8211; \u00bfQu\u00e9 sabe usted sobre la Ley de Torres soporte de Antenas?<\/strong><\/p>\n<p>&#8211; \u00abEntiendo que esta Ley establece que todos los vecinos tenemos que ser informados con carta certificada de Notario y consultarnos a todos si hay vialidad o no para este proyecto, ellos no nos han notificado\u00bb.<\/p>\n<p>&nbsp;<\/p>\n<figure id=\"attachment_20029\" aria-describedby=\"caption-attachment-20029\" style=\"width: 210px\" class=\"wp-caption alignleft\"><a href=\"http:\/\/www.eltrabajo.cl\/portal\/2012\/06\/pese-a-nueva-ley-instalan-antena-celular-en-absoluto-silencio-en-chacabuco\/pedro-hidalgo-3\/\" rel=\"attachment wp-att-20029\"><img data-recalc-dims=\"1\" loading=\"lazy\" decoding=\"async\" class=\"size-medium wp-image-20029 \" title=\"Pedro Hidalgo\" src=\"https:\/\/i0.wp.com\/www.eltrabajo.cl\/portal\/wp-content\/uploads\/2012\/06\/Pedro-Hidalgo2-300x245.jpg?resize=210%2C172\" alt=\"\" width=\"210\" height=\"172\" srcset=\"https:\/\/i0.wp.com\/eltrabajo.cl\/portal\/wp-content\/uploads\/2012\/06\/Pedro-Hidalgo2.jpg?resize=300%2C245&amp;ssl=1 300w, https:\/\/i0.wp.com\/eltrabajo.cl\/portal\/wp-content\/uploads\/2012\/06\/Pedro-Hidalgo2.jpg?resize=183%2C150&amp;ssl=1 183w, https:\/\/i0.wp.com\/eltrabajo.cl\/portal\/wp-content\/uploads\/2012\/06\/Pedro-Hidalgo2.jpg?resize=150%2C122&amp;ssl=1 150w, https:\/\/i0.wp.com\/eltrabajo.cl\/portal\/wp-content\/uploads\/2012\/06\/Pedro-Hidalgo2.jpg?resize=400%2C326&amp;ssl=1 400w, https:\/\/i0.wp.com\/eltrabajo.cl\/portal\/wp-content\/uploads\/2012\/06\/Pedro-Hidalgo2.jpg?w=600&amp;ssl=1 600w\" sizes=\"auto, (max-width: 210px) 100vw, 210px\" \/><\/a><figcaption id=\"caption-attachment-20029\" class=\"wp-caption-text\">Pedro Hidalgo, Director de la Escuela Jos\u00e9 Manso de Velasco.<\/figcaption><\/figure>\n<p>&nbsp;<\/p>\n<p><strong>&#8211; \u00bfAlguien o alg\u00fan funcionario municipal les ha informado sobre esta antena?<\/strong><\/p>\n<p>&#8211; \u00abNo. Ning\u00fan funcionario se ha acercado a esta Direcci\u00f3n escolar, ellos (la empresa) conocen perfectamente la Ley y saben que existen prohibiciones de distancia entre las antenas y una escuela como la nuestra, en donde tenemos Jard\u00edn infantil y Educaci\u00f3n B\u00e1sica\u00bb.<\/p>\n<p><strong>&#8211; \u00bfEn qui\u00e9n cree usted que recae la responsabilidad de esta aparente irregularidad?<\/strong><\/p>\n<p>&#8211; \u00abFundamentalmente la responsabilidad en este caso recae en la empresa que est\u00e1 instalando este proyecto de la antena, puesto que hay una Ley en vigencia y ellos, antes de iniciar esto, nunca se comunicaron con sus vecinos, para que nosotros, eventualmente plantear alguna modificaci\u00f3n\u00bb.<\/p>\n<p><strong>JUNTA VECINAL DESINFORMADA<\/strong><\/p>\n<p>Aunque se negaron a ser fotografiados, la Presidente de la Junta Vecinal N\u00ba14, Rosa Rodr\u00edguez, explic\u00f3 a Diario El Trabajo que a ellos, como Junta Vecinal, nadie les ha informado sobre la instalaci\u00f3n de esta antena.<\/p>\n<p>\u00abHasta el momento nadie nos ha informado nada, somos unos 90 socios los que conformamos esta Junta, hasta hoy ninguno de ellos han reclamado formalmente, pero s\u00ed o\u00edmos el rumor sobre esa antena\u00bb, explic\u00f3 Rodr\u00edguez.<\/p>\n<p>Mientras las especulaciones giran en torno a si \u2018todos\u2019 los requisitos ya fueron o no cumplidos para este proyecto.<\/p>\n<p>\u00bfPero qu\u00e9 dice la Municipalidad de San Felipe? \u00bfTienen conocimiento sobre la instalaci\u00f3n de esta antena en este sector urbano?<\/p>\n<p>Nuestro Medio habl\u00f3 con el Arquitecto Revisor Claudio Nail de la Direcci\u00f3n de Obras.<\/p>\n<p>\u00abBueno, tenemos que revisar los antecedentes que hay en nuestro poder para ver si realmente se hizo un \u2018Aviso de Instalaci\u00f3n de Antena\u2019 previo, en virtud de eso podremos dar una respuesta m\u00e1s concreta respecto al caso\u00bb, explic\u00f3 Nail.<\/p>\n<p>El funcionario municipal reconoci\u00f3 estar al tanto de la nueva Ley y hasta se\u00f1al\u00f3 que la participaci\u00f3n ciudadana ser\u00eda vital para la instalaci\u00f3n de dicha antena.<\/p>\n<p>\u00abAnte la normativa antigua, era s\u00f3lo necesario un \u2018Aviso de Instalaci\u00f3n de Antena\u2019, no un permiso, ahora la normativa nueva establece la figura de una participaci\u00f3n ciudadana y de un permiso que da el Municipio, en ese sentido es vital que nosotros revisemos si est\u00e1 hecho o no ese \u2018aviso\u2019\u00bb, detall\u00f3 el Arquitecto municipal, agregando que el d\u00eda de hoy mi\u00e9rcoles, \u00e9l podr\u00eda dar detalles al respecto.<\/p>\n<p>La reciente ley no s\u00f3lo normar\u00e1 las futuras instalaciones, sino que adem\u00e1s exigir\u00e1 su cumplimiento retroactivo y revisar\u00e1 los denominados \u2018bosques de antenas\u2019, es decir, lugares donde hay una alta concentraci\u00f3n de estos dispositivos.<\/p>\n<p>Hasta este momento, ni la Municipalidad ni los propietarios del terreno ni el Gestor a cargo de las obras, han podido o querido dar explicaciones.<\/p>\n<p><strong>Para las zonas urbanas, la empresa deber\u00e1 cumplir con los siguientes requisitos:<\/strong><\/p>\n<p>&#8211; Cuando la torre a construir tenga m\u00e1s de 12 metros de altura:<\/p>\n<p>&#8211; Solicitud de instalaci\u00f3n ante la Direcci\u00f3n de Obras Municipales.<\/p>\n<p>&#8211; Proyecto firmado por profesional competente.<\/p>\n<p>&#8211; Presupuesto del costo total del proyecto.<\/p>\n<p>&#8211; Proyecto de c\u00e1lculo estructural de la torre.<\/p>\n<p>&#8211; Certificado de Correos que acredite la comunicaci\u00f3n por carta certificada a la \u2018Junta de Vecinos\u2019 y propietarios de los inmuebles vecinos al lugar donde se quiere instalar la torre.<\/p>\n<p>&#8211; Propuesta escrita de obras de mejoramiento del espacio p\u00fablico.<\/p>\n<p>&#8211; Certificado de la Direcci\u00f3n General de Aeron\u00e1utica Civil que acredite la altura total de la torre que se pretende emplazar.<\/p>\n<p>&#8211; Certificado de la Subsecretar\u00eda de Telecomunicaciones, que acredite el hecho de haber sido presentada la solicitud de otorgamiento o modificaci\u00f3n de la concesi\u00f3n.<\/p>\n<p>&#8211; Certificado de l\u00ednea oficial e informaciones previas.<\/p>\n","protected":false},"excerpt":{"rendered":"<p>Aunque la normativa que acaba de entrar en vigencia obliga a las empresas a informar a los vecinos, este martes parti\u00f3 instalaci\u00f3n de antena celular en interior de taller mec\u00e1nico en sector&#8230;<\/p>\n","protected":false},"author":482,"featured_media":20026,"comment_status":"open","ping_status":"closed","sticky":false,"template":"","format":"standard","meta":{"advanced_seo_description":"","jetpack_seo_html_title":"","jetpack_seo_noindex":false,"_jetpack_memberships_contains_paid_content":false,"footnotes":""},"categories":[15],"tags":[],"class_list":["post-20025","post","type-post","status-publish","format-standard","has-post-thumbnail","hentry","category-comunidad"],"jetpack_featured_media_url":"https:\/\/i0.wp.com\/eltrabajo.cl\/portal\/wp-content\/uploads\/2012\/06\/Antena-Tierra.jpg?fit=600%2C450&ssl=1","jetpack_sharing_enabled":true,"jetpack_likes_enabled":true,"jetpack-related-posts":[],"_links":{"self":[{"href":"https:\/\/eltrabajo.cl\/portal\/wp-json\/wp\/v2\/posts\/20025","targetHints":{"allow":["GET"]}}],"collection":[{"href":"https:\/\/eltrabajo.cl\/portal\/wp-json\/wp\/v2\/posts"}],"about":[{"href":"https:\/\/eltrabajo.cl\/portal\/wp-json\/wp\/v2\/types\/post"}],"author":[{"embeddable":true,"href":"https:\/\/eltrabajo.cl\/portal\/wp-json\/wp\/v2\/users\/482"}],"replies":[{"embeddable":true,"href":"https:\/\/eltrabajo.cl\/portal\/wp-json\/wp\/v2\/comments?post=20025"}],"version-history":[{"count":0,"href":"https:\/\/eltrabajo.cl\/portal\/wp-json\/wp\/v2\/posts\/20025\/revisions"}],"wp:featuredmedia":[{"embeddable":true,"href":"https:\/\/eltrabajo.cl\/portal\/wp-json\/wp\/v2\/media\/20026"}],"wp:attachment":[{"href":"https:\/\/eltrabajo.cl\/portal\/wp-json\/wp\/v2\/media?parent=20025"}],"wp:term":[{"taxonomy":"category","embeddable":true,"href":"https:\/\/eltrabajo.cl\/portal\/wp-json\/wp\/v2\/categories?post=20025"},{"taxonomy":"post_tag","embeddable":true,"href":"https:\/\/eltrabajo.cl\/portal\/wp-json\/wp\/v2\/tags?post=20025"}],"curies":[{"name":"wp","href":"https:\/\/api.w.org\/{rel}","templated":true}]}}