{"id":20038,"date":"2012-06-28T09:38:10","date_gmt":"2012-06-28T13:38:10","guid":{"rendered":"http:\/\/www.eltrabajo.cl\/portal\/?p=20038"},"modified":"2012-06-28T09:38:10","modified_gmt":"2012-06-28T13:38:10","slug":"seremi-de-obras-publicas-critica-actuar-del-alcalde-guillermo-reyes","status":"publish","type":"post","link":"https:\/\/eltrabajo.cl\/portal\/seremi-de-obras-publicas-critica-actuar-del-alcalde-guillermo-reyes\/","title":{"rendered":"Seremi de Obras P\u00fablicas critica actuar del Alcalde Guillermo Reyes"},"content":{"rendered":"<figure id=\"attachment_20039\" aria-describedby=\"caption-attachment-20039\" style=\"width: 300px\" class=\"wp-caption alignleft\"><a href=\"http:\/\/www.eltrabajo.cl\/portal\/2012\/06\/seremi-de-obras-publicas-critica-actuar-del-alcalde-guillermo-reyes\/seremi-pedro\/\" rel=\"attachment wp-att-20039\"><img data-recalc-dims=\"1\" loading=\"lazy\" decoding=\"async\" class=\"size-medium wp-image-20039\" title=\"Seremi Pedro\" src=\"https:\/\/i0.wp.com\/www.eltrabajo.cl\/portal\/wp-content\/uploads\/2012\/06\/Seremi-Pedro-300x255.jpg?resize=300%2C255\" alt=\"\" width=\"300\" height=\"255\" srcset=\"https:\/\/i0.wp.com\/eltrabajo.cl\/portal\/wp-content\/uploads\/2012\/06\/Seremi-Pedro.jpg?resize=300%2C255&amp;ssl=1 300w, https:\/\/i0.wp.com\/eltrabajo.cl\/portal\/wp-content\/uploads\/2012\/06\/Seremi-Pedro.jpg?resize=176%2C150&amp;ssl=1 176w, https:\/\/i0.wp.com\/eltrabajo.cl\/portal\/wp-content\/uploads\/2012\/06\/Seremi-Pedro.jpg?resize=150%2C127&amp;ssl=1 150w, https:\/\/i0.wp.com\/eltrabajo.cl\/portal\/wp-content\/uploads\/2012\/06\/Seremi-Pedro.jpg?resize=400%2C340&amp;ssl=1 400w, https:\/\/i0.wp.com\/eltrabajo.cl\/portal\/wp-content\/uploads\/2012\/06\/Seremi-Pedro.jpg?w=600&amp;ssl=1 600w\" sizes=\"auto, (max-width: 300px) 100vw, 300px\" \/><\/a><figcaption id=\"caption-attachment-20039\" class=\"wp-caption-text\">Seremi de Obras P\u00fablicas de la Quinta Regi\u00f3n, Pedro Sariego.<\/figcaption><\/figure>\n<p>El Seremi de Obras P\u00fablicas de la Quinta Regi\u00f3n, Pedro Sariego, se\u00f1al\u00f3 en forma tajante, que el agua para el llenado del embalse chacrillas est\u00e1 y ha estado siempre asegurado, aprovechando de criticar las \u00faltimas declaraciones del Alcalde Guillermo Reyes.<\/p>\n<p>La autoridad regional se\u00f1al\u00f3, que le parec\u00edan extra\u00f1as las declaraciones de algunas autoridades locales, las cuales no mencion\u00f3 pero que indudablemente se refer\u00eda al Alcalde Reyes, quienes a su juicio, estar\u00edan haciendo saber y creer a la comunidad que el tema del agua, es un tema apocal\u00edptico y que estar\u00eda en un \u2018punto muerto\u2019, lo que dijo no correspond\u00eda a la realidad y que obedec\u00eda a la cercan\u00eda de las pr\u00f3ximas elecciones municipales.<\/p>\n<p>\u00abTen\u00edamos un acuerdo de trabajar con la contraparte en este tema en conjunto, pero si la contraparte ya llen\u00f3 de banderas negras la comuna; ataca sin misericordia al Gobierno a la Gobernadora, no tiene ning\u00fan sentido y prepara el ambiente para un mundo totalmente negro, que no existe y que no es razonable lo que se ha planteado, al se\u00f1alar que el embalse se quedar\u00e1 sin agua, adem\u00e1s de otro mont\u00f3n de cosas que no tienen ning\u00fan sentido y que tienen que ver m\u00e1s bien con las proximidades de las elecciones municipales, esa es la \u00fanica explicaci\u00f3n que le encuentro a todas estas declaraciones\u00bb, explic\u00f3 Sariego.<\/p>\n<p><strong>\u00bfY los Derechos entregados a Colb\u00fan?<\/strong><\/p>\n<p>\u00abEstos Derechos fueron entregados a una empresa privada sin perjudicar para nada el embalse, este embalse tiene y a tenido siempre asegurada el agua para su llenado, el tema de fondo es la preocupaci\u00f3n de los regantes por las centrales hidroel\u00e9ctricas, ese es el tema de fondo y ese es un tema que deben solucionar los regantes y la empresa Colb\u00fan, donde nosotros como Gobierno, nos comprometimos a construir un embalse para regar m\u00e1s de 7.100 hect\u00e1reas de nuestros agricultores y eso haremos, est\u00e1 totalmente asegurado y no construir centrales hidroel\u00e9ctricas\u00bb, a\u00f1adi\u00f3 el Seremi de Obras P\u00fablicas.<\/p>\n<p>Finalmente Pedro Sariego dijo que se sigue preparando la reuni\u00f3n para la pr\u00f3xima semana, tal cual qued\u00f3 acordada y que apoyar\u00e1 toda reuni\u00f3n que tengan los ejecutivos de Colb\u00fan y la Junta de Vigilancia del R\u00edo Putaendo, para buscar un acuerdo al tema hidroel\u00e9ctrico.<\/p>\n<p><strong>Patricio Gallardo<\/strong><\/p>\n","protected":false},"excerpt":{"rendered":"<p>El Seremi de Obras P\u00fablicas de la Quinta Regi\u00f3n, Pedro Sariego, se\u00f1al\u00f3 en forma tajante, que el agua para el llenado del embalse chacrillas est\u00e1 y ha estado siempre asegurado, aprovechando de&#8230;<\/p>\n","protected":false},"author":482,"featured_media":20039,"comment_status":"open","ping_status":"closed","sticky":false,"template":"","format":"standard","meta":{"advanced_seo_description":"","jetpack_seo_html_title":"","jetpack_seo_noindex":false,"_jetpack_memberships_contains_paid_content":false,"footnotes":""},"categories":[1],"tags":[],"class_list":["post-20038","post","type-post","status-publish","format-standard","has-post-thumbnail","hentry","category-cronica"],"jetpack_featured_media_url":"https:\/\/i0.wp.com\/eltrabajo.cl\/portal\/wp-content\/uploads\/2012\/06\/Seremi-Pedro.jpg?fit=600%2C510&ssl=1","jetpack_sharing_enabled":true,"jetpack_likes_enabled":true,"jetpack-related-posts":[],"_links":{"self":[{"href":"https:\/\/eltrabajo.cl\/portal\/wp-json\/wp\/v2\/posts\/20038","targetHints":{"allow":["GET"]}}],"collection":[{"href":"https:\/\/eltrabajo.cl\/portal\/wp-json\/wp\/v2\/posts"}],"about":[{"href":"https:\/\/eltrabajo.cl\/portal\/wp-json\/wp\/v2\/types\/post"}],"author":[{"embeddable":true,"href":"https:\/\/eltrabajo.cl\/portal\/wp-json\/wp\/v2\/users\/482"}],"replies":[{"embeddable":true,"href":"https:\/\/eltrabajo.cl\/portal\/wp-json\/wp\/v2\/comments?post=20038"}],"version-history":[{"count":0,"href":"https:\/\/eltrabajo.cl\/portal\/wp-json\/wp\/v2\/posts\/20038\/revisions"}],"wp:featuredmedia":[{"embeddable":true,"href":"https:\/\/eltrabajo.cl\/portal\/wp-json\/wp\/v2\/media\/20039"}],"wp:attachment":[{"href":"https:\/\/eltrabajo.cl\/portal\/wp-json\/wp\/v2\/media?parent=20038"}],"wp:term":[{"taxonomy":"category","embeddable":true,"href":"https:\/\/eltrabajo.cl\/portal\/wp-json\/wp\/v2\/categories?post=20038"},{"taxonomy":"post_tag","embeddable":true,"href":"https:\/\/eltrabajo.cl\/portal\/wp-json\/wp\/v2\/tags?post=20038"}],"curies":[{"name":"wp","href":"https:\/\/api.w.org\/{rel}","templated":true}]}}