{"id":20042,"date":"2012-06-28T09:39:58","date_gmt":"2012-06-28T13:39:58","guid":{"rendered":"http:\/\/www.eltrabajo.cl\/portal\/?p=20042"},"modified":"2012-06-28T09:39:58","modified_gmt":"2012-06-28T13:39:58","slug":"unos-300-vecinos-en-primera-manifestacion-por-el-agua-de-putaendo","status":"publish","type":"post","link":"https:\/\/eltrabajo.cl\/portal\/unos-300-vecinos-en-primera-manifestacion-por-el-agua-de-putaendo\/","title":{"rendered":"Unos 300 vecinos en primera manifestaci\u00f3n por el agua de Putaendo"},"content":{"rendered":"<figure id=\"attachment_20043\" aria-describedby=\"caption-attachment-20043\" style=\"width: 600px\" class=\"wp-caption alignnone\"><a href=\"http:\/\/www.eltrabajo.cl\/portal\/2012\/06\/unos-300-vecinos-en-primera-manifestacion-por-el-agua-de-putaendo\/velaton-1\/\" rel=\"attachment wp-att-20043\"><img data-recalc-dims=\"1\" loading=\"lazy\" decoding=\"async\" class=\"size-full wp-image-20043\" title=\"velaton (1)\" src=\"https:\/\/i0.wp.com\/www.eltrabajo.cl\/portal\/wp-content\/uploads\/2012\/06\/velaton-1.jpg?resize=600%2C450\" alt=\"\" width=\"600\" height=\"450\" srcset=\"https:\/\/i0.wp.com\/eltrabajo.cl\/portal\/wp-content\/uploads\/2012\/06\/velaton-1.jpg?w=600&amp;ssl=1 600w, https:\/\/i0.wp.com\/eltrabajo.cl\/portal\/wp-content\/uploads\/2012\/06\/velaton-1.jpg?resize=200%2C150&amp;ssl=1 200w, https:\/\/i0.wp.com\/eltrabajo.cl\/portal\/wp-content\/uploads\/2012\/06\/velaton-1.jpg?resize=300%2C225&amp;ssl=1 300w, https:\/\/i0.wp.com\/eltrabajo.cl\/portal\/wp-content\/uploads\/2012\/06\/velaton-1.jpg?resize=150%2C112&amp;ssl=1 150w, https:\/\/i0.wp.com\/eltrabajo.cl\/portal\/wp-content\/uploads\/2012\/06\/velaton-1.jpg?resize=400%2C300&amp;ssl=1 400w\" sizes=\"auto, (max-width: 600px) 100vw, 600px\" \/><\/a><figcaption id=\"caption-attachment-20043\" class=\"wp-caption-text\">Los manifestantes encendieron velas en el frontis del templo, en una peque\u00f1a velat\u00f3n.<\/figcaption><\/figure>\n<p><strong>PUTAENDO.-<\/strong> En lo que se convirti\u00f3 en la primera actividad enmarcada en la serie de manifestaciones que se desarrollar\u00e1n para reclamar por los derechos de agua entregados a la empresa Colb\u00fan, cerca de 300 vecinos se congregaron la noche de este martes en el frontis del templo parroquial, en una simb\u00f3lica manifestaci\u00f3n presidida por el presb\u00edtero Pedro Salinas.<\/p>\n<figure id=\"attachment_20044\" aria-describedby=\"caption-attachment-20044\" style=\"width: 300px\" class=\"wp-caption alignright\"><a href=\"http:\/\/www.eltrabajo.cl\/portal\/2012\/06\/unos-300-vecinos-en-primera-manifestacion-por-el-agua-de-putaendo\/velaton-2\/\" rel=\"attachment wp-att-20044\"><img data-recalc-dims=\"1\" loading=\"lazy\" decoding=\"async\" class=\"size-medium wp-image-20044\" title=\"velaton (2)\" src=\"https:\/\/i0.wp.com\/www.eltrabajo.cl\/portal\/wp-content\/uploads\/2012\/06\/velaton-2-300x225.jpg?resize=300%2C225\" alt=\"\" width=\"300\" height=\"225\" srcset=\"https:\/\/i0.wp.com\/eltrabajo.cl\/portal\/wp-content\/uploads\/2012\/06\/velaton-2.jpg?resize=300%2C225&amp;ssl=1 300w, https:\/\/i0.wp.com\/eltrabajo.cl\/portal\/wp-content\/uploads\/2012\/06\/velaton-2.jpg?resize=200%2C150&amp;ssl=1 200w, https:\/\/i0.wp.com\/eltrabajo.cl\/portal\/wp-content\/uploads\/2012\/06\/velaton-2.jpg?resize=150%2C112&amp;ssl=1 150w, https:\/\/i0.wp.com\/eltrabajo.cl\/portal\/wp-content\/uploads\/2012\/06\/velaton-2.jpg?resize=400%2C300&amp;ssl=1 400w, https:\/\/i0.wp.com\/eltrabajo.cl\/portal\/wp-content\/uploads\/2012\/06\/velaton-2.jpg?w=600&amp;ssl=1 600w\" sizes=\"auto, (max-width: 300px) 100vw, 300px\" \/><\/a><figcaption id=\"caption-attachment-20044\" class=\"wp-caption-text\">Cerca de 300 vecinos se congregaron la noche de este martes en el frontis del templo parroquial, en una simb\u00f3lica manifestaci\u00f3n presidida por el presb\u00edtero Pedro Salinas.<\/figcaption><\/figure>\n<p>La parroquia San Antonio de Putaendo, tal como se hab\u00eda anunciado, instal\u00f3 un enorme lienzo en el frontis del templo, en el que se puede leer la consigna \u2018El Agua es y ser\u00e1 de Putaendo\u2019, ocasi\u00f3n donde los vecinos de la comuna, en su mayor\u00eda familias, dirigentes sociales, autoridades encabezadas por el Alcalde Guillermo Reyes y la mayor\u00eda de los concejales, representantes de organizaciones, c\u00e1mara de comercio, profesores, estudiantes, temporeros y algunos agricultores, escucharon la intervenci\u00f3n del padre Pedro, quien primeramente llam\u00f3 a una oraci\u00f3n para pedir la intervenci\u00f3n de Dios en este conflicto que calific\u00f3 como \u00abm\u00e1s grave de lo que muchos piensan\u00bb, agregando que todos deben estar detr\u00e1s de esta lucha que es del pueblo y que reiter\u00f3, necesita el apoyo de toda la comunidad.<\/p>\n<p>Quienes participaron de la manifestaci\u00f3n encendieron velas en el frontis del templo, en una peque\u00f1a velat\u00f3n, donde tambi\u00e9n se escuch\u00f3 la intervenci\u00f3n de Miguel Vega, quien a nombre de la Junta de Vigilancia del r\u00edo Putaendo, reiter\u00f3 la gravedad de la situaci\u00f3n, agradeciendo a los presentes y se\u00f1alando que echaba de menos la presencia de m\u00e1s agricultores en un tema que es de toda la comunidad.<\/p>\n<p>Finalmente el Alcalde Guillermo Reyes, en un encendido discurso, hizo una cronolog\u00eda de c\u00f3mo han ocurrido los hechos, reiterando las cr\u00edticas al gobierno y reiterando la voluntad de agotar todos los medios para reclamar de la forma que sea, dejando de lado la violencia, hasta conseguir el objetivo final que es enmendar el grave error que el gobierno cometi\u00f3 al entregar los derechos a Colb\u00fan.<\/p>\n<p>El Padre Pedro Salinas, al entregar la bendici\u00f3n correspondiente, hizo un ferviente llamado a retirarse en forma pac\u00edfica y no manchar con ning\u00fan tipo de desorden este hermoso momento, donde espont\u00e1neamente la mayor parte de los asistentes dio una simb\u00f3lica vuelta por la plaza, donde no hubo insultos y solo se escuchaba la frase hoy patentada \u00abEl agua es y ser\u00e1 de Putaendo\u00bb, finalizando la actividad en absoluta normalidad con la colaboraci\u00f3n en todo momento de personal de Carabineros de la tenencia de Putaendo.<\/p>\n<p><strong>Patricio Gallardo M.<\/strong><\/p>\n","protected":false},"excerpt":{"rendered":"<p>PUTAENDO.- En lo que se convirti\u00f3 en la primera actividad enmarcada en la serie de manifestaciones que se desarrollar\u00e1n para reclamar por los derechos de agua entregados a la empresa Colb\u00fan, cerca&#8230;<\/p>\n","protected":false},"author":482,"featured_media":20043,"comment_status":"open","ping_status":"closed","sticky":false,"template":"","format":"standard","meta":{"advanced_seo_description":"","jetpack_seo_html_title":"","jetpack_seo_noindex":false,"_jetpack_memberships_contains_paid_content":false,"footnotes":""},"categories":[1],"tags":[],"class_list":["post-20042","post","type-post","status-publish","format-standard","has-post-thumbnail","hentry","category-cronica"],"jetpack_featured_media_url":"https:\/\/i0.wp.com\/eltrabajo.cl\/portal\/wp-content\/uploads\/2012\/06\/velaton-1.jpg?fit=600%2C450&ssl=1","jetpack_sharing_enabled":true,"jetpack_likes_enabled":true,"jetpack-related-posts":[],"_links":{"self":[{"href":"https:\/\/eltrabajo.cl\/portal\/wp-json\/wp\/v2\/posts\/20042","targetHints":{"allow":["GET"]}}],"collection":[{"href":"https:\/\/eltrabajo.cl\/portal\/wp-json\/wp\/v2\/posts"}],"about":[{"href":"https:\/\/eltrabajo.cl\/portal\/wp-json\/wp\/v2\/types\/post"}],"author":[{"embeddable":true,"href":"https:\/\/eltrabajo.cl\/portal\/wp-json\/wp\/v2\/users\/482"}],"replies":[{"embeddable":true,"href":"https:\/\/eltrabajo.cl\/portal\/wp-json\/wp\/v2\/comments?post=20042"}],"version-history":[{"count":0,"href":"https:\/\/eltrabajo.cl\/portal\/wp-json\/wp\/v2\/posts\/20042\/revisions"}],"wp:featuredmedia":[{"embeddable":true,"href":"https:\/\/eltrabajo.cl\/portal\/wp-json\/wp\/v2\/media\/20043"}],"wp:attachment":[{"href":"https:\/\/eltrabajo.cl\/portal\/wp-json\/wp\/v2\/media?parent=20042"}],"wp:term":[{"taxonomy":"category","embeddable":true,"href":"https:\/\/eltrabajo.cl\/portal\/wp-json\/wp\/v2\/categories?post=20042"},{"taxonomy":"post_tag","embeddable":true,"href":"https:\/\/eltrabajo.cl\/portal\/wp-json\/wp\/v2\/tags?post=20042"}],"curies":[{"name":"wp","href":"https:\/\/api.w.org\/{rel}","templated":true}]}}