{"id":20047,"date":"2012-06-28T09:41:26","date_gmt":"2012-06-28T13:41:26","guid":{"rendered":"http:\/\/www.eltrabajo.cl\/portal\/?p=20047"},"modified":"2012-06-28T09:41:26","modified_gmt":"2012-06-28T13:41:26","slug":"mujeres-plantearon-sus-dudas-en-seminario-de-prodemu-sobre-prevision-social","status":"publish","type":"post","link":"https:\/\/eltrabajo.cl\/portal\/mujeres-plantearon-sus-dudas-en-seminario-de-prodemu-sobre-prevision-social\/","title":{"rendered":"Mujeres plantearon sus dudas en seminario de Prodemu sobre previsi\u00f3n social"},"content":{"rendered":"<figure id=\"attachment_20048\" aria-describedby=\"caption-attachment-20048\" style=\"width: 600px\" class=\"wp-caption alignnone\"><a href=\"http:\/\/www.eltrabajo.cl\/portal\/2012\/06\/mujeres-plantearon-sus-dudas-en-seminario-de-prodemu-sobre-prevision-social\/participantes-del-curso-9\/\" rel=\"attachment wp-att-20048\"><img data-recalc-dims=\"1\" loading=\"lazy\" decoding=\"async\" class=\"size-full wp-image-20048\" title=\"participantes del curso (9)\" src=\"https:\/\/i0.wp.com\/www.eltrabajo.cl\/portal\/wp-content\/uploads\/2012\/06\/participantes-del-curso-9.jpg?resize=600%2C450\" alt=\"\" width=\"600\" height=\"450\" srcset=\"https:\/\/i0.wp.com\/eltrabajo.cl\/portal\/wp-content\/uploads\/2012\/06\/participantes-del-curso-9.jpg?w=600&amp;ssl=1 600w, https:\/\/i0.wp.com\/eltrabajo.cl\/portal\/wp-content\/uploads\/2012\/06\/participantes-del-curso-9.jpg?resize=200%2C150&amp;ssl=1 200w, https:\/\/i0.wp.com\/eltrabajo.cl\/portal\/wp-content\/uploads\/2012\/06\/participantes-del-curso-9.jpg?resize=300%2C225&amp;ssl=1 300w, https:\/\/i0.wp.com\/eltrabajo.cl\/portal\/wp-content\/uploads\/2012\/06\/participantes-del-curso-9.jpg?resize=150%2C112&amp;ssl=1 150w, https:\/\/i0.wp.com\/eltrabajo.cl\/portal\/wp-content\/uploads\/2012\/06\/participantes-del-curso-9.jpg?resize=400%2C300&amp;ssl=1 400w\" sizes=\"auto, (max-width: 600px) 100vw, 600px\" \/><\/a><figcaption id=\"caption-attachment-20048\" class=\"wp-caption-text\">Alrededor de cincuenta mujeres llegaron al seminario dictado por Prodemu, las que plantearon una importante cantidad de dudas en temas como previsi\u00f3n social.<\/figcaption><\/figure>\n<p>Alrededor de 50 mujeres participaron este mi\u00e9rcoles en el seminario realizado por la fundaci\u00f3n Prodemu en San Felipe.<\/p>\n<p>Se trat\u00f3 de una instancia destinada a capacitar a las asistentes y responder sus consultas respecto especialmente de temas como previsi\u00f3n social, tomando en cuenta que se trata eminentemente de mujeres trabajadoras que se dedican a distintas actividades.<\/p>\n<p>\u201cEst\u00e1bamos viendo la tem\u00e1tica de previsi\u00f3n social, un poco explicando que significa la AFP modelo, hay harta duda respecto a eso, por qu\u00e9 tenemos que inscribirnos cuando reci\u00e9n empezamos a cotizar; tambi\u00e9n se est\u00e1 explicando este programa gigante que tiene el Gobierno con Chile Atiende, cu\u00e1les son los beneficios que va a tener la comunidad y adem\u00e1s el ingreso \u00e9tico familiar y todo lo que eso implica y a quienes corresponde y a quienes no\u201d, dijo la directora provincial, Heidi Serrat.<\/p>\n<p><strong>PARTICIPANTES<\/strong><\/p>\n<p>Este tipo de seminario se enmarca dentro del programa red unida de fundaci\u00f3n Prodemu y las participantes no son mujeres que est\u00e9n habitualmente en los programas que se dictan, sino que son aquellas que cuentan con ficha de protecci\u00f3n social aplicada, que son vulnerables y que no pertenecen a ninguna de las ofertas program\u00e1ticas de ninguno de los otros programas, las que llegan al 1,1% a nivel provincial.<\/p>\n<p><strong>BASTANTES DUDAS<\/strong><\/p>\n<p>La directora provincial se\u00f1al\u00f3 que las asistentes ten\u00edan bastantes dudas sobre los contenidos que se trataron en el seminario, muchas de las cuales se han ido generando a ra\u00edz de las charlas.<\/p>\n<p>\u201cAntes no ten\u00edan conocimientos simplemente y ahora han ido saliendo muchas dudas con respecto a c\u00f3mo ellas pueden mejorar su previsi\u00f3n, su jubilaci\u00f3n, qu\u00e9 herramientas tienen ellas para jugar con sus recursos\u201d, se\u00f1al\u00f3 Serrat.<\/p>\n<p><strong>EXPOSITORES<\/strong><\/p>\n<p>Entre los expositores se cuenta a Denisse Rivera, con la exposici\u00f3n Beneficios previsionales; Nelson Douglas, del IPS, con Chile Atiende; adem\u00e1s del encargado regional del programa Fosis quien explic\u00f3 el ingreso \u00e9tico familiar.<\/p>\n<p>La idea es continuar realizando este tipo de actividades durante el a\u00f1o, tomando en cuenta la cantidad de dudas que presentan las mujeres en estos temas espec\u00edficamente.<\/p>\n<p>\u201cContamos con el apoyo de las autoridades para que nosotros hagamos este tipo de seminario y vamos a seguir durante todo el a\u00f1o, yo creo que una vez al mes o cada dos meses\u201d.<\/p>\n","protected":false},"excerpt":{"rendered":"<p>Alrededor de 50 mujeres participaron este mi\u00e9rcoles en el seminario realizado por la fundaci\u00f3n Prodemu en San Felipe. Se trat\u00f3 de una instancia destinada a capacitar a las asistentes y responder sus&#8230;<\/p>\n","protected":false},"author":482,"featured_media":20048,"comment_status":"open","ping_status":"closed","sticky":false,"template":"","format":"standard","meta":{"advanced_seo_description":"","jetpack_seo_html_title":"","jetpack_seo_noindex":false,"_jetpack_memberships_contains_paid_content":false,"footnotes":""},"categories":[1],"tags":[],"class_list":["post-20047","post","type-post","status-publish","format-standard","has-post-thumbnail","hentry","category-cronica"],"jetpack_featured_media_url":"https:\/\/i0.wp.com\/eltrabajo.cl\/portal\/wp-content\/uploads\/2012\/06\/participantes-del-curso-9.jpg?fit=600%2C450&ssl=1","jetpack_sharing_enabled":true,"jetpack_likes_enabled":true,"jetpack-related-posts":[],"_links":{"self":[{"href":"https:\/\/eltrabajo.cl\/portal\/wp-json\/wp\/v2\/posts\/20047","targetHints":{"allow":["GET"]}}],"collection":[{"href":"https:\/\/eltrabajo.cl\/portal\/wp-json\/wp\/v2\/posts"}],"about":[{"href":"https:\/\/eltrabajo.cl\/portal\/wp-json\/wp\/v2\/types\/post"}],"author":[{"embeddable":true,"href":"https:\/\/eltrabajo.cl\/portal\/wp-json\/wp\/v2\/users\/482"}],"replies":[{"embeddable":true,"href":"https:\/\/eltrabajo.cl\/portal\/wp-json\/wp\/v2\/comments?post=20047"}],"version-history":[{"count":0,"href":"https:\/\/eltrabajo.cl\/portal\/wp-json\/wp\/v2\/posts\/20047\/revisions"}],"wp:featuredmedia":[{"embeddable":true,"href":"https:\/\/eltrabajo.cl\/portal\/wp-json\/wp\/v2\/media\/20048"}],"wp:attachment":[{"href":"https:\/\/eltrabajo.cl\/portal\/wp-json\/wp\/v2\/media?parent=20047"}],"wp:term":[{"taxonomy":"category","embeddable":true,"href":"https:\/\/eltrabajo.cl\/portal\/wp-json\/wp\/v2\/categories?post=20047"},{"taxonomy":"post_tag","embeddable":true,"href":"https:\/\/eltrabajo.cl\/portal\/wp-json\/wp\/v2\/tags?post=20047"}],"curies":[{"name":"wp","href":"https:\/\/api.w.org\/{rel}","templated":true}]}}