{"id":20051,"date":"2012-06-28T09:54:18","date_gmt":"2012-06-28T13:54:18","guid":{"rendered":"http:\/\/www.eltrabajo.cl\/portal\/?p=20051"},"modified":"2012-06-28T09:54:18","modified_gmt":"2012-06-28T13:54:18","slug":"con-sus-paneras-y-%e2%80%98keros%e2%80%99-conquisto-feria-vinamarina-%e2%80%98manos-maestras%e2%80%99","status":"publish","type":"post","link":"https:\/\/eltrabajo.cl\/portal\/con-sus-paneras-y-%e2%80%98keros%e2%80%99-conquisto-feria-vinamarina-%e2%80%98manos-maestras%e2%80%99\/","title":{"rendered":"Con sus paneras y \u2018keros\u2019 conquist\u00f3 feria vi\u00f1amarina \u2018Manos Maestras\u2019"},"content":{"rendered":"<figure id=\"attachment_20052\" aria-describedby=\"caption-attachment-20052\" style=\"width: 600px\" class=\"wp-caption alignnone\"><a href=\"http:\/\/www.eltrabajo.cl\/portal\/2012\/06\/con-sus-paneras-y-%e2%80%98keros%e2%80%99-conquisto-feria-vinamarina-%e2%80%98manos-maestras%e2%80%99\/horno2\/\" rel=\"attachment wp-att-20052\"><img data-recalc-dims=\"1\" loading=\"lazy\" decoding=\"async\" class=\"size-full wp-image-20052\" title=\"Horno2\" src=\"https:\/\/i0.wp.com\/www.eltrabajo.cl\/portal\/wp-content\/uploads\/2012\/06\/Horno2.jpg?resize=600%2C424\" alt=\"\" width=\"600\" height=\"424\" srcset=\"https:\/\/i0.wp.com\/eltrabajo.cl\/portal\/wp-content\/uploads\/2012\/06\/Horno2.jpg?w=600&amp;ssl=1 600w, https:\/\/i0.wp.com\/eltrabajo.cl\/portal\/wp-content\/uploads\/2012\/06\/Horno2.jpg?resize=200%2C141&amp;ssl=1 200w, https:\/\/i0.wp.com\/eltrabajo.cl\/portal\/wp-content\/uploads\/2012\/06\/Horno2.jpg?resize=300%2C212&amp;ssl=1 300w, https:\/\/i0.wp.com\/eltrabajo.cl\/portal\/wp-content\/uploads\/2012\/06\/Horno2.jpg?resize=150%2C106&amp;ssl=1 150w, https:\/\/i0.wp.com\/eltrabajo.cl\/portal\/wp-content\/uploads\/2012\/06\/Horno2.jpg?resize=400%2C282&amp;ssl=1 400w\" sizes=\"auto, (max-width: 600px) 100vw, 600px\" \/><\/a><figcaption id=\"caption-attachment-20052\" class=\"wp-caption-text\">Este es uno de los varios hornos especiales que Bernardo Garrido usa para darle fortaleza y temple a sus creaciones, algunas de ellas son sometidas a m\u00e1s de 1000 grados de temperatura.<\/figcaption><\/figure>\n<p>Roberto Gonz\u00e1lez Short &#8211; <a href=\"mailto:rgonzalez@eltrabajo.cl\">rgonzalez@eltrabajo.cl<\/a><\/p>\n<p>Lleva ya 38 a\u00f1os dando forma y figura a la arcilla que encuentra en el sector de Tabolango, aplicando a la misma la T\u00e9cnica May\u00f3lica; Engobe Precolombina y tambi\u00e9n la T\u00e9cnica en Torno Alfarero. Su nombre es Bernardo Garrido y es un ceramista profesional que hoy nos muestra algunos de sus trabajos en cer\u00e1mica.<\/p>\n<figure id=\"attachment_20054\" aria-describedby=\"caption-attachment-20054\" style=\"width: 300px\" class=\"wp-caption alignright\"><a href=\"http:\/\/www.eltrabajo.cl\/portal\/2012\/06\/con-sus-paneras-y-%e2%80%98keros%e2%80%99-conquisto-feria-vinamarina-%e2%80%98manos-maestras%e2%80%99\/paneras1\/\" rel=\"attachment wp-att-20054\"><img data-recalc-dims=\"1\" loading=\"lazy\" decoding=\"async\" class=\"size-medium wp-image-20054\" title=\"Paneras1\" src=\"https:\/\/i0.wp.com\/www.eltrabajo.cl\/portal\/wp-content\/uploads\/2012\/06\/Paneras1-300x218.jpg?resize=300%2C218\" alt=\"\" width=\"300\" height=\"218\" srcset=\"https:\/\/i0.wp.com\/eltrabajo.cl\/portal\/wp-content\/uploads\/2012\/06\/Paneras1.jpg?resize=300%2C218&amp;ssl=1 300w, https:\/\/i0.wp.com\/eltrabajo.cl\/portal\/wp-content\/uploads\/2012\/06\/Paneras1.jpg?resize=200%2C145&amp;ssl=1 200w, https:\/\/i0.wp.com\/eltrabajo.cl\/portal\/wp-content\/uploads\/2012\/06\/Paneras1.jpg?resize=150%2C109&amp;ssl=1 150w, https:\/\/i0.wp.com\/eltrabajo.cl\/portal\/wp-content\/uploads\/2012\/06\/Paneras1.jpg?resize=400%2C291&amp;ssl=1 400w, https:\/\/i0.wp.com\/eltrabajo.cl\/portal\/wp-content\/uploads\/2012\/06\/Paneras1.jpg?w=600&amp;ssl=1 600w\" sizes=\"auto, (max-width: 300px) 100vw, 300px\" \/><\/a><figcaption id=\"caption-attachment-20054\" class=\"wp-caption-text\">Estas paneras son la sensaci\u00f3n en las ferias en las que Bernardo participa.<\/figcaption><\/figure>\n<p>\u201cMe hice ceramista porque siento gran amor por la tierra y la libertad en esta profesi\u00f3n, en mi trabajo disfruto de gran tranquilidad y s\u00e9 que mi trabajo es un arte de exportaci\u00f3n\u201d, coment\u00f3 a Diario El Trabajo este artista aconcag\u00fcino.<\/p>\n<figure id=\"attachment_20055\" aria-describedby=\"caption-attachment-20055\" style=\"width: 300px\" class=\"wp-caption alignleft\"><a href=\"http:\/\/www.eltrabajo.cl\/portal\/2012\/06\/con-sus-paneras-y-%e2%80%98keros%e2%80%99-conquisto-feria-vinamarina-%e2%80%98manos-maestras%e2%80%99\/plato\/\" rel=\"attachment wp-att-20055\"><img data-recalc-dims=\"1\" loading=\"lazy\" decoding=\"async\" class=\"size-medium wp-image-20055\" title=\"Plato\" src=\"https:\/\/i0.wp.com\/www.eltrabajo.cl\/portal\/wp-content\/uploads\/2012\/06\/Plato-300x269.jpg?resize=300%2C269\" alt=\"\" width=\"300\" height=\"269\" srcset=\"https:\/\/i0.wp.com\/eltrabajo.cl\/portal\/wp-content\/uploads\/2012\/06\/Plato.jpg?resize=300%2C269&amp;ssl=1 300w, https:\/\/i0.wp.com\/eltrabajo.cl\/portal\/wp-content\/uploads\/2012\/06\/Plato.jpg?resize=167%2C150&amp;ssl=1 167w, https:\/\/i0.wp.com\/eltrabajo.cl\/portal\/wp-content\/uploads\/2012\/06\/Plato.jpg?resize=150%2C134&amp;ssl=1 150w, https:\/\/i0.wp.com\/eltrabajo.cl\/portal\/wp-content\/uploads\/2012\/06\/Plato.jpg?resize=400%2C358&amp;ssl=1 400w, https:\/\/i0.wp.com\/eltrabajo.cl\/portal\/wp-content\/uploads\/2012\/06\/Plato.jpg?w=600&amp;ssl=1 600w\" sizes=\"auto, (max-width: 300px) 100vw, 300px\" \/><\/a><figcaption id=\"caption-attachment-20055\" class=\"wp-caption-text\">En estos platos decorativos, Bernardo presenta dibujos de esquinas, plazas y otros paisajes urbanos de nuestro valle.<\/figcaption><\/figure>\n<p>Bernardo es un ceramista que permanece en la Parrilla Superior de Sernatur como uno de los mejores exponentes del Arte Aconcag\u00fcino. Cuenta con el reconocimiento del Consejo Regional de la Cultura y desde 2011 pas\u00f3 a ser uno de los privilegiados que exponen sus creaciones en la destacada y exigente feria \u2018Manos Maestras\u2019 que se desarrolla anualmente en Vi\u00f1a del Mar.<\/p>\n<figure id=\"attachment_20053\" aria-describedby=\"caption-attachment-20053\" style=\"width: 300px\" class=\"wp-caption alignright\"><a href=\"http:\/\/www.eltrabajo.cl\/portal\/2012\/06\/con-sus-paneras-y-%e2%80%98keros%e2%80%99-conquisto-feria-vinamarina-%e2%80%98manos-maestras%e2%80%99\/kero\/\" rel=\"attachment wp-att-20053\"><img data-recalc-dims=\"1\" loading=\"lazy\" decoding=\"async\" class=\"size-medium wp-image-20053\" title=\"Kero\" src=\"https:\/\/i0.wp.com\/www.eltrabajo.cl\/portal\/wp-content\/uploads\/2012\/06\/Kero-300x225.jpg?resize=300%2C225\" alt=\"\" width=\"300\" height=\"225\" srcset=\"https:\/\/i0.wp.com\/eltrabajo.cl\/portal\/wp-content\/uploads\/2012\/06\/Kero.jpg?resize=300%2C225&amp;ssl=1 300w, https:\/\/i0.wp.com\/eltrabajo.cl\/portal\/wp-content\/uploads\/2012\/06\/Kero.jpg?resize=200%2C150&amp;ssl=1 200w, https:\/\/i0.wp.com\/eltrabajo.cl\/portal\/wp-content\/uploads\/2012\/06\/Kero.jpg?resize=150%2C112&amp;ssl=1 150w, https:\/\/i0.wp.com\/eltrabajo.cl\/portal\/wp-content\/uploads\/2012\/06\/Kero.jpg?resize=400%2C300&amp;ssl=1 400w, https:\/\/i0.wp.com\/eltrabajo.cl\/portal\/wp-content\/uploads\/2012\/06\/Kero.jpg?w=600&amp;ssl=1 600w\" sizes=\"auto, (max-width: 300px) 100vw, 300px\" \/><\/a><figcaption id=\"caption-attachment-20053\" class=\"wp-caption-text\">El Kero es un instrumento que se cre\u00f3 en su \u00e9poca para fines ceremoniales y que ahora s\u00f3lo se usan para coleccionistas.<\/figcaption><\/figure>\n<p>\u201cYo fabrico paneras, palmatorias, tazas, copones, platones de murales y Keros, estos \u00faltimos son instrumentos que se crearon en su \u00e9poca para fines religiosos y que ahora s\u00f3lo se usan para coleccionistas y gustos ex\u00f3ticos\u201d, coment\u00f3 Garrido.<\/p>\n<p>Las temperaturas a las que Bernardo somete sus piezas llega a veces hasta los 1.150 grados y la intensidad de la misma depende del producto que se pretende crear. Los productos de Garrido han viajado a Brasil, Canad\u00e1, Francia, Estados Unidos de Norteam\u00e9rica, Irlanda y Chile. Diario El Trabajo te muestra hoy parte de los secretos y trabajos de este ceramista sanfelipe\u00f1o.<\/p>\n","protected":false},"excerpt":{"rendered":"<p>Roberto Gonz\u00e1lez Short &#8211; rgonzalez@eltrabajo.cl Lleva ya 38 a\u00f1os dando forma y figura a la arcilla que encuentra en el sector de Tabolango, aplicando a la misma la T\u00e9cnica May\u00f3lica; Engobe Precolombina&#8230;<\/p>\n","protected":false},"author":482,"featured_media":20052,"comment_status":"open","ping_status":"closed","sticky":false,"template":"","format":"standard","meta":{"advanced_seo_description":"","jetpack_seo_html_title":"","jetpack_seo_noindex":false,"_jetpack_memberships_contains_paid_content":false,"footnotes":""},"categories":[15],"tags":[],"class_list":["post-20051","post","type-post","status-publish","format-standard","has-post-thumbnail","hentry","category-comunidad"],"jetpack_featured_media_url":"https:\/\/i0.wp.com\/eltrabajo.cl\/portal\/wp-content\/uploads\/2012\/06\/Horno2.jpg?fit=600%2C424&ssl=1","jetpack_sharing_enabled":true,"jetpack_likes_enabled":true,"jetpack-related-posts":[],"_links":{"self":[{"href":"https:\/\/eltrabajo.cl\/portal\/wp-json\/wp\/v2\/posts\/20051","targetHints":{"allow":["GET"]}}],"collection":[{"href":"https:\/\/eltrabajo.cl\/portal\/wp-json\/wp\/v2\/posts"}],"about":[{"href":"https:\/\/eltrabajo.cl\/portal\/wp-json\/wp\/v2\/types\/post"}],"author":[{"embeddable":true,"href":"https:\/\/eltrabajo.cl\/portal\/wp-json\/wp\/v2\/users\/482"}],"replies":[{"embeddable":true,"href":"https:\/\/eltrabajo.cl\/portal\/wp-json\/wp\/v2\/comments?post=20051"}],"version-history":[{"count":0,"href":"https:\/\/eltrabajo.cl\/portal\/wp-json\/wp\/v2\/posts\/20051\/revisions"}],"wp:featuredmedia":[{"embeddable":true,"href":"https:\/\/eltrabajo.cl\/portal\/wp-json\/wp\/v2\/media\/20052"}],"wp:attachment":[{"href":"https:\/\/eltrabajo.cl\/portal\/wp-json\/wp\/v2\/media?parent=20051"}],"wp:term":[{"taxonomy":"category","embeddable":true,"href":"https:\/\/eltrabajo.cl\/portal\/wp-json\/wp\/v2\/categories?post=20051"},{"taxonomy":"post_tag","embeddable":true,"href":"https:\/\/eltrabajo.cl\/portal\/wp-json\/wp\/v2\/tags?post=20051"}],"curies":[{"name":"wp","href":"https:\/\/api.w.org\/{rel}","templated":true}]}}