{"id":20064,"date":"2012-06-28T09:57:47","date_gmt":"2012-06-28T13:57:47","guid":{"rendered":"http:\/\/www.eltrabajo.cl\/portal\/?p=20064"},"modified":"2012-06-28T09:57:48","modified_gmt":"2012-06-28T13:57:48","slug":"desde-drogas-y-armas-en-feria-preventiva-organizada-por-senda-previene","status":"publish","type":"post","link":"https:\/\/eltrabajo.cl\/portal\/desde-drogas-y-armas-en-feria-preventiva-organizada-por-senda-previene\/","title":{"rendered":"Desde drogas y armas en feria preventiva organizada por Senda-Previene"},"content":{"rendered":"<figure id=\"attachment_20065\" aria-describedby=\"caption-attachment-20065\" style=\"width: 600px\" class=\"wp-caption alignnone\"><a href=\"http:\/\/www.eltrabajo.cl\/portal\/2012\/06\/desde-drogas-y-armas-en-feria-preventiva-organizada-por-senda-previene\/feria-preventiva-2\/\" rel=\"attachment wp-att-20065\"><img data-recalc-dims=\"1\" loading=\"lazy\" decoding=\"async\" class=\"size-full wp-image-20065\" title=\"feria preventiva (2)\" src=\"https:\/\/i0.wp.com\/www.eltrabajo.cl\/portal\/wp-content\/uploads\/2012\/06\/feria-preventiva-2.jpg?resize=600%2C450\" alt=\"\" width=\"600\" height=\"450\" srcset=\"https:\/\/i0.wp.com\/eltrabajo.cl\/portal\/wp-content\/uploads\/2012\/06\/feria-preventiva-2.jpg?w=600&amp;ssl=1 600w, https:\/\/i0.wp.com\/eltrabajo.cl\/portal\/wp-content\/uploads\/2012\/06\/feria-preventiva-2.jpg?resize=200%2C150&amp;ssl=1 200w, https:\/\/i0.wp.com\/eltrabajo.cl\/portal\/wp-content\/uploads\/2012\/06\/feria-preventiva-2.jpg?resize=300%2C225&amp;ssl=1 300w, https:\/\/i0.wp.com\/eltrabajo.cl\/portal\/wp-content\/uploads\/2012\/06\/feria-preventiva-2.jpg?resize=150%2C112&amp;ssl=1 150w, https:\/\/i0.wp.com\/eltrabajo.cl\/portal\/wp-content\/uploads\/2012\/06\/feria-preventiva-2.jpg?resize=400%2C300&amp;ssl=1 400w\" sizes=\"auto, (max-width: 600px) 100vw, 600px\" \/><\/a><figcaption id=\"caption-attachment-20065\" class=\"wp-caption-text\">En la feria participaron diferentes entidades, generando bastante inter\u00e9s el stand de PDI y Carabineros.<\/figcaption><\/figure>\n<p>Una buena evaluaci\u00f3n tuvo la feria preventiva organizada por Senda-Previene, la que se realiz\u00f3 este martes en la plaza de armas y cont\u00f3 con la participaci\u00f3n de diferentes instituciones.<\/p>\n<p>La iniciativa recibi\u00f3 la visita de un importante n\u00famero de personas que llegaron en horas de la ma\u00f1ana hasta el sector c\u00e9ntrico de la comuna, quienes calificaron como una buena alternativa para fomentar la prevenci\u00f3n en el consumo de drogas.<\/p>\n<figure id=\"attachment_20066\" aria-describedby=\"caption-attachment-20066\" style=\"width: 210px\" class=\"wp-caption alignright\"><a href=\"http:\/\/www.eltrabajo.cl\/portal\/2012\/06\/desde-drogas-y-armas-en-feria-preventiva-organizada-por-senda-previene\/feria-preventiva-viviana-sepulveda\/\" rel=\"attachment wp-att-20066\"><img data-recalc-dims=\"1\" loading=\"lazy\" decoding=\"async\" class=\"size-medium wp-image-20066 \" title=\"feria preventiva viviana sepulveda\" src=\"https:\/\/i0.wp.com\/www.eltrabajo.cl\/portal\/wp-content\/uploads\/2012\/06\/feria-preventiva-viviana-sepulveda-300x223.jpg?resize=210%2C156\" alt=\"\" width=\"210\" height=\"156\" srcset=\"https:\/\/i0.wp.com\/eltrabajo.cl\/portal\/wp-content\/uploads\/2012\/06\/feria-preventiva-viviana-sepulveda.jpg?resize=300%2C223&amp;ssl=1 300w, https:\/\/i0.wp.com\/eltrabajo.cl\/portal\/wp-content\/uploads\/2012\/06\/feria-preventiva-viviana-sepulveda.jpg?resize=200%2C148&amp;ssl=1 200w, https:\/\/i0.wp.com\/eltrabajo.cl\/portal\/wp-content\/uploads\/2012\/06\/feria-preventiva-viviana-sepulveda.jpg?resize=150%2C111&amp;ssl=1 150w, https:\/\/i0.wp.com\/eltrabajo.cl\/portal\/wp-content\/uploads\/2012\/06\/feria-preventiva-viviana-sepulveda.jpg?resize=400%2C297&amp;ssl=1 400w, https:\/\/i0.wp.com\/eltrabajo.cl\/portal\/wp-content\/uploads\/2012\/06\/feria-preventiva-viviana-sepulveda.jpg?w=600&amp;ssl=1 600w\" sizes=\"auto, (max-width: 210px) 100vw, 210px\" \/><\/a><figcaption id=\"caption-attachment-20066\" class=\"wp-caption-text\">Una de las asistentes, Viviana Sep\u00falveda, destac\u00f3 lo importante de que la ciudadan\u00eda se informe sobre el tema de prevenci\u00f3n.<\/figcaption><\/figure>\n<p><strong>PARTICIPANTES<\/strong><\/p>\n<p>En la actividad participaron funcionarios del OS-7 de Carabineros y de la PDI, quienes informaron a los visitantes de la feria sobre los peligros del uso de drogas, stands que generaron el inter\u00e9s de los asistentes, ya que mostraron distintos materiales.<\/p>\n<p>Seg\u00fan explic\u00f3 el encargado de Previene en San Felipe, Albert Lobos, las principales preguntas se concentraron en cu\u00e1les son los centros de tratamiento que existen en la zona y cu\u00e1l es la forma de acceder a la informaci\u00f3n proporcionada por esta entidad, con el objetivo de replicar esa informaci\u00f3n en las comunidades.<\/p>\n<p>Esta feria es realizada durante el a\u00f1o tambi\u00e9n en establecimientos educacionales, la que tiene como objetivo entregar mensajes de prevenci\u00f3n del consumo de drogas a los j\u00f3venes, una actividad bien evaluada ya que busca tener un efecto positivo entre los ni\u00f1os y j\u00f3venes.<\/p>\n<p><strong>CONCURSO DE DIBUJOS<\/strong><\/p>\n<p>Durante la feria adem\u00e1s se premiaron a los participantes del concurso de dibujo, trabajos que llamaron la atenci\u00f3n de los asistentes, tanto por el grado de conocimiento del tema como por las formas que presentaron los ni\u00f1os y j\u00f3venes para prevenir el consumo de drogas.<\/p>\n<p>\u201cNos llam\u00f3 la atenci\u00f3n porque nos llegaron bastantes dibujos, bastante participaci\u00f3n de los establecimientos escolares municipales de la comuna y un tema que nos llam\u00f3 la atenci\u00f3n son los conceptos que los estudiantes ocuparon, dejaron de ocupar el no a las drogas y comenzaron a ocupar el tema de la prevenci\u00f3n que destaca el trabajo en los establecimientos escolares, donde ellos ven que la vida sana tiene que ver con el deporte, con la vida en familia, con aumentar factores protectores\u201d, dijo Lobos.<\/p>\n<p><strong>POSITIVA ACTIVIDAD<\/strong><\/p>\n<p>La actividad fue evaluada como muy positiva por parte de los asistentes. Ese fue el caso de Viviana Sep\u00falveda, quien dijo que era necesario que la ciudadan\u00eda se informe sobre el tema de prevenci\u00f3n.<\/p>\n<p>\u201cEsas actividades ayudan en forma concreta y muchos desconocemos los programas, hasta que no trabajamos en ellos o como podemos entrar a un centro de rehabilitaci\u00f3n, charlas, entonces es importante\u201d.<\/p>\n","protected":false},"excerpt":{"rendered":"<p>Una buena evaluaci\u00f3n tuvo la feria preventiva organizada por Senda-Previene, la que se realiz\u00f3 este martes en la plaza de armas y cont\u00f3 con la participaci\u00f3n de diferentes instituciones. La iniciativa recibi\u00f3&#8230;<\/p>\n","protected":false},"author":482,"featured_media":20065,"comment_status":"open","ping_status":"closed","sticky":false,"template":"","format":"standard","meta":{"advanced_seo_description":"","jetpack_seo_html_title":"","jetpack_seo_noindex":false,"_jetpack_memberships_contains_paid_content":false,"footnotes":""},"categories":[1],"tags":[],"class_list":["post-20064","post","type-post","status-publish","format-standard","has-post-thumbnail","hentry","category-cronica"],"jetpack_featured_media_url":"https:\/\/i0.wp.com\/eltrabajo.cl\/portal\/wp-content\/uploads\/2012\/06\/feria-preventiva-2.jpg?fit=600%2C450&ssl=1","jetpack_sharing_enabled":true,"jetpack_likes_enabled":true,"jetpack-related-posts":[],"_links":{"self":[{"href":"https:\/\/eltrabajo.cl\/portal\/wp-json\/wp\/v2\/posts\/20064","targetHints":{"allow":["GET"]}}],"collection":[{"href":"https:\/\/eltrabajo.cl\/portal\/wp-json\/wp\/v2\/posts"}],"about":[{"href":"https:\/\/eltrabajo.cl\/portal\/wp-json\/wp\/v2\/types\/post"}],"author":[{"embeddable":true,"href":"https:\/\/eltrabajo.cl\/portal\/wp-json\/wp\/v2\/users\/482"}],"replies":[{"embeddable":true,"href":"https:\/\/eltrabajo.cl\/portal\/wp-json\/wp\/v2\/comments?post=20064"}],"version-history":[{"count":0,"href":"https:\/\/eltrabajo.cl\/portal\/wp-json\/wp\/v2\/posts\/20064\/revisions"}],"wp:featuredmedia":[{"embeddable":true,"href":"https:\/\/eltrabajo.cl\/portal\/wp-json\/wp\/v2\/media\/20065"}],"wp:attachment":[{"href":"https:\/\/eltrabajo.cl\/portal\/wp-json\/wp\/v2\/media?parent=20064"}],"wp:term":[{"taxonomy":"category","embeddable":true,"href":"https:\/\/eltrabajo.cl\/portal\/wp-json\/wp\/v2\/categories?post=20064"},{"taxonomy":"post_tag","embeddable":true,"href":"https:\/\/eltrabajo.cl\/portal\/wp-json\/wp\/v2\/tags?post=20064"}],"curies":[{"name":"wp","href":"https:\/\/api.w.org\/{rel}","templated":true}]}}