{"id":20073,"date":"2012-06-28T10:01:57","date_gmt":"2012-06-28T14:01:57","guid":{"rendered":"http:\/\/www.eltrabajo.cl\/portal\/?p=20073"},"modified":"2012-06-28T10:01:57","modified_gmt":"2012-06-28T14:01:57","slug":"jardin-infantil-%e2%80%98sol-naciente%e2%80%99-celebro-el-ano-nuevo-mapuche","status":"publish","type":"post","link":"https:\/\/eltrabajo.cl\/portal\/jardin-infantil-%e2%80%98sol-naciente%e2%80%99-celebro-el-ano-nuevo-mapuche\/","title":{"rendered":"Jard\u00edn Infantil \u2018Sol Naciente\u2019 celebr\u00f3 el A\u00f1o Nuevo Mapuche"},"content":{"rendered":"<figure id=\"attachment_20074\" aria-describedby=\"caption-attachment-20074\" style=\"width: 600px\" class=\"wp-caption alignnone\"><a href=\"http:\/\/www.eltrabajo.cl\/portal\/2012\/06\/jardin-infantil-%e2%80%98sol-naciente%e2%80%99-celebro-el-ano-nuevo-mapuche\/ano-nuevo-mapuche-3\/\" rel=\"attachment wp-att-20074\"><img data-recalc-dims=\"1\" loading=\"lazy\" decoding=\"async\" class=\"size-full wp-image-20074\" title=\"ano nuevo mapuche (3)\" src=\"https:\/\/i0.wp.com\/www.eltrabajo.cl\/portal\/wp-content\/uploads\/2012\/06\/ano-nuevo-mapuche-3.jpg?resize=600%2C450\" alt=\"\" width=\"600\" height=\"450\" srcset=\"https:\/\/i0.wp.com\/eltrabajo.cl\/portal\/wp-content\/uploads\/2012\/06\/ano-nuevo-mapuche-3.jpg?w=600&amp;ssl=1 600w, https:\/\/i0.wp.com\/eltrabajo.cl\/portal\/wp-content\/uploads\/2012\/06\/ano-nuevo-mapuche-3.jpg?resize=200%2C150&amp;ssl=1 200w, https:\/\/i0.wp.com\/eltrabajo.cl\/portal\/wp-content\/uploads\/2012\/06\/ano-nuevo-mapuche-3.jpg?resize=300%2C225&amp;ssl=1 300w, https:\/\/i0.wp.com\/eltrabajo.cl\/portal\/wp-content\/uploads\/2012\/06\/ano-nuevo-mapuche-3.jpg?resize=150%2C112&amp;ssl=1 150w, https:\/\/i0.wp.com\/eltrabajo.cl\/portal\/wp-content\/uploads\/2012\/06\/ano-nuevo-mapuche-3.jpg?resize=400%2C300&amp;ssl=1 400w\" sizes=\"auto, (max-width: 600px) 100vw, 600px\" \/><\/a><figcaption id=\"caption-attachment-20074\" class=\"wp-caption-text\">Este es el segundo a\u00f1o que el jard\u00edn realiza esta actividad, cuyo objetivo es transmitir a los ni\u00f1os las costumbres de los pueblos originarios de Chile.<\/figcaption><\/figure>\n<p>La comunidad escolar del Jard\u00edn Infantil \u2018Sol Naciente\u2019, ubicado en la Villa 250 A\u00f1os de San Felipe, celebr\u00f3 el A\u00f1o Nuevo Mapuche.<\/p>\n<p>En la colorida actividad participaron los ni\u00f1os, las educadoras del establecimiento y los apoderados, recreando las vestimentas, bailes y costumbres aut\u00f3ctonas, adem\u00e1s de la comida t\u00edpica mapuche.<\/p>\n<figure id=\"attachment_20075\" aria-describedby=\"caption-attachment-20075\" style=\"width: 300px\" class=\"wp-caption alignright\"><a href=\"http:\/\/www.eltrabajo.cl\/portal\/2012\/06\/jardin-infantil-%e2%80%98sol-naciente%e2%80%99-celebro-el-ano-nuevo-mapuche\/ano-nuevo-mapuche-2\/\" rel=\"attachment wp-att-20075\"><img data-recalc-dims=\"1\" loading=\"lazy\" decoding=\"async\" class=\"size-medium wp-image-20075\" title=\"ano nuevo mapuche (2)\" src=\"https:\/\/i0.wp.com\/www.eltrabajo.cl\/portal\/wp-content\/uploads\/2012\/06\/ano-nuevo-mapuche-2-300x225.jpg?resize=300%2C225\" alt=\"\" width=\"300\" height=\"225\" srcset=\"https:\/\/i0.wp.com\/eltrabajo.cl\/portal\/wp-content\/uploads\/2012\/06\/ano-nuevo-mapuche-2.jpg?resize=300%2C225&amp;ssl=1 300w, https:\/\/i0.wp.com\/eltrabajo.cl\/portal\/wp-content\/uploads\/2012\/06\/ano-nuevo-mapuche-2.jpg?resize=200%2C150&amp;ssl=1 200w, https:\/\/i0.wp.com\/eltrabajo.cl\/portal\/wp-content\/uploads\/2012\/06\/ano-nuevo-mapuche-2.jpg?resize=150%2C112&amp;ssl=1 150w, https:\/\/i0.wp.com\/eltrabajo.cl\/portal\/wp-content\/uploads\/2012\/06\/ano-nuevo-mapuche-2.jpg?resize=400%2C300&amp;ssl=1 400w, https:\/\/i0.wp.com\/eltrabajo.cl\/portal\/wp-content\/uploads\/2012\/06\/ano-nuevo-mapuche-2.jpg?w=600&amp;ssl=1 600w\" sizes=\"auto, (max-width: 300px) 100vw, 300px\" \/><\/a><figcaption id=\"caption-attachment-20075\" class=\"wp-caption-text\">Los peque\u00f1os se vistieron con los atuendos t\u00edpicos mapuches.<\/figcaption><\/figure>\n<p>La directora del establecimiento, Maritza Cerda Elgueta, se\u00f1al\u00f3 que \u201cpara nosotros es muy importante la inclusi\u00f3n de las diversas culturas, porque sabemos que somos responsables del respeto por la diversidad desde los primeros a\u00f1os de vida\u201d.<\/p>\n<p>Este es el segundo a\u00f1o que el jard\u00edn realiza esta actividad, cuyo objetivo es transmitir a los ni\u00f1os la importancia de preservar las costumbres y conocer a los pueblos originarios de Chile. \u201cComo directora de este jard\u00edn es importante que los ni\u00f1os sepan de d\u00f3nde vienen\u00a0y\u00a0a trav\u00e9s de nuestro programa de educaci\u00f3n intercultural, estamos respondiendo a las demandas de contar con una educaci\u00f3n inclusiva\u201d, concluy\u00f3 la directora.<\/p>\n","protected":false},"excerpt":{"rendered":"<p>La comunidad escolar del Jard\u00edn Infantil \u2018Sol Naciente\u2019, ubicado en la Villa 250 A\u00f1os de San Felipe, celebr\u00f3 el A\u00f1o Nuevo Mapuche. En la colorida actividad participaron los ni\u00f1os, las educadoras del&#8230;<\/p>\n","protected":false},"author":482,"featured_media":20074,"comment_status":"open","ping_status":"closed","sticky":false,"template":"","format":"standard","meta":{"advanced_seo_description":"","jetpack_seo_html_title":"","jetpack_seo_noindex":false,"_jetpack_memberships_contains_paid_content":false,"footnotes":""},"categories":[1],"tags":[],"class_list":["post-20073","post","type-post","status-publish","format-standard","has-post-thumbnail","hentry","category-cronica"],"jetpack_featured_media_url":"https:\/\/i0.wp.com\/eltrabajo.cl\/portal\/wp-content\/uploads\/2012\/06\/ano-nuevo-mapuche-3.jpg?fit=600%2C450&ssl=1","jetpack_sharing_enabled":true,"jetpack_likes_enabled":true,"jetpack-related-posts":[],"_links":{"self":[{"href":"https:\/\/eltrabajo.cl\/portal\/wp-json\/wp\/v2\/posts\/20073","targetHints":{"allow":["GET"]}}],"collection":[{"href":"https:\/\/eltrabajo.cl\/portal\/wp-json\/wp\/v2\/posts"}],"about":[{"href":"https:\/\/eltrabajo.cl\/portal\/wp-json\/wp\/v2\/types\/post"}],"author":[{"embeddable":true,"href":"https:\/\/eltrabajo.cl\/portal\/wp-json\/wp\/v2\/users\/482"}],"replies":[{"embeddable":true,"href":"https:\/\/eltrabajo.cl\/portal\/wp-json\/wp\/v2\/comments?post=20073"}],"version-history":[{"count":0,"href":"https:\/\/eltrabajo.cl\/portal\/wp-json\/wp\/v2\/posts\/20073\/revisions"}],"wp:featuredmedia":[{"embeddable":true,"href":"https:\/\/eltrabajo.cl\/portal\/wp-json\/wp\/v2\/media\/20074"}],"wp:attachment":[{"href":"https:\/\/eltrabajo.cl\/portal\/wp-json\/wp\/v2\/media?parent=20073"}],"wp:term":[{"taxonomy":"category","embeddable":true,"href":"https:\/\/eltrabajo.cl\/portal\/wp-json\/wp\/v2\/categories?post=20073"},{"taxonomy":"post_tag","embeddable":true,"href":"https:\/\/eltrabajo.cl\/portal\/wp-json\/wp\/v2\/tags?post=20073"}],"curies":[{"name":"wp","href":"https:\/\/api.w.org\/{rel}","templated":true}]}}