{"id":20082,"date":"2012-06-28T10:05:19","date_gmt":"2012-06-28T14:05:19","guid":{"rendered":"http:\/\/www.eltrabajo.cl\/portal\/?p=20082"},"modified":"2012-06-28T10:05:19","modified_gmt":"2012-06-28T14:05:19","slug":"con-normalidad-se-desarrollaran-las-clases-en-escuelas-municipales-hoy-jueves","status":"publish","type":"post","link":"https:\/\/eltrabajo.cl\/portal\/con-normalidad-se-desarrollaran-las-clases-en-escuelas-municipales-hoy-jueves\/","title":{"rendered":"Con normalidad se desarrollar\u00e1n las clases en escuelas municipales hoy jueves"},"content":{"rendered":"<p>&nbsp;<\/p>\n<figure id=\"attachment_20084\" aria-describedby=\"caption-attachment-20084\" style=\"width: 600px\" class=\"wp-caption alignnone\"><a href=\"http:\/\/www.eltrabajo.cl\/portal\/2012\/06\/con-normalidad-se-desarrollaran-las-clases-en-escuelas-municipales-hoy-jueves\/maria-isabel-espejo-macarena-costa-jorge-sepulveda-y-maria-miranda-2\/\" rel=\"attachment wp-att-20084\"><img data-recalc-dims=\"1\" loading=\"lazy\" decoding=\"async\" class=\"size-full wp-image-20084\" title=\"Maria Isabel Espejo  Macarena Costa  Jorge Sep\u00falveda y Mar\u00eda Miranda\" src=\"https:\/\/i0.wp.com\/www.eltrabajo.cl\/portal\/wp-content\/uploads\/2012\/06\/Maria-Isabel-Espejo-Macarena-Costa-Jorge-Sep%C3%BAlveda-y-Mar%C3%ADa-Miranda1.jpg?resize=600%2C233\" alt=\"\" width=\"600\" height=\"233\" srcset=\"https:\/\/i0.wp.com\/eltrabajo.cl\/portal\/wp-content\/uploads\/2012\/06\/Maria-Isabel-Espejo-Macarena-Costa-Jorge-Sep%C3%BAlveda-y-Mar%C3%ADa-Miranda1.jpg?w=600&amp;ssl=1 600w, https:\/\/i0.wp.com\/eltrabajo.cl\/portal\/wp-content\/uploads\/2012\/06\/Maria-Isabel-Espejo-Macarena-Costa-Jorge-Sep%C3%BAlveda-y-Mar%C3%ADa-Miranda1.jpg?resize=200%2C77&amp;ssl=1 200w, https:\/\/i0.wp.com\/eltrabajo.cl\/portal\/wp-content\/uploads\/2012\/06\/Maria-Isabel-Espejo-Macarena-Costa-Jorge-Sep%C3%BAlveda-y-Mar%C3%ADa-Miranda1.jpg?resize=300%2C116&amp;ssl=1 300w, https:\/\/i0.wp.com\/eltrabajo.cl\/portal\/wp-content\/uploads\/2012\/06\/Maria-Isabel-Espejo-Macarena-Costa-Jorge-Sep%C3%BAlveda-y-Mar%C3%ADa-Miranda1.jpg?resize=150%2C58&amp;ssl=1 150w, https:\/\/i0.wp.com\/eltrabajo.cl\/portal\/wp-content\/uploads\/2012\/06\/Maria-Isabel-Espejo-Macarena-Costa-Jorge-Sep%C3%BAlveda-y-Mar%C3%ADa-Miranda1.jpg?resize=400%2C155&amp;ssl=1 400w\" sizes=\"auto, (max-width: 600px) 100vw, 600px\" \/><\/a><figcaption id=\"caption-attachment-20084\" class=\"wp-caption-text\">Maria Isabel Espejo, Directora del Liceo de Ni\u00f1as Corina Urbina; Macarena Costa, presidenta del Centro de Alumnas; Jorge Sep\u00falveda, Director Daem, y Mar\u00eda Miranda, presidenta del Centro de Padres, confirmaron que las actividades acad\u00e9micas ser\u00e1n normales.<\/figcaption><\/figure>\n<p>Ante el llamado de dirigentes del Colegio de Profesores a los apoderados, en el sentido de no enviar a sus hijos a clases este jueves 28 de junio, el director de la Daem de San Felipe, Jorge Sep\u00falveda, se\u00f1al\u00f3 que en los establecimientos de dependencia municipal las clases se desarrollar\u00e1n con plena normalidad.<\/p>\n<p>Acompa\u00f1ado de la directora del Liceo de Ni\u00f1as Corina Urbina, Mar\u00eda Isabel Espejo; la presidenta del Centro de Padres, Mar\u00eda Miranda, y la presidenta del Centro de Alumnas, Macarena Costa, el director dijo que ha confirmado en todos los establecimientos que las actividades acad\u00e9micas ser\u00e1n normales.<\/p>\n<p>Sep\u00falveda se\u00f1al\u00f3 que existe un compromiso de la comunidad educativa de no perder clases durante este a\u00f1o. \u00abLos padres y apoderados pueden enviar a sus hijos con plena confianza a clases. Los directores de todos los establecimientos han afirmado que habr\u00e1 clases con normalidad. As\u00ed lo ratifica tambi\u00e9n la presidenta del Centro de Padres, la directora y la Presidenta del Centro de Alumnas del Liceo Corina Urbina\u00bb.<\/p>\n<p>La directora Mar\u00eda Isabel Espejo dijo que \u00aba trav\u00e9s de un consejo escolar extraordinario que hicimos en el mes de marzo, solicitado por el Centro de Padres, se estableci\u00f3 el acuerdo de tener un a\u00f1o escolar de tranquilidad de acuerdo al calendario, porque son las alumnas y los apoderados quienes m\u00e1s impacto tuvieron por la p\u00e9rdida de clases el a\u00f1o pasado\u00bb.<\/p>\n<p>Mar\u00eda Miranda llam\u00f3 a los apoderados a enviar a sus hijas al liceo y asegur\u00f3 que \u00abel a\u00f1o pasado nuestras ni\u00f1as se vieron muy afectadas por la p\u00e9rdida de clases\u00bb.<\/p>\n<p>Macarena Costa, en tanto, llam\u00f3 a sus compa\u00f1eros a asistir al liceo. \u00abHicimos un compromiso de que este a\u00f1o no \u00edbamos a hacer paros ni tomas y ese acuerdo hay que cumplirlo. Adem\u00e1s las demandas que hicimos el a\u00f1o pasado en cuanto a obras de mejoramiento del liceo, se han cumplido\u00bb, concluy\u00f3 la dirigente estudiantil.<\/p>\n","protected":false},"excerpt":{"rendered":"<p>&nbsp; Ante el llamado de dirigentes del Colegio de Profesores a los apoderados, en el sentido de no enviar a sus hijos a clases este jueves 28 de junio, el director de&#8230;<\/p>\n","protected":false},"author":482,"featured_media":20084,"comment_status":"open","ping_status":"closed","sticky":false,"template":"","format":"standard","meta":{"advanced_seo_description":"","jetpack_seo_html_title":"","jetpack_seo_noindex":false,"_jetpack_memberships_contains_paid_content":false,"footnotes":""},"categories":[1],"tags":[],"class_list":["post-20082","post","type-post","status-publish","format-standard","has-post-thumbnail","hentry","category-cronica"],"jetpack_featured_media_url":"https:\/\/i0.wp.com\/eltrabajo.cl\/portal\/wp-content\/uploads\/2012\/06\/Maria-Isabel-Espejo-Macarena-Costa-Jorge-Sep%C3%BAlveda-y-Mar%C3%ADa-Miranda1.jpg?fit=600%2C233&ssl=1","jetpack_sharing_enabled":true,"jetpack_likes_enabled":true,"jetpack-related-posts":[],"_links":{"self":[{"href":"https:\/\/eltrabajo.cl\/portal\/wp-json\/wp\/v2\/posts\/20082","targetHints":{"allow":["GET"]}}],"collection":[{"href":"https:\/\/eltrabajo.cl\/portal\/wp-json\/wp\/v2\/posts"}],"about":[{"href":"https:\/\/eltrabajo.cl\/portal\/wp-json\/wp\/v2\/types\/post"}],"author":[{"embeddable":true,"href":"https:\/\/eltrabajo.cl\/portal\/wp-json\/wp\/v2\/users\/482"}],"replies":[{"embeddable":true,"href":"https:\/\/eltrabajo.cl\/portal\/wp-json\/wp\/v2\/comments?post=20082"}],"version-history":[{"count":0,"href":"https:\/\/eltrabajo.cl\/portal\/wp-json\/wp\/v2\/posts\/20082\/revisions"}],"wp:featuredmedia":[{"embeddable":true,"href":"https:\/\/eltrabajo.cl\/portal\/wp-json\/wp\/v2\/media\/20084"}],"wp:attachment":[{"href":"https:\/\/eltrabajo.cl\/portal\/wp-json\/wp\/v2\/media?parent=20082"}],"wp:term":[{"taxonomy":"category","embeddable":true,"href":"https:\/\/eltrabajo.cl\/portal\/wp-json\/wp\/v2\/categories?post=20082"},{"taxonomy":"post_tag","embeddable":true,"href":"https:\/\/eltrabajo.cl\/portal\/wp-json\/wp\/v2\/tags?post=20082"}],"curies":[{"name":"wp","href":"https:\/\/api.w.org\/{rel}","templated":true}]}}