{"id":20087,"date":"2012-06-28T10:09:19","date_gmt":"2012-06-28T14:09:19","guid":{"rendered":"http:\/\/www.eltrabajo.cl\/portal\/?p=20087"},"modified":"2012-06-28T10:09:19","modified_gmt":"2012-06-28T14:09:19","slug":"a-12-anos-6-meses-efectivos-condenan-a-nicolas-por-muerte-de-tamara","status":"publish","type":"post","link":"https:\/\/eltrabajo.cl\/portal\/a-12-anos-6-meses-efectivos-condenan-a-nicolas-por-muerte-de-tamara\/","title":{"rendered":"A 12 a\u00f1os 6 meses efectivos condenan a Nicol\u00e1s por muerte de Tamara"},"content":{"rendered":"<figure id=\"attachment_20088\" aria-describedby=\"caption-attachment-20088\" style=\"width: 300px\" class=\"wp-caption alignleft\"><a href=\"http:\/\/www.eltrabajo.cl\/portal\/2012\/06\/a-12-anos-6-meses-efectivos-condenan-a-nicolas-por-muerte-de-tamara\/nicolas-gonzalez2\/\" rel=\"attachment wp-att-20088\"><img data-recalc-dims=\"1\" loading=\"lazy\" decoding=\"async\" class=\"size-medium wp-image-20088\" title=\"nicolas gonzalez2\" src=\"https:\/\/i0.wp.com\/www.eltrabajo.cl\/portal\/wp-content\/uploads\/2012\/06\/nicolas-gonzalez2-300x234.jpg?resize=300%2C234\" alt=\"\" width=\"300\" height=\"234\" srcset=\"https:\/\/i0.wp.com\/eltrabajo.cl\/portal\/wp-content\/uploads\/2012\/06\/nicolas-gonzalez2.jpg?resize=300%2C234&amp;ssl=1 300w, https:\/\/i0.wp.com\/eltrabajo.cl\/portal\/wp-content\/uploads\/2012\/06\/nicolas-gonzalez2.jpg?resize=191%2C150&amp;ssl=1 191w, https:\/\/i0.wp.com\/eltrabajo.cl\/portal\/wp-content\/uploads\/2012\/06\/nicolas-gonzalez2.jpg?resize=150%2C117&amp;ssl=1 150w, https:\/\/i0.wp.com\/eltrabajo.cl\/portal\/wp-content\/uploads\/2012\/06\/nicolas-gonzalez2.jpg?resize=400%2C312&amp;ssl=1 400w, https:\/\/i0.wp.com\/eltrabajo.cl\/portal\/wp-content\/uploads\/2012\/06\/nicolas-gonzalez2.jpg?w=600&amp;ssl=1 600w\" sizes=\"auto, (max-width: 300px) 100vw, 300px\" \/><\/a><figcaption id=\"caption-attachment-20088\" class=\"wp-caption-text\">Nicol\u00e1s Gonz\u00e1lez fue condenado a cumplir una pena de 12 a\u00f1os y 6 meses por los delitos de Homicidio Simple y Aborto Violento en perjuicio de Tamara Lepe.<\/figcaption><\/figure>\n<p>Pablo Salinas Sald\u00edas &#8211; <a href=\"mailto:psalinas@eltrabajo.cl\">psalinas@eltrabajo.cl<\/a><\/p>\n<p>El Tribunal Oral en Lo Penal de San Felipe decidi\u00f3 condenar a Nicol\u00e1s Gonz\u00e1lez a cumplir una pena efectiva de 12 a\u00f1os y 6 meses de presidio efectivo y sin goce de beneficios intracarcelarios, por los delitos de Homicidio Simple y Aborto Violento en perjuicio de Tamara Tatiana Lepe, quien falleci\u00f3 producto de indeterminados golpes de pies y pu\u00f1os al interior de su domicilio el pasado 6 de noviembre del a\u00f1o 2011.<\/p>\n<p>De acuerdo a la lectura emitida por la Magistrado Marlys Welsh Chahu\u00e1n, al imputado adem\u00e1s se le conden\u00f3 a la pena accesoria de inhabilitaci\u00f3n absoluto perpetuo para cargos, oficios p\u00fablicos y derechos pol\u00edticos y la de inhabilitaci\u00f3n absoluta para profesiones titulares durante el tiempo de la condena como autor de los delitos consumados de Homicidio Simple y Aborto Violento, incorpor\u00e1ndose su huella gen\u00e9tica en el registro Nacional de ADN.<\/p>\n<p>Conocida la sentencia dictada por el Tribunal, gener\u00f3 bastante sorpresa por parte de la Defensor\u00eda, dado a que estimaban que la condena no superar\u00eda los 10 a\u00f1os y alg\u00fan goce de beneficio intracarcelario, por lo que eventualmente se estima interponer un recurso de nulidad, seg\u00fan manifest\u00f3 el Abogado Defensor Julio \u00c1lvarez: \u201cComprender\u00e1n que es una lectura resumida del fallo, no pudimos saber cuales eran las atenuantes que se acogieron en definitiva y por esa raz\u00f3n vamos a ver cuando nos llegue el texto, ver si se llega a un recurso de nulidad o no. Por parte de este Defensor en particular, seg\u00fan lo que se convers\u00f3 con mi representado, es de la opini\u00f3n de recurrir a la sentencia e interponer un recurso de nulidad. Entendemos que la pena no se ajusta al rango que nosotros estimamos, nosotros siempre entendimos que Nicol\u00e1s debiese ser condenado, nunca se ha rehuido, a nuestro juicio, la pena que debiese aplicarse a Nicol\u00e1s, era una pena de entre un rango de tres a\u00f1os y un d\u00eda hasta un rango de los 10 a\u00f1os, no pens\u00e1bamos que pod\u00eda exceder de 10 a\u00f1os la pena, en este caso s\u00ed excedi\u00f3, as\u00ed que por lo tanto vamos a revisar los antecedentes del fallo y para ver si es posible recurrir a la nulidad de la sentencia\u201d, explic\u00f3 el Profesional.<\/p>\n<figure id=\"attachment_20089\" aria-describedby=\"caption-attachment-20089\" style=\"width: 300px\" class=\"wp-caption alignright\"><a href=\"http:\/\/www.eltrabajo.cl\/portal\/2012\/06\/a-12-anos-6-meses-efectivos-condenan-a-nicolas-por-muerte-de-tamara\/tamara-lepe-4\/\" rel=\"attachment wp-att-20089\"><img data-recalc-dims=\"1\" loading=\"lazy\" decoding=\"async\" class=\"size-medium wp-image-20089\" title=\"TAMARA lepe\" src=\"https:\/\/i0.wp.com\/www.eltrabajo.cl\/portal\/wp-content\/uploads\/2012\/06\/TAMARA-lepe-300x169.jpg?resize=300%2C169\" alt=\"\" width=\"300\" height=\"169\" srcset=\"https:\/\/i0.wp.com\/eltrabajo.cl\/portal\/wp-content\/uploads\/2012\/06\/TAMARA-lepe.jpg?resize=300%2C169&amp;ssl=1 300w, https:\/\/i0.wp.com\/eltrabajo.cl\/portal\/wp-content\/uploads\/2012\/06\/TAMARA-lepe.jpg?resize=200%2C112&amp;ssl=1 200w, https:\/\/i0.wp.com\/eltrabajo.cl\/portal\/wp-content\/uploads\/2012\/06\/TAMARA-lepe.jpg?resize=150%2C84&amp;ssl=1 150w, https:\/\/i0.wp.com\/eltrabajo.cl\/portal\/wp-content\/uploads\/2012\/06\/TAMARA-lepe.jpg?resize=400%2C225&amp;ssl=1 400w, https:\/\/i0.wp.com\/eltrabajo.cl\/portal\/wp-content\/uploads\/2012\/06\/TAMARA-lepe.jpg?w=600&amp;ssl=1 600w\" sizes=\"auto, (max-width: 300px) 100vw, 300px\" \/><\/a><figcaption id=\"caption-attachment-20089\" class=\"wp-caption-text\">Una de las \u00faltimas fotograf\u00edas que Tamara Lepe se tom\u00f3 antes de ser asesinada por su ex pololo, Nicol\u00e1s Gonz\u00e1lez.<\/figcaption><\/figure>\n<p>Consultado por la negativa del Tribunal a que el imputado goce de alg\u00fan beneficio intracarcelario, \u00c1lvarez se refiri\u00f3 a que \u201cestaba dentro de las posibilidades de determinaci\u00f3n de la pena, nosotros estamos haciendo una alegaci\u00f3n completamente fundada como por lo dem\u00e1s han sido todas las alegaciones durante el juicio en base al derecho, y de esa perspectiva la pena que se le impuso a Nicol\u00e1s me parece que no se ajusta a las pretensiones que ten\u00edamos nosotros, pero adem\u00e1s no se ajusta a derecho, porque hasta el momento no sabemos cu\u00e1les son las atenuantes que se acogieron ni el n\u00famero de ellas y que se configuraban claramente cuatro, pero adem\u00e1s apelamos a la entidad de algunas atenuantes particularmente la de haberse entregado y haber confesado el delito y la de colaboraci\u00f3n sustancial para el esclarecimiento de los hechos. A nosotros nos parec\u00eda que estas dos atenuantes eran de una envergadura importante que hac\u00edan merecedor en la rebaja de la pena en dos grados, y por esa raz\u00f3n era que lleg\u00e1bamos a un pena que a nuestro ordenamiento jur\u00eddico permite justamente la concesi\u00f3n de algunos de los beneficios de la Ley 18.216, por lo tanto no est\u00e1bamos haciendo una alegaci\u00f3n que no fuera congruente con lo que est\u00e1bamos se\u00f1alando\u201d, concluy\u00f3 el Defensor.<\/p>\n<figure id=\"attachment_20091\" aria-describedby=\"caption-attachment-20091\" style=\"width: 300px\" class=\"wp-caption alignleft\"><a href=\"http:\/\/www.eltrabajo.cl\/portal\/2012\/06\/a-12-anos-6-meses-efectivos-condenan-a-nicolas-por-muerte-de-tamara\/defensor-julio-alvarez-2\/\" rel=\"attachment wp-att-20091\"><img data-recalc-dims=\"1\" loading=\"lazy\" decoding=\"async\" class=\"size-medium wp-image-20091\" title=\"Defensor Julio Alvarez\" src=\"https:\/\/i0.wp.com\/www.eltrabajo.cl\/portal\/wp-content\/uploads\/2012\/06\/Defensor-Julio-Alvarez1-300x169.jpg?resize=300%2C169\" alt=\"\" width=\"300\" height=\"169\" srcset=\"https:\/\/i0.wp.com\/eltrabajo.cl\/portal\/wp-content\/uploads\/2012\/06\/Defensor-Julio-Alvarez1.jpg?resize=300%2C169&amp;ssl=1 300w, https:\/\/i0.wp.com\/eltrabajo.cl\/portal\/wp-content\/uploads\/2012\/06\/Defensor-Julio-Alvarez1.jpg?resize=200%2C112&amp;ssl=1 200w, https:\/\/i0.wp.com\/eltrabajo.cl\/portal\/wp-content\/uploads\/2012\/06\/Defensor-Julio-Alvarez1.jpg?resize=150%2C84&amp;ssl=1 150w, https:\/\/i0.wp.com\/eltrabajo.cl\/portal\/wp-content\/uploads\/2012\/06\/Defensor-Julio-Alvarez1.jpg?resize=400%2C225&amp;ssl=1 400w, https:\/\/i0.wp.com\/eltrabajo.cl\/portal\/wp-content\/uploads\/2012\/06\/Defensor-Julio-Alvarez1.jpg?w=600&amp;ssl=1 600w\" sizes=\"auto, (max-width: 300px) 100vw, 300px\" \/><\/a><figcaption id=\"caption-attachment-20091\" class=\"wp-caption-text\">El Defensor Julio \u00c1lvarez qued\u00f3 sorprendido por lo elevada de la sentencia.<\/figcaption><\/figure>\n<p><strong>AJUSTADO A DERECHO<\/strong><\/p>\n<p>Asimismo, el Ministerio P\u00fablico representado por el Fiscal Osvaldo Basso Cerda, se\u00f1al\u00f3 que la condena estaba dentro del rango legal respecto a la tipificaci\u00f3n de Homicidio Simple por el cual fue sentenciado Nicol\u00e1s: \u201cDentro de la penalidad que establece el Homicidio Simple, hecho por el cual el Tribunal se inclin\u00f3, la penalidad m\u00e1s alta de este il\u00edcito va de 10 a\u00f1os y un d\u00eda a quince a\u00f1os, en consecuencia estando dentro de ese rango legal que es el presidio mayor en su grado medio, es una pena que seg\u00fan el criterio que ya hab\u00eda esbozado el Tribunal se ajusta a derecho. No obstante, tenemos que revisar el fallo, leerlo, analizarlo y ver todas las razones por las cuales se lleg\u00f3 a ese tipo de pena, sin perjuicio que las penas primitivas del Ministerio P\u00fablico era la establecer un Homicidio Calificado\u201d, puntualiz\u00f3 el persecutor.<\/p>\n<figure id=\"attachment_20090\" aria-describedby=\"caption-attachment-20090\" style=\"width: 300px\" class=\"wp-caption alignright\"><a href=\"http:\/\/www.eltrabajo.cl\/portal\/2012\/06\/a-12-anos-6-meses-efectivos-condenan-a-nicolas-por-muerte-de-tamara\/fiscal-osvaldo-basso-8\/\" rel=\"attachment wp-att-20090\"><img data-recalc-dims=\"1\" loading=\"lazy\" decoding=\"async\" class=\"size-medium wp-image-20090\" title=\"Fiscal Osvaldo Basso\" src=\"https:\/\/i0.wp.com\/www.eltrabajo.cl\/portal\/wp-content\/uploads\/2012\/06\/Fiscal-Osvaldo-Basso1-300x170.jpg?resize=300%2C170\" alt=\"\" width=\"300\" height=\"170\" srcset=\"https:\/\/i0.wp.com\/eltrabajo.cl\/portal\/wp-content\/uploads\/2012\/06\/Fiscal-Osvaldo-Basso1.jpg?resize=300%2C170&amp;ssl=1 300w, https:\/\/i0.wp.com\/eltrabajo.cl\/portal\/wp-content\/uploads\/2012\/06\/Fiscal-Osvaldo-Basso1.jpg?resize=200%2C113&amp;ssl=1 200w, https:\/\/i0.wp.com\/eltrabajo.cl\/portal\/wp-content\/uploads\/2012\/06\/Fiscal-Osvaldo-Basso1.jpg?resize=150%2C85&amp;ssl=1 150w, https:\/\/i0.wp.com\/eltrabajo.cl\/portal\/wp-content\/uploads\/2012\/06\/Fiscal-Osvaldo-Basso1.jpg?resize=400%2C226&amp;ssl=1 400w, https:\/\/i0.wp.com\/eltrabajo.cl\/portal\/wp-content\/uploads\/2012\/06\/Fiscal-Osvaldo-Basso1.jpg?w=600&amp;ssl=1 600w\" sizes=\"auto, (max-width: 300px) 100vw, 300px\" \/><\/a><figcaption id=\"caption-attachment-20090\" class=\"wp-caption-text\">El Fiscal Jefe, Osvaldo Basso, manifest\u00f3 que la sentencia se ajusta a derecho.<\/figcaption><\/figure>\n<p><strong>SIN COMENTARIOS<\/strong><\/p>\n<p>En tanto los familiares, tanto del imputado como de la v\u00edctima, declinaron dar alg\u00fan tipo de declaraci\u00f3n ante los medios de prensa que se encontraban apostados en las dependencias del Tribunal Oral.<\/p>\n<p>Recordemos que Tamara Lepe sufri\u00f3 alrededor de 50 heridas y fracturas tras el horrible ataque de golpes propinados por su ex pololo, Nicol\u00e1s Gonz\u00e1lez. Seg\u00fan el detalle del M\u00e9dico Legista, las m\u00faltiples lesiones contundentes, heridas contusas, p\u00e9rdida de pelo por fracci\u00f3n, laceraciones en la mejilla y p\u00e1rpados, separaci\u00f3n de huesos de la cabeza a la cara, laringe y nariz producto de las fracturas y hemorragias, adem\u00e1s de contusiones en los pulmones, destacando lesiones producidas aparentemente por un estrangulamiento manual, que a juicio del perito todo lo descrito provoca el dolor y sufrimiento a una persona a nivel extremo.<\/p>\n<p>Seg\u00fan los antecedentes entregados por los efectivos policiales que estuvieron en el sitio del suceso, dan cuenta que las lesiones, fracturas y la proyecci\u00f3n de sangre en la pared, se tratar\u00eda de golpes de pies y pu\u00f1os, donde se apreciaba un rostro completamente desfigurado envuelto en sangre y m\u00faltiples hematomas en el resto de su cuerpo, que no dejaba de impresionar el salvajismo que tuvo que sufrir Tamara, sin poder defenderse de su agresor que result\u00f3 ser padre del hijo que esperaba en su vientre la muchacha, sinti\u00e9ndose presionado a pagar una pensi\u00f3n econ\u00f3mica por encontrarse sin trabajo.<\/p>\n<p><strong>PENA RAZONABLE<\/strong><\/p>\n<p>En un comunicado emitido por la Directora Regional del Sernam, Mar\u00eda De Los \u00c1ngeles De La Paz Riveros, manifest\u00f3 su conformidad por la decisi\u00f3n de los jueces: \u201cEsta pena es razonable y est\u00e1 en el rango de lo esperado en virtud de la calificaci\u00f3n del delito. Cabe se\u00f1alar que si bien este no era un femicidio propiamente tal, de acuerdo a lo establecido en la ley, Sernam igual se hizo parte en el proceso pues se trata de un caso de violencia de g\u00e9nero extrema que fue de alta connotaci\u00f3n\u201d, destac\u00f3 la Directora.<\/p>\n","protected":false},"excerpt":{"rendered":"<p>Pablo Salinas Sald\u00edas &#8211; psalinas@eltrabajo.cl El Tribunal Oral en Lo Penal de San Felipe decidi\u00f3 condenar a Nicol\u00e1s Gonz\u00e1lez a cumplir una pena efectiva de 12 a\u00f1os y 6 meses de presidio&#8230;<\/p>\n","protected":false},"author":482,"featured_media":20088,"comment_status":"open","ping_status":"closed","sticky":false,"template":"","format":"standard","meta":{"advanced_seo_description":"","jetpack_seo_html_title":"","jetpack_seo_noindex":false,"_jetpack_memberships_contains_paid_content":false,"footnotes":""},"categories":[21],"tags":[],"class_list":["post-20087","post","type-post","status-publish","format-standard","has-post-thumbnail","hentry","category-policial"],"jetpack_featured_media_url":"https:\/\/i0.wp.com\/eltrabajo.cl\/portal\/wp-content\/uploads\/2012\/06\/nicolas-gonzalez2.jpg?fit=600%2C469&ssl=1","jetpack_sharing_enabled":true,"jetpack_likes_enabled":true,"jetpack-related-posts":[],"_links":{"self":[{"href":"https:\/\/eltrabajo.cl\/portal\/wp-json\/wp\/v2\/posts\/20087","targetHints":{"allow":["GET"]}}],"collection":[{"href":"https:\/\/eltrabajo.cl\/portal\/wp-json\/wp\/v2\/posts"}],"about":[{"href":"https:\/\/eltrabajo.cl\/portal\/wp-json\/wp\/v2\/types\/post"}],"author":[{"embeddable":true,"href":"https:\/\/eltrabajo.cl\/portal\/wp-json\/wp\/v2\/users\/482"}],"replies":[{"embeddable":true,"href":"https:\/\/eltrabajo.cl\/portal\/wp-json\/wp\/v2\/comments?post=20087"}],"version-history":[{"count":0,"href":"https:\/\/eltrabajo.cl\/portal\/wp-json\/wp\/v2\/posts\/20087\/revisions"}],"wp:featuredmedia":[{"embeddable":true,"href":"https:\/\/eltrabajo.cl\/portal\/wp-json\/wp\/v2\/media\/20088"}],"wp:attachment":[{"href":"https:\/\/eltrabajo.cl\/portal\/wp-json\/wp\/v2\/media?parent=20087"}],"wp:term":[{"taxonomy":"category","embeddable":true,"href":"https:\/\/eltrabajo.cl\/portal\/wp-json\/wp\/v2\/categories?post=20087"},{"taxonomy":"post_tag","embeddable":true,"href":"https:\/\/eltrabajo.cl\/portal\/wp-json\/wp\/v2\/tags?post=20087"}],"curies":[{"name":"wp","href":"https:\/\/api.w.org\/{rel}","templated":true}]}}