{"id":20102,"date":"2012-06-29T09:53:18","date_gmt":"2012-06-29T13:53:18","guid":{"rendered":"http:\/\/www.eltrabajo.cl\/portal\/?p=20102"},"modified":"2012-06-29T09:53:18","modified_gmt":"2012-06-29T13:53:18","slug":"junji-y-conaf-fomentan-proteccion-de-los-arboles-desde-el-jardin-infantil","status":"publish","type":"post","link":"https:\/\/eltrabajo.cl\/portal\/junji-y-conaf-fomentan-proteccion-de-los-arboles-desde-el-jardin-infantil\/","title":{"rendered":"Junji y Conaf fomentan protecci\u00f3n de los \u00e1rboles desde el jard\u00edn infantil"},"content":{"rendered":"<figure id=\"attachment_20103\" aria-describedby=\"caption-attachment-20103\" style=\"width: 600px\" class=\"wp-caption alignnone\"><a href=\"http:\/\/www.eltrabajo.cl\/portal\/2012\/06\/junji-y-conaf-fomentan-proteccion-de-los-arboles-desde-el-jardin-infantil\/dia-del-arbol-san-felipe-28\/\" rel=\"attachment wp-att-20103\"><img data-recalc-dims=\"1\" loading=\"lazy\" decoding=\"async\" class=\"size-full wp-image-20103\" title=\"DiA DEL ARBOL SAN FELIPE (28)\" src=\"https:\/\/i0.wp.com\/www.eltrabajo.cl\/portal\/wp-content\/uploads\/2012\/06\/DiA-DEL-ARBOL-SAN-FELIPE-28.jpg?resize=600%2C428\" alt=\"\" width=\"600\" height=\"428\" srcset=\"https:\/\/i0.wp.com\/eltrabajo.cl\/portal\/wp-content\/uploads\/2012\/06\/DiA-DEL-ARBOL-SAN-FELIPE-28.jpg?w=600&amp;ssl=1 600w, https:\/\/i0.wp.com\/eltrabajo.cl\/portal\/wp-content\/uploads\/2012\/06\/DiA-DEL-ARBOL-SAN-FELIPE-28.jpg?resize=200%2C142&amp;ssl=1 200w, https:\/\/i0.wp.com\/eltrabajo.cl\/portal\/wp-content\/uploads\/2012\/06\/DiA-DEL-ARBOL-SAN-FELIPE-28.jpg?resize=300%2C214&amp;ssl=1 300w, https:\/\/i0.wp.com\/eltrabajo.cl\/portal\/wp-content\/uploads\/2012\/06\/DiA-DEL-ARBOL-SAN-FELIPE-28.jpg?resize=150%2C107&amp;ssl=1 150w, https:\/\/i0.wp.com\/eltrabajo.cl\/portal\/wp-content\/uploads\/2012\/06\/DiA-DEL-ARBOL-SAN-FELIPE-28.jpg?resize=400%2C285&amp;ssl=1 400w\" sizes=\"auto, (max-width: 600px) 100vw, 600px\" \/><\/a><figcaption id=\"caption-attachment-20103\" class=\"wp-caption-text\">En el marco de las celebraciones del D\u00eda Mundial del \u00c1rbol, tanto Conaf como Junji reafirmaron su compromiso con el Proyecto Bicentenario de Reforestaci\u00f3n Urbana.<\/figcaption><\/figure>\n<p>Conscientes de la necesidad de proteger el medio ambiente y puntualmente a las especies arb\u00f3reas, que tanto aportan a la oxigenaci\u00f3n del planeta, la Directora Regional de Junji, Evelyn Mansilla, y el Director Regional de Conaf, Pablo Mira, reafirmaron su\u00a0 compromiso con el proyecto Bicentenario de Reforestaci\u00f3n Urbana que ha promovido el Presidente de la Rep\u00fablica Sebasti\u00e1n Pi\u00f1era.<\/p>\n<p>El acuerdo se sell\u00f3 en un concurrido acto realizado en el Liceo Roberto Humeres de San Felipe, en el que participaron m\u00e1s de 200 ni\u00f1os y ni\u00f1as de jardines infantiles que Junji administra y financia en la comuna, en conjunto con alumnos de tercero medio del Liceo de Hombres, quienes llevan adelante un programa de Educaci\u00f3n Ambiental al interior del establecimiento.<\/p>\n<p>El proyecto pretende lograr la plantaci\u00f3n de 17 millones de \u00e1rboles en un periodo de 8 a\u00f1os a partir del 2010, en zonas urbanas y cercanas a las urbes,\u00a0 para mejorar las condiciones ambientales de las ciudades y poblados del pa\u00eds.<\/p>\n<p>En la oportunidad, las autoridades informaron que Conaf entregar\u00e1 229 \u00e1rboles a Junji para que sean plantados y protegidos en los 42 jardines continentales que existen en la regi\u00f3n. Conaf prestar\u00e1 asistencia t\u00e9cnica y capacitaci\u00f3n en tem\u00e1ticas atingentes a la selecci\u00f3n de especies, plantaci\u00f3n y mantenimiento de los \u00e1rboles, y Junji se encargar\u00e1 de promover una cultura ecol\u00f3gica a m\u00e1s de 4 mil ni\u00f1os y ni\u00f1as, adem\u00e1s de sus familias, que conocer\u00e1n la importancia de preservar el medioambiente y de cuidar nuestro entorno.<\/p>\n<p>La Directora Regional de Junji, Evelyn Mansilla, asegur\u00f3 que el compromiso de esa entidad no s\u00f3lo ha permitido fortalecer el servicio educativo que los jardines entregan a los ni\u00f1os y ni\u00f1as de la regi\u00f3n, sino que tambi\u00e9n ha favorecido la promoci\u00f3n de estilos de vida saludable, y la importancia de preservar el entorno donde los p\u00e1rvulos se desenvuelven.<\/p>\n<p>\u201cA trav\u00e9s de este convenio, estamos dando respuesta a la preocupaci\u00f3n del Gobierno de mejorar las condiciones ambientales de las ciudades y poblados del pa\u00eds, adem\u00e1s de aumentar la valoraci\u00f3n de los ciudadanos respecto a la preservaci\u00f3n y cuidado del medioambiente\u201d, indic\u00f3.<\/p>\n<p>Pablo Mira, director de Conaf, se\u00f1al\u00f3 por su parte que \u201chemos trabajado intensamente en estos dos a\u00f1os en la entrega de especies que hemos producido en nuestro vivero de Pe\u00f1uelas, y sin duda trabajar con ni\u00f1os es a mi juicio una de las mejores instancias, ya que est\u00e1n \u00e1vidos de aprender y cooperar con la naturaleza\u201d.<\/p>\n<p>Mira destac\u00f3 adem\u00e1s que \u201cdentro del marco del Programa de Arborizaci\u00f3n, llevamos hasta el minuto m\u00e1s de 80 mil especies entregadas, y estamos en un momento ideal del a\u00f1o para hacer una gran cantidad de entregas, dado que las lluvias nos entregan condiciones especiales para la plantaci\u00f3n\u201d.<\/p>\n<p>&nbsp;<\/p>\n","protected":false},"excerpt":{"rendered":"<p>Conscientes de la necesidad de proteger el medio ambiente y puntualmente a las especies arb\u00f3reas, que tanto aportan a la oxigenaci\u00f3n del planeta, la Directora Regional de Junji, Evelyn Mansilla, y el&#8230;<\/p>\n","protected":false},"author":482,"featured_media":20103,"comment_status":"open","ping_status":"closed","sticky":false,"template":"","format":"standard","meta":{"advanced_seo_description":"","jetpack_seo_html_title":"","jetpack_seo_noindex":false,"_jetpack_memberships_contains_paid_content":false,"footnotes":""},"categories":[15],"tags":[],"class_list":["post-20102","post","type-post","status-publish","format-standard","has-post-thumbnail","hentry","category-comunidad"],"jetpack_featured_media_url":"https:\/\/i0.wp.com\/eltrabajo.cl\/portal\/wp-content\/uploads\/2012\/06\/DiA-DEL-ARBOL-SAN-FELIPE-28.jpg?fit=600%2C428&ssl=1","jetpack_sharing_enabled":true,"jetpack_likes_enabled":true,"jetpack-related-posts":[],"_links":{"self":[{"href":"https:\/\/eltrabajo.cl\/portal\/wp-json\/wp\/v2\/posts\/20102","targetHints":{"allow":["GET"]}}],"collection":[{"href":"https:\/\/eltrabajo.cl\/portal\/wp-json\/wp\/v2\/posts"}],"about":[{"href":"https:\/\/eltrabajo.cl\/portal\/wp-json\/wp\/v2\/types\/post"}],"author":[{"embeddable":true,"href":"https:\/\/eltrabajo.cl\/portal\/wp-json\/wp\/v2\/users\/482"}],"replies":[{"embeddable":true,"href":"https:\/\/eltrabajo.cl\/portal\/wp-json\/wp\/v2\/comments?post=20102"}],"version-history":[{"count":0,"href":"https:\/\/eltrabajo.cl\/portal\/wp-json\/wp\/v2\/posts\/20102\/revisions"}],"wp:featuredmedia":[{"embeddable":true,"href":"https:\/\/eltrabajo.cl\/portal\/wp-json\/wp\/v2\/media\/20103"}],"wp:attachment":[{"href":"https:\/\/eltrabajo.cl\/portal\/wp-json\/wp\/v2\/media?parent=20102"}],"wp:term":[{"taxonomy":"category","embeddable":true,"href":"https:\/\/eltrabajo.cl\/portal\/wp-json\/wp\/v2\/categories?post=20102"},{"taxonomy":"post_tag","embeddable":true,"href":"https:\/\/eltrabajo.cl\/portal\/wp-json\/wp\/v2\/tags?post=20102"}],"curies":[{"name":"wp","href":"https:\/\/api.w.org\/{rel}","templated":true}]}}