{"id":20106,"date":"2012-06-29T10:03:59","date_gmt":"2012-06-29T14:03:59","guid":{"rendered":"http:\/\/www.eltrabajo.cl\/portal\/?p=20106"},"modified":"2012-06-29T10:03:59","modified_gmt":"2012-06-29T14:03:59","slug":"familia-de-artistas-suena-con-volver-a-presentar-acto-de-ilusionismo-%e2%80%98la-mariposa-encantada%e2%80%99","status":"publish","type":"post","link":"https:\/\/eltrabajo.cl\/portal\/familia-de-artistas-suena-con-volver-a-presentar-acto-de-ilusionismo-%e2%80%98la-mariposa-encantada%e2%80%99\/","title":{"rendered":"Familia de artistas sue\u00f1a con volver a presentar acto de ilusionismo \u2018La Mariposa Encantada\u2019"},"content":{"rendered":"<figure id=\"attachment_20107\" aria-describedby=\"caption-attachment-20107\" style=\"width: 600px\" class=\"wp-caption alignnone\"><a href=\"http:\/\/www.eltrabajo.cl\/portal\/2012\/06\/familia-de-artistas-suena-con-volver-a-presentar-acto-de-ilusionismo-%e2%80%98la-mariposa-encantada%e2%80%99\/familia-circo\/\" rel=\"attachment wp-att-20107\"><img data-recalc-dims=\"1\" loading=\"lazy\" decoding=\"async\" class=\"size-full wp-image-20107\" title=\"Familia Circo\" src=\"https:\/\/i0.wp.com\/www.eltrabajo.cl\/portal\/wp-content\/uploads\/2012\/06\/Familia-Circo.jpg?resize=600%2C423\" alt=\"\" width=\"600\" height=\"423\" srcset=\"https:\/\/i0.wp.com\/eltrabajo.cl\/portal\/wp-content\/uploads\/2012\/06\/Familia-Circo.jpg?w=600&amp;ssl=1 600w, https:\/\/i0.wp.com\/eltrabajo.cl\/portal\/wp-content\/uploads\/2012\/06\/Familia-Circo.jpg?resize=200%2C141&amp;ssl=1 200w, https:\/\/i0.wp.com\/eltrabajo.cl\/portal\/wp-content\/uploads\/2012\/06\/Familia-Circo.jpg?resize=300%2C211&amp;ssl=1 300w, https:\/\/i0.wp.com\/eltrabajo.cl\/portal\/wp-content\/uploads\/2012\/06\/Familia-Circo.jpg?resize=150%2C105&amp;ssl=1 150w, https:\/\/i0.wp.com\/eltrabajo.cl\/portal\/wp-content\/uploads\/2012\/06\/Familia-Circo.jpg?resize=400%2C282&amp;ssl=1 400w\" sizes=\"auto, (max-width: 600px) 100vw, 600px\" \/><\/a><figcaption id=\"caption-attachment-20107\" class=\"wp-caption-text\">Aqu\u00ed tenemos a do\u00f1a Norma Lazcano y toda su familia de artistas, ellos piensan reactivar muy pronto el espect\u00e1culo de espejismo.<\/figcaption><\/figure>\n<ul>\n<li><strong>El asombro y los aplausos podr\u00edan nacer de nuevo si reactivan legendario ilusionismo circense en unos meses. Una mariposa con cabeza humana que se posa frente al p\u00fablico, podr\u00eda revolotear por nuestro Valle de Aconcagua.<\/strong><\/li>\n<\/ul>\n<p>Roberto Gonz\u00e1lez Short &#8211; rgonzalez@eltrabajo.cl<\/p>\n<p><strong>\u00a0SANTA MAR\u00cdA.-<\/strong> Cuando el viernes 21 de marzo de 1941, Norma de Lourdes Lazcano Herrera naci\u00f3 en Las Cabras de Santa Mar\u00eda, sus padres jam\u00e1s imaginaron que aquella peque\u00f1a e inquieta ni\u00f1a llegar\u00eda a ser una estrella en el mundo del espect\u00e1culo a nivel nacional e internacional, un estrellato ignorado por la Prensa y olvidado por quienes conocieron sus glorias tras el anonimato.<\/p>\n<p>Se trata de la artista a quien se le prohibi\u00f3 por muchos a\u00f1os revelar su identidad y rostro al p\u00fablico, en virtud de salvar el secretismo propio de sus actividades circenses, mismas que iniciaron desde que ella contaba con apenas catorce a\u00f1os. Hablamos del casi olvidado \u2018Circo Holiday Mariposa Encantada\u2019, que recorri\u00f3 los pueblos de Bolivia, Per\u00fa y Chile; sus protagonistas: vecinos de Las Cabras de Santa Mar\u00eda.<\/p>\n<figure id=\"attachment_20108\" aria-describedby=\"caption-attachment-20108\" style=\"width: 300px\" class=\"wp-caption alignright\"><a href=\"http:\/\/www.eltrabajo.cl\/portal\/2012\/06\/familia-de-artistas-suena-con-volver-a-presentar-acto-de-ilusionismo-%e2%80%98la-mariposa-encantada%e2%80%99\/mariposa1\/\" rel=\"attachment wp-att-20108\"><img data-recalc-dims=\"1\" loading=\"lazy\" decoding=\"async\" class=\"size-medium wp-image-20108\" title=\"Mariposa1\" src=\"https:\/\/i0.wp.com\/www.eltrabajo.cl\/portal\/wp-content\/uploads\/2012\/06\/Mariposa1-300x186.jpg?resize=300%2C186\" alt=\"\" width=\"300\" height=\"186\" srcset=\"https:\/\/i0.wp.com\/eltrabajo.cl\/portal\/wp-content\/uploads\/2012\/06\/Mariposa1.jpg?resize=300%2C186&amp;ssl=1 300w, https:\/\/i0.wp.com\/eltrabajo.cl\/portal\/wp-content\/uploads\/2012\/06\/Mariposa1.jpg?resize=200%2C124&amp;ssl=1 200w, https:\/\/i0.wp.com\/eltrabajo.cl\/portal\/wp-content\/uploads\/2012\/06\/Mariposa1.jpg?resize=150%2C93&amp;ssl=1 150w, https:\/\/i0.wp.com\/eltrabajo.cl\/portal\/wp-content\/uploads\/2012\/06\/Mariposa1.jpg?resize=400%2C248&amp;ssl=1 400w, https:\/\/i0.wp.com\/eltrabajo.cl\/portal\/wp-content\/uploads\/2012\/06\/Mariposa1.jpg?w=600&amp;ssl=1 600w\" sizes=\"auto, (max-width: 300px) 100vw, 300px\" \/><\/a><figcaption id=\"caption-attachment-20108\" class=\"wp-caption-text\">Con estas mantas, \u2018La Mariposa Encantada\u2019 era anunciada en los pueblos a los que estos aconcag\u00fcinos viajaban.<\/figcaption><\/figure>\n<p>Diario El Trabajo habl\u00f3 con esta \u2018Mariposa Encantada\u2019, Norma Lazcano, ahora de 71 a\u00f1os de edad.<\/p>\n<p><strong>&#8211; \u00bfC\u00f3mo se involucr\u00f3 usted en las actividades circenses?<\/strong><\/p>\n<p>&#8211; \u00abCuando el circo lleg\u00f3 en 1954 a San Felipe, se instal\u00f3 frente a la Plaza de Armas, yo ten\u00eda casi los catorce a\u00f1os, a los d\u00edas me dieron trabajo cuidando una guagua, la compa\u00f1\u00eda del circo sigui\u00f3 sus giras en Chile y yo me fui con todos ellos\u00bb.<\/p>\n<p><strong>&#8211; \u00bfCu\u00e1ndo se convierte usted en la \u2018Estrella\u2019 del circo?<\/strong><\/p>\n<figure id=\"attachment_20109\" aria-describedby=\"caption-attachment-20109\" style=\"width: 300px\" class=\"wp-caption alignleft\"><a href=\"http:\/\/www.eltrabajo.cl\/portal\/2012\/06\/familia-de-artistas-suena-con-volver-a-presentar-acto-de-ilusionismo-%e2%80%98la-mariposa-encantada%e2%80%99\/escenario-01\/\" rel=\"attachment wp-att-20109\"><img data-recalc-dims=\"1\" loading=\"lazy\" decoding=\"async\" class=\"size-medium wp-image-20109\" title=\"escenario 01\" src=\"https:\/\/i0.wp.com\/www.eltrabajo.cl\/portal\/wp-content\/uploads\/2012\/06\/escenario-01-300x180.jpg?resize=300%2C180\" alt=\"\" width=\"300\" height=\"180\" srcset=\"https:\/\/i0.wp.com\/eltrabajo.cl\/portal\/wp-content\/uploads\/2012\/06\/escenario-01.jpg?resize=300%2C180&amp;ssl=1 300w, https:\/\/i0.wp.com\/eltrabajo.cl\/portal\/wp-content\/uploads\/2012\/06\/escenario-01.jpg?resize=200%2C120&amp;ssl=1 200w, https:\/\/i0.wp.com\/eltrabajo.cl\/portal\/wp-content\/uploads\/2012\/06\/escenario-01.jpg?resize=150%2C90&amp;ssl=1 150w, https:\/\/i0.wp.com\/eltrabajo.cl\/portal\/wp-content\/uploads\/2012\/06\/escenario-01.jpg?resize=400%2C240&amp;ssl=1 400w, https:\/\/i0.wp.com\/eltrabajo.cl\/portal\/wp-content\/uploads\/2012\/06\/escenario-01.jpg?w=600&amp;ssl=1 600w\" sizes=\"auto, (max-width: 300px) 100vw, 300px\" \/><\/a><figcaption id=\"caption-attachment-20109\" class=\"wp-caption-text\">Ante el asombro del p\u00fablico y en el c\u00edrculo negro, se encuentra nuestra Mariposa Encantada\u2019. Sobre una escalera trucada, flotaba la estrella del circo.<\/figcaption><\/figure>\n<p>&#8211; \u00abAl tiempo me pon\u00edan a cobrar los boletos, yo era una ni\u00f1a muy bella y me pon\u00eda una faldita corta, en 1956, la \u2018Estrella\u2019 del espect\u00e1culo regres\u00f3 a Osorno, su tierra natal, y el due\u00f1o del circo, don Churruco Soto, decidi\u00f3 que yo ser\u00eda la nueva estrella, \u2018La Mariposa Encantada\u2019, yo me sab\u00eda todos los di\u00e1logos\u00bb.<\/p>\n<p><strong>&#8211; \u00bfCu\u00e1l era su papel como \u2018Mariposa\u2019?<\/strong><\/p>\n<p>&#8211; \u00abMi papel era algo impresionante, lo que el p\u00fablico pod\u00eda ver en ese circo, era que una mariposa entraba volando al escenario, no pod\u00edan creer cuando miraban a la mariposa con cabeza humana, yo era esa mariposa, el p\u00fablico pod\u00eda ver mi cabeza en el aire, sin cuerpo; sin manos ni pies, s\u00f3lo una mariposa volando pero con mi rostro\u00bb.<\/p>\n<p><strong>&#8211; \u00bfExactamente qu\u00e9 es lo que dec\u00eda esta \u2018Mariposa Encantada\u2019?<\/strong><\/p>\n<p>&#8211; \u00ab\u2018Talvez mi destino quiso que fuera yo mujer hermosa, pero esta mariposa es causa de un hechizo, fui coqueta en amores, mariposear fue mi vicio, sembrando muchos dolores, amarguras y suplicios. Un d\u00eda un joven Mago que de m\u00ed se enamor\u00f3, por re\u00edrme de su halago en forma cruel se veng\u00f3 y con maligna intenci\u00f3n, mariposa me hizo ser, conservando de mujer, la cara y el coraz\u00f3n\u2019, luego de cantar una melod\u00eda y decir esas palabras, el p\u00fablico pod\u00eda hablar conmigo, preguntarme hasta qu\u00e9 es lo que com\u00eda yo como mariposa\u00bb.<\/p>\n<figure id=\"attachment_20110\" aria-describedby=\"caption-attachment-20110\" style=\"width: 300px\" class=\"wp-caption alignright\"><a href=\"http:\/\/www.eltrabajo.cl\/portal\/2012\/06\/familia-de-artistas-suena-con-volver-a-presentar-acto-de-ilusionismo-%e2%80%98la-mariposa-encantada%e2%80%99\/recuerdos1-2\/\" rel=\"attachment wp-att-20110\"><img data-recalc-dims=\"1\" loading=\"lazy\" decoding=\"async\" class=\"size-medium wp-image-20110\" title=\"Recuerdos1\" src=\"https:\/\/i0.wp.com\/www.eltrabajo.cl\/portal\/wp-content\/uploads\/2012\/06\/Recuerdos1-300x193.jpg?resize=300%2C193\" alt=\"\" width=\"300\" height=\"193\" srcset=\"https:\/\/i0.wp.com\/eltrabajo.cl\/portal\/wp-content\/uploads\/2012\/06\/Recuerdos1.jpg?resize=300%2C193&amp;ssl=1 300w, https:\/\/i0.wp.com\/eltrabajo.cl\/portal\/wp-content\/uploads\/2012\/06\/Recuerdos1.jpg?resize=200%2C129&amp;ssl=1 200w, https:\/\/i0.wp.com\/eltrabajo.cl\/portal\/wp-content\/uploads\/2012\/06\/Recuerdos1.jpg?resize=150%2C96&amp;ssl=1 150w, https:\/\/i0.wp.com\/eltrabajo.cl\/portal\/wp-content\/uploads\/2012\/06\/Recuerdos1.jpg?resize=400%2C258&amp;ssl=1 400w, https:\/\/i0.wp.com\/eltrabajo.cl\/portal\/wp-content\/uploads\/2012\/06\/Recuerdos1.jpg?w=600&amp;ssl=1 600w\" sizes=\"auto, (max-width: 300px) 100vw, 300px\" \/><\/a><figcaption id=\"caption-attachment-20110\" class=\"wp-caption-text\">Norma Lazcano muestra a Diario El Trabajo a todos quienes participaron en esta colosal traves\u00eda, aunque ya pasaron algunos a\u00f1os, pronto podr\u00edamos verla de nueva en acci\u00f3n.<\/figcaption><\/figure>\n<p><strong>&#8211; \u00bfSali\u00f3 usted de Chile como artista de circo?<\/strong><\/p>\n<p>&#8211; \u00abYo me enamor\u00e9 de uno de los hermanos del se\u00f1or Churruco Soto, con \u00e9l tuve a mis ni\u00f1as y al tiempo iniciamos tantos viajes como nos era posible, visitamos decenas de ciudades y regiones de Chile, viajamos a Per\u00fa, ah\u00ed conoc\u00ed muchos pueblitos, tambi\u00e9n viajamos a Bolivia, en ese pa\u00eds \u00e9ramos tambi\u00e9n la sensaci\u00f3n\u00bb.<\/p>\n<p><strong>&#8211; \u00bfEn qu\u00e9 consiste el secreto de la \u2018Mariposa\u2019?<\/strong><\/p>\n<p>&#8211; \u00abBueno, el secreto no lo puedo revelar porque es secreto de nuestro oficio, pero se trataba de crear una ilusi\u00f3n que s\u00f3lo permit\u00eda ver, frente a los espectadores, mi cabeza flotando en el aire, pod\u00edan acercase a m\u00ed, hablar conmigo, pero todo el resto de mi cuerpo era invisible\u00bb.<\/p>\n<p><strong>&#8211; \u00bfEs verdad que a usted le imped\u00edan salir como ser humano tal cual es, a la comunidad?<\/strong><\/p>\n<p>&#8211; \u00abEn el d\u00eda yo no pod\u00eda salir a la comunidad, por a\u00f1os tuve que salir con lentes oscuros y con peluca, pues nadie pod\u00eda saber que en realidad yo era tan humana como ellos, eran tiempos de inocencia que no volver\u00e1n\u00bb.<\/p>\n<p><strong>&#8211; \u00bfToda su familia particip\u00f3 en este circo con usted?<\/strong><\/p>\n<p>&#8211; \u00abS\u00ed. Todas mis hijas participaron con el tiempo, nuestra vida familiar gir\u00f3 siempre en escenarios circenses, aunque ahora ya no estamos actuando, porque me vine para Las Cabras en 1964 para criar a mis hijas de mejor forma\u00bb.<\/p>\n<p><strong>&#8211; \u00bfSe acab\u00f3 para siempre \u2018La Mariposa Encantada\u2019?<\/strong><\/p>\n<p>&#8211; \u00abEstamos pensando en volver a presentar el espect\u00e1culo de La Mariposa Encantada, ser\u00eda una producci\u00f3n mejorada y actualizada a nuestros tiempos, lo har\u00edamos en el nuevo cine que pronto la Municipalidad de Santa Mar\u00eda inaugure, a\u00fan s\u00f3lo es un proyecto, pero lo haremos\u00bb.<\/p>\n<p>Los a\u00f1os que esta familia de artistas populares dedicaron a llevar felicidad, magia e ilusi\u00f3n a los pueblitos de Bolivia, Per\u00fa y Chile, la Prensa nunca les reconoci\u00f3 su val\u00eda, como lo queremos hacer el d\u00eda de hoy en Diario El Trabajo.<\/p>\n<p>En un mundo digitalizado y abrumado por el ruido tecnol\u00f3gico como el nuestro, es la magia y el espejismo de propuestas extintas como \u00e9sta, lo que nos parece lejano y a\u00f1orado por muchos que conocieron\u2026 a la \u2018Mariposa Encantada\u2019, que vive en Las Cabras de Santa Mar\u00eda.<\/p>\n<p>&nbsp;<\/p>\n","protected":false},"excerpt":{"rendered":"<p>El asombro y los aplausos podr\u00edan nacer de nuevo si reactivan legendario ilusionismo circense en unos meses. Una mariposa con cabeza humana que se posa frente al p\u00fablico, podr\u00eda revolotear por nuestro&#8230;<\/p>\n","protected":false},"author":482,"featured_media":20107,"comment_status":"open","ping_status":"closed","sticky":false,"template":"","format":"standard","meta":{"advanced_seo_description":"","jetpack_seo_html_title":"","jetpack_seo_noindex":false,"_jetpack_memberships_contains_paid_content":false,"footnotes":""},"categories":[15],"tags":[],"class_list":["post-20106","post","type-post","status-publish","format-standard","has-post-thumbnail","hentry","category-comunidad"],"jetpack_featured_media_url":"https:\/\/i0.wp.com\/eltrabajo.cl\/portal\/wp-content\/uploads\/2012\/06\/Familia-Circo.jpg?fit=600%2C423&ssl=1","jetpack_sharing_enabled":true,"jetpack_likes_enabled":true,"jetpack-related-posts":[],"_links":{"self":[{"href":"https:\/\/eltrabajo.cl\/portal\/wp-json\/wp\/v2\/posts\/20106","targetHints":{"allow":["GET"]}}],"collection":[{"href":"https:\/\/eltrabajo.cl\/portal\/wp-json\/wp\/v2\/posts"}],"about":[{"href":"https:\/\/eltrabajo.cl\/portal\/wp-json\/wp\/v2\/types\/post"}],"author":[{"embeddable":true,"href":"https:\/\/eltrabajo.cl\/portal\/wp-json\/wp\/v2\/users\/482"}],"replies":[{"embeddable":true,"href":"https:\/\/eltrabajo.cl\/portal\/wp-json\/wp\/v2\/comments?post=20106"}],"version-history":[{"count":0,"href":"https:\/\/eltrabajo.cl\/portal\/wp-json\/wp\/v2\/posts\/20106\/revisions"}],"wp:featuredmedia":[{"embeddable":true,"href":"https:\/\/eltrabajo.cl\/portal\/wp-json\/wp\/v2\/media\/20107"}],"wp:attachment":[{"href":"https:\/\/eltrabajo.cl\/portal\/wp-json\/wp\/v2\/media?parent=20106"}],"wp:term":[{"taxonomy":"category","embeddable":true,"href":"https:\/\/eltrabajo.cl\/portal\/wp-json\/wp\/v2\/categories?post=20106"},{"taxonomy":"post_tag","embeddable":true,"href":"https:\/\/eltrabajo.cl\/portal\/wp-json\/wp\/v2\/tags?post=20106"}],"curies":[{"name":"wp","href":"https:\/\/api.w.org\/{rel}","templated":true}]}}