{"id":20113,"date":"2012-06-29T10:05:21","date_gmt":"2012-06-29T14:05:21","guid":{"rendered":"http:\/\/www.eltrabajo.cl\/portal\/?p=20113"},"modified":"2012-06-29T10:05:21","modified_gmt":"2012-06-29T14:05:21","slug":"nuevo-fiscal-de-delitos-sexuales-en-ministerio-publico-de-san-felipe","status":"publish","type":"post","link":"https:\/\/eltrabajo.cl\/portal\/nuevo-fiscal-de-delitos-sexuales-en-ministerio-publico-de-san-felipe\/","title":{"rendered":"Nuevo Fiscal de Delitos Sexuales en Ministerio P\u00fablico de San Felipe"},"content":{"rendered":"<figure id=\"attachment_20114\" aria-describedby=\"caption-attachment-20114\" style=\"width: 300px\" class=\"wp-caption alignleft\"><a href=\"http:\/\/www.eltrabajo.cl\/portal\/2012\/06\/nuevo-fiscal-de-delitos-sexuales-en-ministerio-publico-de-san-felipe\/fiscal-andres-gallardo\/\" rel=\"attachment wp-att-20114\"><img data-recalc-dims=\"1\" loading=\"lazy\" decoding=\"async\" class=\"size-medium wp-image-20114\" title=\"Fiscal Andres Gallardo\" src=\"https:\/\/i0.wp.com\/www.eltrabajo.cl\/portal\/wp-content\/uploads\/2012\/06\/Fiscal-Andres-Gallardo-300x229.jpg?resize=300%2C229\" alt=\"\" width=\"300\" height=\"229\" srcset=\"https:\/\/i0.wp.com\/eltrabajo.cl\/portal\/wp-content\/uploads\/2012\/06\/Fiscal-Andres-Gallardo.jpg?resize=300%2C229&amp;ssl=1 300w, https:\/\/i0.wp.com\/eltrabajo.cl\/portal\/wp-content\/uploads\/2012\/06\/Fiscal-Andres-Gallardo.jpg?resize=196%2C150&amp;ssl=1 196w, https:\/\/i0.wp.com\/eltrabajo.cl\/portal\/wp-content\/uploads\/2012\/06\/Fiscal-Andres-Gallardo.jpg?resize=150%2C114&amp;ssl=1 150w, https:\/\/i0.wp.com\/eltrabajo.cl\/portal\/wp-content\/uploads\/2012\/06\/Fiscal-Andres-Gallardo.jpg?resize=400%2C305&amp;ssl=1 400w, https:\/\/i0.wp.com\/eltrabajo.cl\/portal\/wp-content\/uploads\/2012\/06\/Fiscal-Andres-Gallardo.jpg?w=600&amp;ssl=1 600w\" sizes=\"auto, (max-width: 300px) 100vw, 300px\" \/><\/a><figcaption id=\"caption-attachment-20114\" class=\"wp-caption-text\">Con mucho entusiasmo inici\u00f3 oficialmente sus funciones como Fiscal de Delitos Sexuales, Andr\u00e9s Gallardo Cerda en el Ministerio P\u00fablico de San Felipe.<\/figcaption><\/figure>\n<p>Pablo Salinas Sald\u00edas &#8211;\u00a0psalinas@eltrabajo.cl<\/p>\n<p>A partir de las 08:00 hrs. de ayer jueves inici\u00f3 oficialmente el nuevo Fiscal que llevar\u00e1 las causas de Delitos Sexuales en el Ministerio P\u00fablico de San Felipe, Andr\u00e9s Alejandro Gallardo Cerda, cuyo puesto se permut\u00f3 con el de la Fiscal Yasmina Aspe quien cumple sus funciones actualmente en la ciudad de Antofagasta.<\/p>\n<p>Andr\u00e9s Gallardo, nacido en la Tercera Regi\u00f3n de nuestro pa\u00eds, realiz\u00f3 su escolaridad en Los Maristas de la comuna de Los Andes, siendo su sue\u00f1o convertirse en abogado. Realiz\u00f3 sus estudios en la Universidad Central en Santiago, desempe\u00f1\u00e1ndose como Defensor P\u00fablico Licitado en la ciudad de Copiap\u00f3 por un per\u00edodo de dos a\u00f1os.<\/p>\n<p>Posteriormente postul\u00f3 a la Fiscal\u00eda de la localidad de Mar\u00eda Elena, quedando inmediatamente designado como Fiscal alrededor de un a\u00f1o, para posteriormente trasladarse hasta Tocopilla y Antofagasta, abordando diversas causas en relaci\u00f3n a delitos de tr\u00e1fico de drogas, abusos sexuales, violaciones, homicidios y robos.<\/p>\n<p>En entrevista con Diario El Trabajo, se mostr\u00f3 impresionado por el alto n\u00famero de delitos sexuales para una ciudad como San Felipe.<\/p>\n<p>\u201cMi familia es de Vi\u00f1a del Mar y significaba volver a mi zona. Ahora me nombraron Fiscal de Delitos Sexuales, investigo, acuso y llevo a Juicio, reci\u00e9n hoy d\u00eda (ayer) asum\u00ed el cargo, ahora tengo que interiorizarme de mis causas que van a ir a Juicio, contactarme con las v\u00edctimas, ver las causas que no van a ir a juicio, investigar las que est\u00e1n y realizar las investigaciones correspondientes. Me llam\u00f3 la atenci\u00f3n que en esta zona hay muchos casos de abusos y violaci\u00f3n de menores para ser tan chica la ciudad\u201d, destac\u00f3 Gallardo.<\/p>\n<p>Asimismo, el Fiscal nos comenta que a pesar que mantiene pocos a\u00f1os su cargo como representante del Ministerio P\u00fablico, ha llevado a juicio connotados casos ocurridos en el norte del pa\u00eds: \u201cEl Fiscal Regional de Antofagasta me design\u00f3 una causa que era un robo calificado donde la v\u00edctima de 80 a\u00f1os due\u00f1o de un emporio qued\u00f3 en estado vegetal, lamentablemente llegaron dos delincuentes que le sustrajeron cien mil pesos para luego golpearlo con una pesa de fierro en la cabeza y el otro lo remat\u00f3 con un fierro. Al comienzo de la investigaci\u00f3n no pod\u00edamos dar con el paradero de los imputados y que posteriormente al llegar a juicio los delincuentes ten\u00edan una versi\u00f3n distinta de los hechos, afortunadamente la pena fue lapidaria y nos dieron la condena que est\u00e1bamos pidiendo, 20 a\u00f1os para cada uno, fue muy trascendente a nivel social a pesar que fue dif\u00edcil la investigaci\u00f3n\u201d, nos comenta.<\/p>\n<p>\u201cTambi\u00e9n recuerdo el caso de una ni\u00f1a de 13 a\u00f1os, fue violada por un sujeto en Mar\u00eda Elena alrededor de las 03:00 de la madrugada, pero hay v\u00edctimas que reaccionan distinto, algunas se defienden, otras gritan, pero hay v\u00edctimas que su forma es quedar paralizadas. Acusamos al sujeto que us\u00f3 la fuerza contra ella para acceder carnalmente y el Tribunal Oral de Antofagasta acogi\u00f3 nuestra tesis y fue condenado, a pesar que en primera instancia el juicio se anul\u00f3 por parte de la Defensa, se volvi\u00f3 a realizar y fue muy relevante porque los hechos ocurrieron en el a\u00f1o 2008 en una localidad peque\u00f1a\u201d, argument\u00f3.<\/p>\n<p>Aunque no han pasado m\u00e1s de 24 horas en su actual cargo, Andr\u00e9s Gallardo se encuentra en proceso de revisi\u00f3n de todos los casos pendientes que a\u00fan est\u00e1n en per\u00edodo de investigaci\u00f3n. A pesar que su arribo en nuestra zona fue el pasado 5 de junio, el persecutor se encontraba con licencia m\u00e9dica tras sufrir de stress laboral que lo mantuvo en reposo bastantes d\u00edas para finalmente con muchas energ\u00edas y buena salud, iniciar sus nuevas funciones en la Fiscal\u00eda Local de San Felipe.<\/p>\n<p>&nbsp;<\/p>\n","protected":false},"excerpt":{"rendered":"<p>Pablo Salinas Sald\u00edas &#8211;\u00a0psalinas@eltrabajo.cl A partir de las 08:00 hrs. de ayer jueves inici\u00f3 oficialmente el nuevo Fiscal que llevar\u00e1 las causas de Delitos Sexuales en el Ministerio P\u00fablico de San Felipe,&#8230;<\/p>\n","protected":false},"author":482,"featured_media":20114,"comment_status":"open","ping_status":"closed","sticky":false,"template":"","format":"standard","meta":{"advanced_seo_description":"","jetpack_seo_html_title":"","jetpack_seo_noindex":false,"_jetpack_memberships_contains_paid_content":false,"footnotes":""},"categories":[1],"tags":[],"class_list":["post-20113","post","type-post","status-publish","format-standard","has-post-thumbnail","hentry","category-cronica"],"jetpack_featured_media_url":"https:\/\/i0.wp.com\/eltrabajo.cl\/portal\/wp-content\/uploads\/2012\/06\/Fiscal-Andres-Gallardo.jpg?fit=600%2C458&ssl=1","jetpack_sharing_enabled":true,"jetpack_likes_enabled":true,"jetpack-related-posts":[],"_links":{"self":[{"href":"https:\/\/eltrabajo.cl\/portal\/wp-json\/wp\/v2\/posts\/20113","targetHints":{"allow":["GET"]}}],"collection":[{"href":"https:\/\/eltrabajo.cl\/portal\/wp-json\/wp\/v2\/posts"}],"about":[{"href":"https:\/\/eltrabajo.cl\/portal\/wp-json\/wp\/v2\/types\/post"}],"author":[{"embeddable":true,"href":"https:\/\/eltrabajo.cl\/portal\/wp-json\/wp\/v2\/users\/482"}],"replies":[{"embeddable":true,"href":"https:\/\/eltrabajo.cl\/portal\/wp-json\/wp\/v2\/comments?post=20113"}],"version-history":[{"count":0,"href":"https:\/\/eltrabajo.cl\/portal\/wp-json\/wp\/v2\/posts\/20113\/revisions"}],"wp:featuredmedia":[{"embeddable":true,"href":"https:\/\/eltrabajo.cl\/portal\/wp-json\/wp\/v2\/media\/20114"}],"wp:attachment":[{"href":"https:\/\/eltrabajo.cl\/portal\/wp-json\/wp\/v2\/media?parent=20113"}],"wp:term":[{"taxonomy":"category","embeddable":true,"href":"https:\/\/eltrabajo.cl\/portal\/wp-json\/wp\/v2\/categories?post=20113"},{"taxonomy":"post_tag","embeddable":true,"href":"https:\/\/eltrabajo.cl\/portal\/wp-json\/wp\/v2\/tags?post=20113"}],"curies":[{"name":"wp","href":"https:\/\/api.w.org\/{rel}","templated":true}]}}