{"id":20122,"date":"2012-06-29T10:08:19","date_gmt":"2012-06-29T14:08:19","guid":{"rendered":"http:\/\/www.eltrabajo.cl\/portal\/?p=20122"},"modified":"2012-06-29T10:08:19","modified_gmt":"2012-06-29T14:08:19","slug":"carabineros-intensificara-controles-durante-fin-de-semana-%e2%80%98largo%e2%80%99-para-evitar-accidentes","status":"publish","type":"post","link":"https:\/\/eltrabajo.cl\/portal\/carabineros-intensificara-controles-durante-fin-de-semana-%e2%80%98largo%e2%80%99-para-evitar-accidentes\/","title":{"rendered":"Carabineros intensificar\u00e1 controles durante fin de semana \u2018largo\u2019 para evitar accidentes"},"content":{"rendered":"<figure id=\"attachment_20123\" aria-describedby=\"caption-attachment-20123\" style=\"width: 300px\" class=\"wp-caption alignleft\"><a href=\"http:\/\/www.eltrabajo.cl\/portal\/2012\/06\/carabineros-intensificara-controles-durante-fin-de-semana-%e2%80%98largo%e2%80%99-para-evitar-accidentes\/coronel-letelier\/\" rel=\"attachment wp-att-20123\"><img data-recalc-dims=\"1\" loading=\"lazy\" decoding=\"async\" class=\"size-medium wp-image-20123\" title=\"Coronel letelier\" src=\"https:\/\/i0.wp.com\/www.eltrabajo.cl\/portal\/wp-content\/uploads\/2012\/06\/Coronel-letelier-300x240.jpg?resize=300%2C240\" alt=\"\" width=\"300\" height=\"240\" srcset=\"https:\/\/i0.wp.com\/eltrabajo.cl\/portal\/wp-content\/uploads\/2012\/06\/Coronel-letelier.jpg?resize=300%2C240&amp;ssl=1 300w, https:\/\/i0.wp.com\/eltrabajo.cl\/portal\/wp-content\/uploads\/2012\/06\/Coronel-letelier.jpg?resize=187%2C150&amp;ssl=1 187w, https:\/\/i0.wp.com\/eltrabajo.cl\/portal\/wp-content\/uploads\/2012\/06\/Coronel-letelier.jpg?resize=150%2C120&amp;ssl=1 150w, https:\/\/i0.wp.com\/eltrabajo.cl\/portal\/wp-content\/uploads\/2012\/06\/Coronel-letelier.jpg?resize=400%2C320&amp;ssl=1 400w, https:\/\/i0.wp.com\/eltrabajo.cl\/portal\/wp-content\/uploads\/2012\/06\/Coronel-letelier.jpg?w=600&amp;ssl=1 600w\" sizes=\"auto, (max-width: 300px) 100vw, 300px\" \/><\/a><figcaption id=\"caption-attachment-20123\" class=\"wp-caption-text\">El Coronel Manuel Letelier se\u00f1al\u00f3 que se intensificar\u00e1n los controles, frente al fin de semana \u2018largo\u2019 que se acerca.<\/figcaption><\/figure>\n<p>Frente al fin de semana \u2018largo\u2019 que se acerca, Carabineros de San Felipe realiz\u00f3 algunas recomendaciones para las personas que van a salir de la comuna y para que as\u00ed su viaje sea positivo y no un momento de preocupaciones. Seg\u00fan se\u00f1al\u00f3 el Coronel Manuel Letelier, en el caso de que las personas abandonen su casa, que ese hecho sea informado a los vecinos m\u00e1s cercanos o a familiares, para que realicen alguna visita a la vivienda para y no se encuentre totalmente deshabitada.<\/p>\n<p>De igual modo si alg\u00fan vecino se percata de la presencia de personas desconocidas en las inmediaciones, llamar al Nivel de Emergencia de Carabineros, para que ellos puedan concurrir a controlar la situaci\u00f3n y evitar la ocurrencia de alg\u00fan delito dentro de las propiedades.<\/p>\n<p>\u201cConsiderar los horarios de salida, las medidas de seguridad que se deben tener respecto del veh\u00edculo, como asimismo el desplazamiento que deben tener por las diferentes rutas. Aqu\u00ed es importante el respeto permanente de las se\u00f1alizaciones y no hacerlo en las condiciones deficientes o en estado de ebriedad o bajo los efectos del alcohol\u201d, dijo el Coronel Letelier.<\/p>\n<p>Consultado por la nueva normativa de Tolerancia Cero, el Coronel se\u00f1al\u00f3 que los registros que Carabineros maneja, es que desde el momento en que intensificaron los controles con las modificaciones a la Ley de Tr\u00e1nsito, han disminuido los accidentes y las causas fatales que ten\u00edan \u00e9stos como resultados.<\/p>\n<p>&nbsp;<\/p>\n","protected":false},"excerpt":{"rendered":"<p>Frente al fin de semana \u2018largo\u2019 que se acerca, Carabineros de San Felipe realiz\u00f3 algunas recomendaciones para las personas que van a salir de la comuna y para que as\u00ed su viaje&#8230;<\/p>\n","protected":false},"author":482,"featured_media":20123,"comment_status":"open","ping_status":"closed","sticky":false,"template":"","format":"standard","meta":{"advanced_seo_description":"","jetpack_seo_html_title":"","jetpack_seo_noindex":false,"_jetpack_memberships_contains_paid_content":false,"footnotes":""},"categories":[1],"tags":[],"class_list":["post-20122","post","type-post","status-publish","format-standard","has-post-thumbnail","hentry","category-cronica"],"jetpack_featured_media_url":"https:\/\/i0.wp.com\/eltrabajo.cl\/portal\/wp-content\/uploads\/2012\/06\/Coronel-letelier.jpg?fit=600%2C480&ssl=1","jetpack_sharing_enabled":true,"jetpack_likes_enabled":true,"jetpack-related-posts":[],"_links":{"self":[{"href":"https:\/\/eltrabajo.cl\/portal\/wp-json\/wp\/v2\/posts\/20122","targetHints":{"allow":["GET"]}}],"collection":[{"href":"https:\/\/eltrabajo.cl\/portal\/wp-json\/wp\/v2\/posts"}],"about":[{"href":"https:\/\/eltrabajo.cl\/portal\/wp-json\/wp\/v2\/types\/post"}],"author":[{"embeddable":true,"href":"https:\/\/eltrabajo.cl\/portal\/wp-json\/wp\/v2\/users\/482"}],"replies":[{"embeddable":true,"href":"https:\/\/eltrabajo.cl\/portal\/wp-json\/wp\/v2\/comments?post=20122"}],"version-history":[{"count":0,"href":"https:\/\/eltrabajo.cl\/portal\/wp-json\/wp\/v2\/posts\/20122\/revisions"}],"wp:featuredmedia":[{"embeddable":true,"href":"https:\/\/eltrabajo.cl\/portal\/wp-json\/wp\/v2\/media\/20123"}],"wp:attachment":[{"href":"https:\/\/eltrabajo.cl\/portal\/wp-json\/wp\/v2\/media?parent=20122"}],"wp:term":[{"taxonomy":"category","embeddable":true,"href":"https:\/\/eltrabajo.cl\/portal\/wp-json\/wp\/v2\/categories?post=20122"},{"taxonomy":"post_tag","embeddable":true,"href":"https:\/\/eltrabajo.cl\/portal\/wp-json\/wp\/v2\/tags?post=20122"}],"curies":[{"name":"wp","href":"https:\/\/api.w.org\/{rel}","templated":true}]}}