{"id":20126,"date":"2012-06-29T10:11:39","date_gmt":"2012-06-29T14:11:39","guid":{"rendered":"http:\/\/www.eltrabajo.cl\/portal\/?p=20126"},"modified":"2012-06-29T10:11:39","modified_gmt":"2012-06-29T14:11:39","slug":"divididos-en-comisiones-comienzan-a-trabajar-dirigente-de-unco-san-felipe","status":"publish","type":"post","link":"https:\/\/eltrabajo.cl\/portal\/divididos-en-comisiones-comienzan-a-trabajar-dirigente-de-unco-san-felipe\/","title":{"rendered":"Divididos en comisiones comienzan a trabajar dirigente de Unco San Felipe"},"content":{"rendered":"<figure id=\"attachment_20128\" aria-describedby=\"caption-attachment-20128\" style=\"width: 300px\" class=\"wp-caption alignleft\"><a href=\"http:\/\/www.eltrabajo.cl\/portal\/2012\/06\/divididos-en-comisiones-comienzan-a-trabajar-dirigente-de-unco-san-felipe\/hugo-venegas-1-2\/\" rel=\"attachment wp-att-20128\"><img data-recalc-dims=\"1\" loading=\"lazy\" decoding=\"async\" class=\"size-medium wp-image-20128\" title=\"hugo venegas (1)\" src=\"https:\/\/i0.wp.com\/www.eltrabajo.cl\/portal\/wp-content\/uploads\/2012\/06\/hugo-venegas-11-300x254.jpg?resize=300%2C254\" alt=\"\" width=\"300\" height=\"254\" srcset=\"https:\/\/i0.wp.com\/eltrabajo.cl\/portal\/wp-content\/uploads\/2012\/06\/hugo-venegas-11.jpg?resize=300%2C254&amp;ssl=1 300w, https:\/\/i0.wp.com\/eltrabajo.cl\/portal\/wp-content\/uploads\/2012\/06\/hugo-venegas-11.jpg?resize=177%2C150&amp;ssl=1 177w, https:\/\/i0.wp.com\/eltrabajo.cl\/portal\/wp-content\/uploads\/2012\/06\/hugo-venegas-11.jpg?resize=150%2C127&amp;ssl=1 150w, https:\/\/i0.wp.com\/eltrabajo.cl\/portal\/wp-content\/uploads\/2012\/06\/hugo-venegas-11.jpg?resize=400%2C338&amp;ssl=1 400w, https:\/\/i0.wp.com\/eltrabajo.cl\/portal\/wp-content\/uploads\/2012\/06\/hugo-venegas-11.jpg?w=600&amp;ssl=1 600w\" sizes=\"auto, (max-width: 300px) 100vw, 300px\" \/><\/a><figcaption id=\"caption-attachment-20128\" class=\"wp-caption-text\">El dirigente Hugo Venegas se\u00f1al\u00f3 que la participaci\u00f3n de la comunidad ha ido mejorando, y por ello la directiva de la Unco est\u00e1 visitando a las juntas de vecinos para saber sus necesidades.<\/figcaption><\/figure>\n<p>Con el objetivo de organizar el trabajo del nuevo Directorio de la Uni\u00f3n Comunal de Juntas de Vecinos de San Felipe, la entidad form\u00f3 comisiones que tienen como objetivo dedicarse a temas en espec\u00edfico.<\/p>\n<p>Se trata de una forma de trabajar m\u00e1s ordenada, sostuvo Hugo Venegas, presidente de la Unco, la que parti\u00f3 con la creaci\u00f3n de un departamento de relaciones p\u00fablicas que apoya la labor del Directorio en las distintas actividades que debe realizar.<\/p>\n<p>\u201cTodas las consultas o necesidades de reuni\u00f3n con la Unco llegan a ella y van agendando, para ir ordenando, porque antes lo que pasaba que los presidentes ve\u00edamos solos todos los temas y uno se siente solo, entonces estamos creando un departamento de salud, educaci\u00f3n, distintos departamentos dentro de la organizaci\u00f3n para ir distribuyendo el trabajo\u201d, dijo Venegas.<\/p>\n<p><strong>REPARACI\u00d3N DE LA SEDE<\/strong><\/p>\n<p>Adem\u00e1s est\u00e1n trabajando en la reparaci\u00f3n de la sede de la Unco, que se encuentra ubicada en Abraham Ahumada, en la villa Las Palmeras, con el objetivo de utilizar las instalaciones para el trabajo de la entidad.<\/p>\n<p>\u201cAhora estamos en San Mart\u00edn 72, donde nos recibi\u00f3 la se\u00f1ora Delia Pozo muy bien, tenemos ah\u00ed nuestros equipos de computaci\u00f3n y queremos tener todo seguro, asegurar todos los cierres perimetrales para no sufrir lo que sufri\u00f3 San Esteban, donde robaron los equipos de computaci\u00f3n en su oportunidad\u201d, indic\u00f3 el dirigente.<\/p>\n<p>A juicio de Venegas, el traslado deber\u00eda concretarse el pr\u00f3ximo mes de julio, el que se realizar\u00e1 poco a poco, ya que ya comenzaron a realizarse los trabajos de protecci\u00f3n de ventanas.<\/p>\n<p>Posteriormente la idea es habilitar m\u00e1s oficinas en el lugar, con el objetivo de que las instalaciones sean para el uso de los dirigentes.<\/p>\n<p>PARTICIPACI\u00d3N<\/p>\n<p>DE LOS VECINOS<\/p>\n<p>Consultado por el grado de participaci\u00f3n de los vecinos en este tipo de organizaciones, Venegas dijo que ahora est\u00e1 mejorando, a diferencia de lo que ocurr\u00eda el a\u00f1o pasado, que hab\u00eda bajado bastante.<\/p>\n<p>\u201cNosotros nos cambiamos el chip, estamos yendo a visitar la directiva a las juntas de vecinos, el mes anterior estuvimos con la junta de vecinos de El Se\u00f1orial, de Los Casta\u00f1os y La Estancia, viendo las necesidades, los problemas y situaciones que ellos tienen, y ya estamos comenzando a trabajar con las autoridades para irles solucionando los problemas a ellos, inclusive tenemos invitados al Alcalde Jaime Amar y a la Gobernadora Patricia Boffa para que nos acompa\u00f1en, porque tambi\u00e9n ellos necesitan que los escuchen\u201d, dijo Venegas.<\/p>\n<p>&nbsp;<\/p>\n","protected":false},"excerpt":{"rendered":"<p>Con el objetivo de organizar el trabajo del nuevo Directorio de la Uni\u00f3n Comunal de Juntas de Vecinos de San Felipe, la entidad form\u00f3 comisiones que tienen como objetivo dedicarse a temas&#8230;<\/p>\n","protected":false},"author":482,"featured_media":20128,"comment_status":"open","ping_status":"closed","sticky":false,"template":"","format":"standard","meta":{"advanced_seo_description":"","jetpack_seo_html_title":"","jetpack_seo_noindex":false,"_jetpack_memberships_contains_paid_content":false,"footnotes":""},"categories":[1],"tags":[],"class_list":["post-20126","post","type-post","status-publish","format-standard","has-post-thumbnail","hentry","category-cronica"],"jetpack_featured_media_url":"https:\/\/i0.wp.com\/eltrabajo.cl\/portal\/wp-content\/uploads\/2012\/06\/hugo-venegas-11.jpg?fit=600%2C508&ssl=1","jetpack_sharing_enabled":true,"jetpack_likes_enabled":true,"jetpack-related-posts":[],"_links":{"self":[{"href":"https:\/\/eltrabajo.cl\/portal\/wp-json\/wp\/v2\/posts\/20126","targetHints":{"allow":["GET"]}}],"collection":[{"href":"https:\/\/eltrabajo.cl\/portal\/wp-json\/wp\/v2\/posts"}],"about":[{"href":"https:\/\/eltrabajo.cl\/portal\/wp-json\/wp\/v2\/types\/post"}],"author":[{"embeddable":true,"href":"https:\/\/eltrabajo.cl\/portal\/wp-json\/wp\/v2\/users\/482"}],"replies":[{"embeddable":true,"href":"https:\/\/eltrabajo.cl\/portal\/wp-json\/wp\/v2\/comments?post=20126"}],"version-history":[{"count":0,"href":"https:\/\/eltrabajo.cl\/portal\/wp-json\/wp\/v2\/posts\/20126\/revisions"}],"wp:featuredmedia":[{"embeddable":true,"href":"https:\/\/eltrabajo.cl\/portal\/wp-json\/wp\/v2\/media\/20128"}],"wp:attachment":[{"href":"https:\/\/eltrabajo.cl\/portal\/wp-json\/wp\/v2\/media?parent=20126"}],"wp:term":[{"taxonomy":"category","embeddable":true,"href":"https:\/\/eltrabajo.cl\/portal\/wp-json\/wp\/v2\/categories?post=20126"},{"taxonomy":"post_tag","embeddable":true,"href":"https:\/\/eltrabajo.cl\/portal\/wp-json\/wp\/v2\/tags?post=20126"}],"curies":[{"name":"wp","href":"https:\/\/api.w.org\/{rel}","templated":true}]}}