{"id":20131,"date":"2012-06-29T10:13:37","date_gmt":"2012-06-29T14:13:37","guid":{"rendered":"http:\/\/www.eltrabajo.cl\/portal\/?p=20131"},"modified":"2012-06-29T10:13:37","modified_gmt":"2012-06-29T14:13:37","slug":"plantando-distintas-especies-de-arboles-en-la-plaza-de-armas-dan-inicio-al-programa-de-mejoramiento-de-gestion-municipal-2012","status":"publish","type":"post","link":"https:\/\/eltrabajo.cl\/portal\/plantando-distintas-especies-de-arboles-en-la-plaza-de-armas-dan-inicio-al-programa-de-mejoramiento-de-gestion-municipal-2012\/","title":{"rendered":"Plantando distintas especies de \u00e1rboles en la plaza de armas dan inicio al programa de Mejoramiento de Gesti\u00f3n Municipal 2012"},"content":{"rendered":"<figure id=\"attachment_20132\" aria-describedby=\"caption-attachment-20132\" style=\"width: 600px\" class=\"wp-caption alignnone\"><a href=\"http:\/\/www.eltrabajo.cl\/portal\/2012\/06\/plantando-distintas-especies-de-arboles-en-la-plaza-de-armas-dan-inicio-al-programa-de-mejoramiento-de-gestion-municipal-2012\/plantacion-de-arboles-plaza-3\/\" rel=\"attachment wp-att-20132\"><img data-recalc-dims=\"1\" loading=\"lazy\" decoding=\"async\" class=\"size-full wp-image-20132\" title=\"plantacion de arboles plaza  3\" src=\"https:\/\/i0.wp.com\/www.eltrabajo.cl\/portal\/wp-content\/uploads\/2012\/06\/plantacion-de-arboles-plaza-3.jpg?resize=600%2C450\" alt=\"\" width=\"600\" height=\"450\" srcset=\"https:\/\/i0.wp.com\/eltrabajo.cl\/portal\/wp-content\/uploads\/2012\/06\/plantacion-de-arboles-plaza-3.jpg?w=600&amp;ssl=1 600w, https:\/\/i0.wp.com\/eltrabajo.cl\/portal\/wp-content\/uploads\/2012\/06\/plantacion-de-arboles-plaza-3.jpg?resize=200%2C150&amp;ssl=1 200w, https:\/\/i0.wp.com\/eltrabajo.cl\/portal\/wp-content\/uploads\/2012\/06\/plantacion-de-arboles-plaza-3.jpg?resize=300%2C225&amp;ssl=1 300w, https:\/\/i0.wp.com\/eltrabajo.cl\/portal\/wp-content\/uploads\/2012\/06\/plantacion-de-arboles-plaza-3.jpg?resize=150%2C112&amp;ssl=1 150w, https:\/\/i0.wp.com\/eltrabajo.cl\/portal\/wp-content\/uploads\/2012\/06\/plantacion-de-arboles-plaza-3.jpg?resize=400%2C300&amp;ssl=1 400w\" sizes=\"auto, (max-width: 600px) 100vw, 600px\" \/><\/a><figcaption id=\"caption-attachment-20132\" class=\"wp-caption-text\">La plantaci\u00f3n de los \u00e1rboles dio el inicio al programa de Mejoramiento de Gesti\u00f3n Municipal a\u00f1o 2012.<\/figcaption><\/figure>\n<p>Los funcionarios municipales dieron comienzo, este jueves, al programa de Mejoramiento de Gesti\u00f3n Municipal 2012, que tiene dos l\u00edneas de acci\u00f3n, una que tiene relaci\u00f3n con objetivos institucionales y otra de objetivos colectivos.<\/p>\n<p>Esta \u00faltima fue precisamente la que comenz\u00f3 este jueves con la plantaci\u00f3n de \u00e1rboles en la plaza de armas de San Felipe.<\/p>\n<p><strong>M\u00c1S DE 3 MIL ESPECIES<\/strong><\/p>\n<p>Como parte de un programa de forestaci\u00f3n en toda la comuna, se planea plantar m\u00e1s de 3 mil especies, las que est\u00e1n actualmente en el vivero que tiene el municipio en la villa El Carmen, donde se encuentran especies como peumo, quillay, canelo, pimiento y pl\u00e1tano oriental, entre otras especies.<\/p>\n<p>\u201cEstas especies, son especies que don\u00f3 la Conaf y est\u00e1n en el vivero y hay que ser claros que van a ser para forestar los sectores que est\u00e1n en ambientes cerrados y no en el damero central de la comuna, porque ese es un programa que se va a asumir pr\u00f3ximamente entre los funcionarios municipales con el apoyo del Concejo Municipal y el alcalde para trabajar a futuro la instalaci\u00f3n de \u00e1rboles en lugares donde no existen\u201d, se\u00f1al\u00f3 Nelson Leiva.<\/p>\n<p><strong>PROGRAMA ANUAL<\/strong><\/p>\n<p>La plantaci\u00f3n de estos \u00e1rboles es la manera simb\u00f3lica para dar el puntapi\u00e9 inicial del programa de Mejoramiento de Gesti\u00f3n a\u00f1o 2012, el que se realiza de manera anual, de acuerdo a la ley 19.803 que rige para todos los municipios del pa\u00eds, los cuales idean f\u00f3rmulas y estrategias para generar impacto no s\u00f3lo a nivel interno, sino que un impacto hacia la comunidad.<\/p>\n<p>\u201cPor eso nosotros tenemos hasta el momento una ficha que est\u00e1 colocada en la p\u00e1gina web de la Municipalidad, donde tambi\u00e9n tenemos las variedades y pr\u00f3ximamente los detalles de cada una de las variedades para que la gente vaya seleccionando cada uno de estos \u00e1rboles, de acuerdo a las necesidades que tenga en su sector, ah\u00ed apuntamos nosotros a las organizaciones comunitarias, a los colegios tambi\u00e9n, puesto que tambi\u00e9n tenemos inserto un programa educativo que est\u00e1 dirigido por Enrique Barrera\u201d.<\/p>\n<p>&nbsp;<\/p>\n","protected":false},"excerpt":{"rendered":"<p>Los funcionarios municipales dieron comienzo, este jueves, al programa de Mejoramiento de Gesti\u00f3n Municipal 2012, que tiene dos l\u00edneas de acci\u00f3n, una que tiene relaci\u00f3n con objetivos institucionales y otra de objetivos&#8230;<\/p>\n","protected":false},"author":482,"featured_media":20132,"comment_status":"open","ping_status":"closed","sticky":false,"template":"","format":"standard","meta":{"advanced_seo_description":"","jetpack_seo_html_title":"","jetpack_seo_noindex":false,"_jetpack_memberships_contains_paid_content":false,"footnotes":""},"categories":[1],"tags":[],"class_list":["post-20131","post","type-post","status-publish","format-standard","has-post-thumbnail","hentry","category-cronica"],"jetpack_featured_media_url":"https:\/\/i0.wp.com\/eltrabajo.cl\/portal\/wp-content\/uploads\/2012\/06\/plantacion-de-arboles-plaza-3.jpg?fit=600%2C450&ssl=1","jetpack_sharing_enabled":true,"jetpack_likes_enabled":true,"jetpack-related-posts":[],"_links":{"self":[{"href":"https:\/\/eltrabajo.cl\/portal\/wp-json\/wp\/v2\/posts\/20131","targetHints":{"allow":["GET"]}}],"collection":[{"href":"https:\/\/eltrabajo.cl\/portal\/wp-json\/wp\/v2\/posts"}],"about":[{"href":"https:\/\/eltrabajo.cl\/portal\/wp-json\/wp\/v2\/types\/post"}],"author":[{"embeddable":true,"href":"https:\/\/eltrabajo.cl\/portal\/wp-json\/wp\/v2\/users\/482"}],"replies":[{"embeddable":true,"href":"https:\/\/eltrabajo.cl\/portal\/wp-json\/wp\/v2\/comments?post=20131"}],"version-history":[{"count":0,"href":"https:\/\/eltrabajo.cl\/portal\/wp-json\/wp\/v2\/posts\/20131\/revisions"}],"wp:featuredmedia":[{"embeddable":true,"href":"https:\/\/eltrabajo.cl\/portal\/wp-json\/wp\/v2\/media\/20132"}],"wp:attachment":[{"href":"https:\/\/eltrabajo.cl\/portal\/wp-json\/wp\/v2\/media?parent=20131"}],"wp:term":[{"taxonomy":"category","embeddable":true,"href":"https:\/\/eltrabajo.cl\/portal\/wp-json\/wp\/v2\/categories?post=20131"},{"taxonomy":"post_tag","embeddable":true,"href":"https:\/\/eltrabajo.cl\/portal\/wp-json\/wp\/v2\/tags?post=20131"}],"curies":[{"name":"wp","href":"https:\/\/api.w.org\/{rel}","templated":true}]}}