{"id":20135,"date":"2012-06-29T10:14:36","date_gmt":"2012-06-29T14:14:36","guid":{"rendered":"http:\/\/www.eltrabajo.cl\/portal\/?p=20135"},"modified":"2012-06-29T10:14:36","modified_gmt":"2012-06-29T14:14:36","slug":"comunidad-podra-proponer-a-personas-e-instituciones-a-ser-destacadas","status":"publish","type":"post","link":"https:\/\/eltrabajo.cl\/portal\/comunidad-podra-proponer-a-personas-e-instituciones-a-ser-destacadas\/","title":{"rendered":"Comunidad podr\u00e1 proponer a personas e instituciones a ser destacadas"},"content":{"rendered":"<figure id=\"attachment_20136\" aria-describedby=\"caption-attachment-20136\" style=\"width: 300px\" class=\"wp-caption alignleft\"><a href=\"http:\/\/www.eltrabajo.cl\/portal\/2012\/06\/comunidad-podra-proponer-a-personas-e-instituciones-a-ser-destacadas\/jaime-amar-16\/\" rel=\"attachment wp-att-20136\"><img data-recalc-dims=\"1\" loading=\"lazy\" decoding=\"async\" class=\"size-medium wp-image-20136\" title=\"jaime amar\" src=\"https:\/\/i0.wp.com\/www.eltrabajo.cl\/portal\/wp-content\/uploads\/2012\/06\/jaime-amar-300x243.jpg?resize=300%2C243\" alt=\"\" width=\"300\" height=\"243\" srcset=\"https:\/\/i0.wp.com\/eltrabajo.cl\/portal\/wp-content\/uploads\/2012\/06\/jaime-amar.jpg?resize=300%2C243&amp;ssl=1 300w, https:\/\/i0.wp.com\/eltrabajo.cl\/portal\/wp-content\/uploads\/2012\/06\/jaime-amar.jpg?resize=184%2C150&amp;ssl=1 184w, https:\/\/i0.wp.com\/eltrabajo.cl\/portal\/wp-content\/uploads\/2012\/06\/jaime-amar.jpg?resize=150%2C121&amp;ssl=1 150w, https:\/\/i0.wp.com\/eltrabajo.cl\/portal\/wp-content\/uploads\/2012\/06\/jaime-amar.jpg?resize=400%2C324&amp;ssl=1 400w, https:\/\/i0.wp.com\/eltrabajo.cl\/portal\/wp-content\/uploads\/2012\/06\/jaime-amar.jpg?w=600&amp;ssl=1 600w\" sizes=\"auto, (max-width: 300px) 100vw, 300px\" \/><\/a><figcaption id=\"caption-attachment-20136\" class=\"wp-caption-text\">El Alcalde Jaime Amar destac\u00f3 el cambio realizado por el Concejo, se\u00f1alando que busca la participaci\u00f3n de la comunidad.<\/figcaption><\/figure>\n<p>En la sesi\u00f3n del martes pasado, el Concejo Municipal de San Felipe decidi\u00f3 realizar un cambio para entregar las distinciones a instituciones y personas que ser\u00e1n destacadas en el d\u00eda de Aniversario de la comuna.<\/p>\n<p>La idea de los ediles es generar una instancia para que las organizaciones o personas naturales puedan hacer sus presentaciones al Concejo sobre quienes podr\u00edan ser destacadas en este a\u00f1o.<\/p>\n<p>\u201cNormalmente estos procesos se generan a puertas cerradas por parte del Concejo Municipal, hoy d\u00eda lo que queremos es abrir una puerta para que la comunidad organizada y responsable pueda hacer presentaciones\u201d, dijo el Alcalde Amar.<\/p>\n<p>Esas presentaciones deben hacerse directamente en la Secretar\u00eda Municipal, en sobres cerrados que ser\u00e1n recepcionados personalmente por la Secretaria Municipal como ministro de fe, propuestas que van a ser analizadas por el Concejo en una sesi\u00f3n privada, donde se evaluar\u00e1n las presentaciones.<\/p>\n<p>\u201cEsto se hace en forma privada, porque los an\u00e1lisis son bastante rigurosos y para evitar posteriormente alguna situaci\u00f3n bochornosa que involucre conocimientos de que fueron ingresadas algunas personas y no fueron aceptadas por el Concejo Municipal, que tiene la facultad y determinaci\u00f3n de las distinciones del presente a\u00f1o\u201d, indic\u00f3 el jefe comunal.<\/p>\n<p>Las propuestas pueden ser entregadas desde este jueves y se extender\u00e1 por los pr\u00f3ximos 15 d\u00edas, dado que en la sesi\u00f3n de mediados del mes de julio el Concejo tendr\u00e1 la sesi\u00f3n privada donde analizar\u00e1 las propuestas y si es necesario pedir\u00e1 m\u00e1s documentos.<\/p>\n<p>Adem\u00e1s el pr\u00f3ximo 3 de agosto ser\u00e1 distinguido un Bombero, el que se suma al representante de Carabineros, Investigaciones que es destacado actualmente.<\/p>\n<p>\u201cA nosotros lo que nos corresponde es que las distinciones puedan ser entregadas a las personas que construyen diariamente el desarrollo de esta ciudad, tanto desde el punto de vista personal, institucional, pero tambi\u00e9n que son actores importantes en la vida cotidiana\u201d, dijo Amar.<\/p>\n<p>La idea de realizar este cambio se debe a la necesidad de fomentar la participaci\u00f3n de la comunidad en este tipo de decisiones que han sido cuestionadas en m\u00e1s de alguna ocasi\u00f3n, como el a\u00f1o pasado, donde entre los distinguidos figuraba un sujeto que en estado de ebriedad atropell\u00f3 y dio muerte a un adolescente de 16 a\u00f1os de edad el a\u00f1o 2001, poco despu\u00e9s de haber recibido sus documentos que le hab\u00edan sido retirados precisamente por conducir en estado de ebriedad un a\u00f1o antes. La v\u00edctima fue Enzo Antonio Juri Honorato, hijo del Director de Diario El Trabajo, quien falleci\u00f3 menos de 24 horas despu\u00e9s de ser atropellado y abandonado a su suerte por el \u2018distinguido ciudadano\u2019.<\/p>\n<p>&nbsp;<\/p>\n","protected":false},"excerpt":{"rendered":"<p>En la sesi\u00f3n del martes pasado, el Concejo Municipal de San Felipe decidi\u00f3 realizar un cambio para entregar las distinciones a instituciones y personas que ser\u00e1n destacadas en el d\u00eda de Aniversario&#8230;<\/p>\n","protected":false},"author":482,"featured_media":20136,"comment_status":"open","ping_status":"closed","sticky":false,"template":"","format":"standard","meta":{"advanced_seo_description":"","jetpack_seo_html_title":"","jetpack_seo_noindex":false,"_jetpack_memberships_contains_paid_content":false,"footnotes":""},"categories":[1],"tags":[],"class_list":["post-20135","post","type-post","status-publish","format-standard","has-post-thumbnail","hentry","category-cronica"],"jetpack_featured_media_url":"https:\/\/i0.wp.com\/eltrabajo.cl\/portal\/wp-content\/uploads\/2012\/06\/jaime-amar.jpg?fit=600%2C487&ssl=1","jetpack_sharing_enabled":true,"jetpack_likes_enabled":true,"jetpack-related-posts":[],"_links":{"self":[{"href":"https:\/\/eltrabajo.cl\/portal\/wp-json\/wp\/v2\/posts\/20135","targetHints":{"allow":["GET"]}}],"collection":[{"href":"https:\/\/eltrabajo.cl\/portal\/wp-json\/wp\/v2\/posts"}],"about":[{"href":"https:\/\/eltrabajo.cl\/portal\/wp-json\/wp\/v2\/types\/post"}],"author":[{"embeddable":true,"href":"https:\/\/eltrabajo.cl\/portal\/wp-json\/wp\/v2\/users\/482"}],"replies":[{"embeddable":true,"href":"https:\/\/eltrabajo.cl\/portal\/wp-json\/wp\/v2\/comments?post=20135"}],"version-history":[{"count":0,"href":"https:\/\/eltrabajo.cl\/portal\/wp-json\/wp\/v2\/posts\/20135\/revisions"}],"wp:featuredmedia":[{"embeddable":true,"href":"https:\/\/eltrabajo.cl\/portal\/wp-json\/wp\/v2\/media\/20136"}],"wp:attachment":[{"href":"https:\/\/eltrabajo.cl\/portal\/wp-json\/wp\/v2\/media?parent=20135"}],"wp:term":[{"taxonomy":"category","embeddable":true,"href":"https:\/\/eltrabajo.cl\/portal\/wp-json\/wp\/v2\/categories?post=20135"},{"taxonomy":"post_tag","embeddable":true,"href":"https:\/\/eltrabajo.cl\/portal\/wp-json\/wp\/v2\/tags?post=20135"}],"curies":[{"name":"wp","href":"https:\/\/api.w.org\/{rel}","templated":true}]}}