{"id":20139,"date":"2012-06-29T10:17:22","date_gmt":"2012-06-29T14:17:22","guid":{"rendered":"http:\/\/www.eltrabajo.cl\/portal\/?p=20139"},"modified":"2012-06-29T10:17:22","modified_gmt":"2012-06-29T14:17:22","slug":"tres-heridos-deja-violenta-colision-entre-colectivo-y-auto-particular","status":"publish","type":"post","link":"https:\/\/eltrabajo.cl\/portal\/tres-heridos-deja-violenta-colision-entre-colectivo-y-auto-particular\/","title":{"rendered":"Tres heridos deja violenta colisi\u00f3n entre colectivo y auto particular"},"content":{"rendered":"<figure id=\"attachment_20140\" aria-describedby=\"caption-attachment-20140\" style=\"width: 600px\" class=\"wp-caption alignnone\"><a href=\"http:\/\/www.eltrabajo.cl\/portal\/2012\/06\/tres-heridos-deja-violenta-colision-entre-colectivo-y-auto-particular\/corsa-colectivo33\/\" rel=\"attachment wp-att-20140\"><img data-recalc-dims=\"1\" loading=\"lazy\" decoding=\"async\" class=\"size-full wp-image-20140\" title=\"corsa-colectivo33\" src=\"https:\/\/i0.wp.com\/www.eltrabajo.cl\/portal\/wp-content\/uploads\/2012\/06\/corsa-colectivo33.jpg?resize=600%2C450\" alt=\"\" width=\"600\" height=\"450\" srcset=\"https:\/\/i0.wp.com\/eltrabajo.cl\/portal\/wp-content\/uploads\/2012\/06\/corsa-colectivo33.jpg?w=600&amp;ssl=1 600w, https:\/\/i0.wp.com\/eltrabajo.cl\/portal\/wp-content\/uploads\/2012\/06\/corsa-colectivo33.jpg?resize=200%2C150&amp;ssl=1 200w, https:\/\/i0.wp.com\/eltrabajo.cl\/portal\/wp-content\/uploads\/2012\/06\/corsa-colectivo33.jpg?resize=300%2C225&amp;ssl=1 300w, https:\/\/i0.wp.com\/eltrabajo.cl\/portal\/wp-content\/uploads\/2012\/06\/corsa-colectivo33.jpg?resize=150%2C112&amp;ssl=1 150w, https:\/\/i0.wp.com\/eltrabajo.cl\/portal\/wp-content\/uploads\/2012\/06\/corsa-colectivo33.jpg?resize=400%2C300&amp;ssl=1 400w\" sizes=\"auto, (max-width: 600px) 100vw, 600px\" \/><\/a><figcaption id=\"caption-attachment-20140\" class=\"wp-caption-text\">Pese a ocurrir en pleno centro, la violencia del impacto dej\u00f3 a tres personas heridas y da\u00f1os en ambos veh\u00edculos.<\/figcaption><\/figure>\n<p><strong>LOS ANDES.-<\/strong> Tres personas lesionadas fue el saldo de una violenta colisi\u00f3n entre un taxi colectivo y un autom\u00f3vil particular en pleno centro de la ciudad de Los Andes.<\/p>\n<p>El accidente se produjo a eso de las 17 horas de ayer jueves, cuando un autom\u00f3vil Chevrolet Corsa, patente WW 14-93, conducido por Pamela Aguilar Salinas, que se desplazaba por calle Tres Carrera en direcci\u00f3n al poniente, al llegar a la esquina con Membrillar donde existe Disco Pare, fue colisionada en el costado por el taxi colectivo de la l\u00ednea Los Andes- San Esteban, matr\u00edcula BK WD 60, conducido por Luis Ibaceta Y\u00e9venes, que iba por esta \u00faltima arteria al sur.<\/p>\n<p>Como consecuencia del impacto, el chofer del colectivo y la conductora del Corsa, m\u00e1s otra mujer que viajaba en el asiento del copiloto del auto particular resultaron lesionados, por lo cual fue necesaria la presencia de la Unidad de Rescate de la Primera Compa\u00f1\u00eda del Cuerpo de Bomberos.<\/p>\n<p>Todos los lesionados fueron derivados en ambulancias del SAMU hasta el Servicio de Urgencia del Hospital San Juan de Dios.<\/p>\n<p>En tanto, personal de Carabineros adopt\u00f3 el procedimiento de rigor para determinar responsabilidades.<\/p>\n<p>El Capit\u00e1n de la Primera Compa\u00f1\u00eda, Miguel Lamelez, sostuvo que la activaci\u00f3n del airbag del colectivo permiti\u00f3 que su conductor resultara con lesiones menores.<\/p>\n<p>Asimismo, dijo que no fue necesario el uso de herramientas mec\u00e1nicas para sacar a los heridos, ya que ninguno qued\u00f3 atrapado.<\/p>\n<p>En tanto un testigo del choque, el voluntario de la Cruz Roja Pedro Allendes, coment\u00f3 que fue la conductora del Chevrolet quien no respet\u00f3 el disco Pare, ya que \u201cno se sintieron frenadas, s\u00f3lo el golpe\u201d.<\/p>\n<p>&nbsp;<\/p>\n","protected":false},"excerpt":{"rendered":"<p>LOS ANDES.- Tres personas lesionadas fue el saldo de una violenta colisi\u00f3n entre un taxi colectivo y un autom\u00f3vil particular en pleno centro de la ciudad de Los Andes. El accidente se&#8230;<\/p>\n","protected":false},"author":482,"featured_media":20140,"comment_status":"open","ping_status":"closed","sticky":false,"template":"","format":"standard","meta":{"advanced_seo_description":"","jetpack_seo_html_title":"","jetpack_seo_noindex":false,"_jetpack_memberships_contains_paid_content":false,"footnotes":""},"categories":[21],"tags":[],"class_list":["post-20139","post","type-post","status-publish","format-standard","has-post-thumbnail","hentry","category-policial"],"jetpack_featured_media_url":"https:\/\/i0.wp.com\/eltrabajo.cl\/portal\/wp-content\/uploads\/2012\/06\/corsa-colectivo33.jpg?fit=600%2C450&ssl=1","jetpack_sharing_enabled":true,"jetpack_likes_enabled":true,"jetpack-related-posts":[],"_links":{"self":[{"href":"https:\/\/eltrabajo.cl\/portal\/wp-json\/wp\/v2\/posts\/20139","targetHints":{"allow":["GET"]}}],"collection":[{"href":"https:\/\/eltrabajo.cl\/portal\/wp-json\/wp\/v2\/posts"}],"about":[{"href":"https:\/\/eltrabajo.cl\/portal\/wp-json\/wp\/v2\/types\/post"}],"author":[{"embeddable":true,"href":"https:\/\/eltrabajo.cl\/portal\/wp-json\/wp\/v2\/users\/482"}],"replies":[{"embeddable":true,"href":"https:\/\/eltrabajo.cl\/portal\/wp-json\/wp\/v2\/comments?post=20139"}],"version-history":[{"count":0,"href":"https:\/\/eltrabajo.cl\/portal\/wp-json\/wp\/v2\/posts\/20139\/revisions"}],"wp:featuredmedia":[{"embeddable":true,"href":"https:\/\/eltrabajo.cl\/portal\/wp-json\/wp\/v2\/media\/20140"}],"wp:attachment":[{"href":"https:\/\/eltrabajo.cl\/portal\/wp-json\/wp\/v2\/media?parent=20139"}],"wp:term":[{"taxonomy":"category","embeddable":true,"href":"https:\/\/eltrabajo.cl\/portal\/wp-json\/wp\/v2\/categories?post=20139"},{"taxonomy":"post_tag","embeddable":true,"href":"https:\/\/eltrabajo.cl\/portal\/wp-json\/wp\/v2\/tags?post=20139"}],"curies":[{"name":"wp","href":"https:\/\/api.w.org\/{rel}","templated":true}]}}