{"id":20147,"date":"2012-06-29T10:21:06","date_gmt":"2012-06-29T14:21:06","guid":{"rendered":"http:\/\/www.eltrabajo.cl\/portal\/?p=20147"},"modified":"2012-06-29T10:21:06","modified_gmt":"2012-06-29T14:21:06","slug":"formalizaran-por-inhumacion-ilegal-a-presunto-homicida-de-cordova-klein","status":"publish","type":"post","link":"https:\/\/eltrabajo.cl\/portal\/formalizaran-por-inhumacion-ilegal-a-presunto-homicida-de-cordova-klein\/","title":{"rendered":"Formalizar\u00e1n por inhumaci\u00f3n ilegal a presunto homicida de C\u00f3rdova Klein"},"content":{"rendered":"<figure id=\"attachment_20148\" aria-describedby=\"caption-attachment-20148\" style=\"width: 300px\" class=\"wp-caption alignleft\"><a href=\"http:\/\/www.eltrabajo.cl\/portal\/2012\/06\/formalizaran-por-inhumacion-ilegal-a-presunto-homicida-de-cordova-klein\/rodrigo-mondaca-escudero\/\" rel=\"attachment wp-att-20148\"><img data-recalc-dims=\"1\" loading=\"lazy\" decoding=\"async\" class=\"size-medium wp-image-20148\" title=\"rodrigo mondaca escudero\" src=\"https:\/\/i0.wp.com\/www.eltrabajo.cl\/portal\/wp-content\/uploads\/2012\/06\/rodrigo-mondaca-escudero-300x185.jpg?resize=300%2C185\" alt=\"\" width=\"300\" height=\"185\" srcset=\"https:\/\/i0.wp.com\/eltrabajo.cl\/portal\/wp-content\/uploads\/2012\/06\/rodrigo-mondaca-escudero.jpg?resize=300%2C185&amp;ssl=1 300w, https:\/\/i0.wp.com\/eltrabajo.cl\/portal\/wp-content\/uploads\/2012\/06\/rodrigo-mondaca-escudero.jpg?resize=200%2C123&amp;ssl=1 200w, https:\/\/i0.wp.com\/eltrabajo.cl\/portal\/wp-content\/uploads\/2012\/06\/rodrigo-mondaca-escudero.jpg?resize=150%2C92&amp;ssl=1 150w, https:\/\/i0.wp.com\/eltrabajo.cl\/portal\/wp-content\/uploads\/2012\/06\/rodrigo-mondaca-escudero.jpg?resize=400%2C246&amp;ssl=1 400w, https:\/\/i0.wp.com\/eltrabajo.cl\/portal\/wp-content\/uploads\/2012\/06\/rodrigo-mondaca-escudero.jpg?w=600&amp;ssl=1 600w\" sizes=\"auto, (max-width: 300px) 100vw, 300px\" \/><\/a><figcaption id=\"caption-attachment-20148\" class=\"wp-caption-text\">El imputado Rodrigo Mondaca Escudero, ser\u00e1 formalizado por el delito de Inhumaci\u00f3n Ilegal por disponer aparentemente del cuerpo de Guillermo C\u00f3rdova tras ser asesinado y enterrarlo en el sector alto de Campos de Ahumada.<\/figcaption><\/figure>\n<p>Pablo Salinas Sald\u00edas &#8211; psalinas@eltrabajo.cl<\/p>\n<p>En audiencia programada para el d\u00eda de hoy viernes, el Ministerio P\u00fablico agregar\u00e1 un segundo delito de inhumaci\u00f3n ilegal en contra de Rodrigo Mondaca Escudero, acusado de ser el homicida de Guillermo C\u00f3rdova Klein, cuyo cuerpo fue encontrado el pasado 29 de octubre del 2011 semienterrado en el sector alto de Campos de Ahumada en la comuna de San Esteban.<\/p>\n<p>De acuerdo a la investigaci\u00f3n desplegada por la Fiscal\u00eda hace exactamente ocho meses de ocurridos los hechos, se estableci\u00f3 en la autopsia realizada por el M\u00e9dico Legista que Guillermo C\u00f3rdova muri\u00f3 de asfixia por estrangulamiento, adem\u00e1s de 6 impactos de bala en el abdomen, lo que hasta la fecha ha sido materia de investigaci\u00f3n por la justicia, logrando capturar al \u00fanico imputado en este horrible crimen, Mondaca Escudero, quien se encuentra bajo las medidas cautelares de prisi\u00f3n preventiva, luego de la formalizaci\u00f3n de cargos que se realiz\u00f3 el pasado 31 de octubre en el Juzgado de Garant\u00eda de San Felipe por el delito de homicidio.<\/p>\n<figure id=\"attachment_20149\" aria-describedby=\"caption-attachment-20149\" style=\"width: 300px\" class=\"wp-caption alignright\"><a href=\"http:\/\/www.eltrabajo.cl\/portal\/2012\/06\/formalizaran-por-inhumacion-ilegal-a-presunto-homicida-de-cordova-klein\/escena-del-crimen-2\/\" rel=\"attachment wp-att-20149\"><img data-recalc-dims=\"1\" loading=\"lazy\" decoding=\"async\" class=\"size-medium wp-image-20149\" title=\"Escena del crimen\" src=\"https:\/\/i0.wp.com\/www.eltrabajo.cl\/portal\/wp-content\/uploads\/2012\/06\/Escena-del-crimen-300x225.jpg?resize=300%2C225\" alt=\"\" width=\"300\" height=\"225\" srcset=\"https:\/\/i0.wp.com\/eltrabajo.cl\/portal\/wp-content\/uploads\/2012\/06\/Escena-del-crimen.jpg?resize=300%2C225&amp;ssl=1 300w, https:\/\/i0.wp.com\/eltrabajo.cl\/portal\/wp-content\/uploads\/2012\/06\/Escena-del-crimen.jpg?resize=200%2C150&amp;ssl=1 200w, https:\/\/i0.wp.com\/eltrabajo.cl\/portal\/wp-content\/uploads\/2012\/06\/Escena-del-crimen.jpg?resize=150%2C112&amp;ssl=1 150w, https:\/\/i0.wp.com\/eltrabajo.cl\/portal\/wp-content\/uploads\/2012\/06\/Escena-del-crimen.jpg?resize=400%2C300&amp;ssl=1 400w, https:\/\/i0.wp.com\/eltrabajo.cl\/portal\/wp-content\/uploads\/2012\/06\/Escena-del-crimen.jpg?w=600&amp;ssl=1 600w\" sizes=\"auto, (max-width: 300px) 100vw, 300px\" \/><\/a><figcaption id=\"caption-attachment-20149\" class=\"wp-caption-text\">Personal de la SIP de Carabineros de San Felipe logr\u00f3 encontrar el cuerpo de la v\u00edctima semienterrado, luego de permanecer desaparecido 11 d\u00edas.<\/figcaption><\/figure>\n<p>Seg\u00fan los reportes entregados por la madre de la v\u00edctima, Yorka Klein, explica los extra\u00f1os sucesos que ocurrieron cuando su hijo Guillermo se encontraba desaparecido once d\u00edas: \u00abLuego de ser asaltados en la villa Departamental, cuando se dispon\u00edan a comprar un mill\u00f3n de pesos en marihuana, Rodrigo (Mondaca, el homicida) y Guillermo (la v\u00edctima) se desplazaron por el camino de Hacienda de Quilpu\u00e9 en la moto conducida por Guillermo en direcci\u00f3n al domicilio de Rodrigo en la comuna de Santa Mar\u00eda. Un veterano trabajador que estaba limpiando el patio, arrancando el pasto, declara que llega mi hijo muy sonriente con Rodrigo contento a la casa y lo saluda ingresando al interior. En eso Rodrigo se devolvi\u00f3 y le dice al veterano que vaya a comprar cigarros y que se demore porque \u2018van a haber \u2018truenos\u2019. En la mitad del camino a comprar dice que sinti\u00f3 unos disparos y \u00e9l igual se demor\u00f3. Al regresar con lo ordenado, en su entrada observ\u00f3 que Guillermo estaba muerto sobre un colch\u00f3n, boca arriba. No me cabe duda que Rodrigo Mondaca es el asesino de mi hijo, seg\u00fan mi hip\u00f3tesis lo asaltaron, se ofusc\u00f3 y lo mat\u00f3, pero hay otras personas involucradas porque s\u00f3lo no pudo haberlo llevado hacia Campos de Ahumada\u00bb, declar\u00f3 Yorka a Diario El Trabajo en aquella oportunidad.<\/p>\n<p>Gracias a los relatos entregados por testigos, fue posible ir armando el rompecabezas por parte de Carabineros de la Secci\u00f3n de Investigaci\u00f3n Policial, SIP de San Felipe, quienes lograron dar con el paradero de Guillermo, tras el testimonio de una ni\u00f1a de 12 a\u00f1os que declar\u00f3 saber donde enterraron a la v\u00edctima, dejando un camino con piedras que le sirvieron a la polic\u00eda para dar con el cuerpo.<\/p>\n<p>Seg\u00fan se pudo conocer, el imputado est\u00e1 siendo defendido por un abogado particular, quien ha solicitado ante el Magistrado la extensi\u00f3n del plazo de investigaci\u00f3n del caso, por lo que hasta el momento se vislumbra la realizaci\u00f3n de un Juicio Oral a finales de este a\u00f1o.<\/p>\n<p>Por su parte el Fiscal Osvaldo Basso espera la ponderaci\u00f3n de este segundo delito que se presentar\u00e1 el d\u00eda de hoy: \u00abSe va a persistir en el delito de Homicidio por lo cual fue formalizado, pero se va agregar un segundo il\u00edcito que es el de \u2018Inhumaci\u00f3n Ilegal\u2019 que es de tipo penal que establece nuestro c\u00f3digo punitivo y por el cual tambi\u00e9n se habr\u00e1n de pedir las sanciones que correspondan, se va a instar a que el Tribunal pondere la prueba que se va a presentar para configurar el delito que parte con una pena de 61 d\u00edas a tres a\u00f1os. Se va a proceder al cierre de la causa y dentro de un plazo de diez d\u00edas el Ministerio P\u00fablico va a presentar la acusaci\u00f3n de los dos delitos, donde el Tribunal fijar\u00e1 fecha para realizar una audiencia de preparaci\u00f3n de Juicio Oral\u00bb, puntualiz\u00f3 el persecutor.<\/p>\n<p>&nbsp;<\/p>\n","protected":false},"excerpt":{"rendered":"<p>Pablo Salinas Sald\u00edas &#8211; psalinas@eltrabajo.cl En audiencia programada para el d\u00eda de hoy viernes, el Ministerio P\u00fablico agregar\u00e1 un segundo delito de inhumaci\u00f3n ilegal en contra de Rodrigo Mondaca Escudero, acusado de&#8230;<\/p>\n","protected":false},"author":482,"featured_media":20148,"comment_status":"open","ping_status":"closed","sticky":false,"template":"","format":"standard","meta":{"advanced_seo_description":"","jetpack_seo_html_title":"","jetpack_seo_noindex":false,"_jetpack_memberships_contains_paid_content":false,"footnotes":""},"categories":[21],"tags":[],"class_list":["post-20147","post","type-post","status-publish","format-standard","has-post-thumbnail","hentry","category-policial"],"jetpack_featured_media_url":"https:\/\/i0.wp.com\/eltrabajo.cl\/portal\/wp-content\/uploads\/2012\/06\/rodrigo-mondaca-escudero.jpg?fit=600%2C370&ssl=1","jetpack_sharing_enabled":true,"jetpack_likes_enabled":true,"jetpack-related-posts":[],"_links":{"self":[{"href":"https:\/\/eltrabajo.cl\/portal\/wp-json\/wp\/v2\/posts\/20147","targetHints":{"allow":["GET"]}}],"collection":[{"href":"https:\/\/eltrabajo.cl\/portal\/wp-json\/wp\/v2\/posts"}],"about":[{"href":"https:\/\/eltrabajo.cl\/portal\/wp-json\/wp\/v2\/types\/post"}],"author":[{"embeddable":true,"href":"https:\/\/eltrabajo.cl\/portal\/wp-json\/wp\/v2\/users\/482"}],"replies":[{"embeddable":true,"href":"https:\/\/eltrabajo.cl\/portal\/wp-json\/wp\/v2\/comments?post=20147"}],"version-history":[{"count":0,"href":"https:\/\/eltrabajo.cl\/portal\/wp-json\/wp\/v2\/posts\/20147\/revisions"}],"wp:featuredmedia":[{"embeddable":true,"href":"https:\/\/eltrabajo.cl\/portal\/wp-json\/wp\/v2\/media\/20148"}],"wp:attachment":[{"href":"https:\/\/eltrabajo.cl\/portal\/wp-json\/wp\/v2\/media?parent=20147"}],"wp:term":[{"taxonomy":"category","embeddable":true,"href":"https:\/\/eltrabajo.cl\/portal\/wp-json\/wp\/v2\/categories?post=20147"},{"taxonomy":"post_tag","embeddable":true,"href":"https:\/\/eltrabajo.cl\/portal\/wp-json\/wp\/v2\/tags?post=20147"}],"curies":[{"name":"wp","href":"https:\/\/api.w.org\/{rel}","templated":true}]}}