{"id":20160,"date":"2012-07-03T10:26:46","date_gmt":"2012-07-03T14:26:46","guid":{"rendered":"http:\/\/www.eltrabajo.cl\/portal\/?p=20160"},"modified":"2012-07-03T10:33:05","modified_gmt":"2012-07-03T14:33:05","slug":"vecinos-de-poblacion-ejercito-libertador-indignados-por-barrial-en-sus-pasajes","status":"publish","type":"post","link":"https:\/\/eltrabajo.cl\/portal\/vecinos-de-poblacion-ejercito-libertador-indignados-por-barrial-en-sus-pasajes\/","title":{"rendered":"Vecinos de Poblaci\u00f3n Ej\u00e9rcito Libertador indignados por barrial en sus pasajes"},"content":{"rendered":"<p><strong>PUTAENDO.-<\/strong> Varios vecinos de la poblaci\u00f3n Ej\u00e9rcito Libertador, han expresado su indignaci\u00f3n por el barrial que se ha originado en dos de los pasajes de esta poblaci\u00f3n y en la arteria principal luego de las \u00faltimas lluvias ca\u00eddas en la comuna a prop\u00f3sito de los trabajos que ah\u00ed se est\u00e1n desarrollando. A principios de esta semana comenzaron los trabajos tendientes a la reparaci\u00f3n y construcci\u00f3n de veredas nuevas en dos de los pasajes y en la arteria principal, adem\u00e1s de la pavimentaci\u00f3n de un tramo que no cuenta con asfalto en el mencionado sector.<\/p>\n<p>La Presidente de la Junta de Vecinos del sector, Iris Reyes, dijo que los vecinos se encuentran indignados tras la decisi\u00f3n de la empresa y que hab\u00eda expresado su molestar al Alcalde Guillermo Reyes, el que se hab\u00eda comprometido a visitar la poblaci\u00f3n y ver en terreno la preocupante situaci\u00f3n que hoy viven a causa de este barrial, que perfectamente se pudo haber evitado si la empresa ejecutora de las obras hubiese sido un poco m\u00e1s cautelosa en cuanto a la ejecuci\u00f3n de las obras.<\/p>\n<p>Si bien es cierto, estos trabajos eran largamente esperados por los vecinos del sector y significan una mejora en las deterioradas veredas, y por ende; un adelanto para la comunidad, no es menos cierto que varios vecinos expresaron su descontento con la empresa ejecutora de las obras, que decidi\u00f3 de una sola vez, romper todas las veredas y no realizar los trabajos en forma parcializada, lo que origin\u00f3 que desde el viernes, cuando comenzaron a caer las primeras lluvias, todo el movimiento de tierra que la empresa hab\u00eda realizado, se transformara hoy en un barrial que tiene convertidos dos pasajes de esta poblaci\u00f3n, en sectores pr\u00e1cticamente intransitables.<\/p>\n<p><strong>Patricio Gallardo<\/strong><\/p>\n<p>&nbsp;<\/p>\n","protected":false},"excerpt":{"rendered":"<p>PUTAENDO.- Varios vecinos de la poblaci\u00f3n Ej\u00e9rcito Libertador, han expresado su indignaci\u00f3n por el barrial que se ha originado en dos de los pasajes de esta poblaci\u00f3n y en la arteria principal&#8230;<\/p>\n","protected":false},"author":482,"featured_media":20161,"comment_status":"open","ping_status":"closed","sticky":false,"template":"","format":"standard","meta":{"advanced_seo_description":"","jetpack_seo_html_title":"","jetpack_seo_noindex":false,"_jetpack_memberships_contains_paid_content":false,"footnotes":""},"categories":[1],"tags":[],"class_list":["post-20160","post","type-post","status-publish","format-standard","has-post-thumbnail","hentry","category-cronica"],"jetpack_featured_media_url":"https:\/\/i0.wp.com\/eltrabajo.cl\/portal\/wp-content\/uploads\/2012\/07\/Barriales1.jpg?fit=600%2C450&ssl=1","jetpack_sharing_enabled":true,"jetpack_likes_enabled":true,"jetpack-related-posts":[],"_links":{"self":[{"href":"https:\/\/eltrabajo.cl\/portal\/wp-json\/wp\/v2\/posts\/20160","targetHints":{"allow":["GET"]}}],"collection":[{"href":"https:\/\/eltrabajo.cl\/portal\/wp-json\/wp\/v2\/posts"}],"about":[{"href":"https:\/\/eltrabajo.cl\/portal\/wp-json\/wp\/v2\/types\/post"}],"author":[{"embeddable":true,"href":"https:\/\/eltrabajo.cl\/portal\/wp-json\/wp\/v2\/users\/482"}],"replies":[{"embeddable":true,"href":"https:\/\/eltrabajo.cl\/portal\/wp-json\/wp\/v2\/comments?post=20160"}],"version-history":[{"count":0,"href":"https:\/\/eltrabajo.cl\/portal\/wp-json\/wp\/v2\/posts\/20160\/revisions"}],"wp:featuredmedia":[{"embeddable":true,"href":"https:\/\/eltrabajo.cl\/portal\/wp-json\/wp\/v2\/media\/20161"}],"wp:attachment":[{"href":"https:\/\/eltrabajo.cl\/portal\/wp-json\/wp\/v2\/media?parent=20160"}],"wp:term":[{"taxonomy":"category","embeddable":true,"href":"https:\/\/eltrabajo.cl\/portal\/wp-json\/wp\/v2\/categories?post=20160"},{"taxonomy":"post_tag","embeddable":true,"href":"https:\/\/eltrabajo.cl\/portal\/wp-json\/wp\/v2\/tags?post=20160"}],"curies":[{"name":"wp","href":"https:\/\/api.w.org\/{rel}","templated":true}]}}