{"id":20176,"date":"2012-07-03T10:52:35","date_gmt":"2012-07-03T14:52:35","guid":{"rendered":"http:\/\/www.eltrabajo.cl\/portal\/?p=20176"},"modified":"2012-07-03T10:52:35","modified_gmt":"2012-07-03T14:52:35","slug":"se-lanzo-programa-%e2%80%98un-cuento-al-dia%e2%80%99-para-estimular-a-los-peques-en-la-sana-lectura","status":"publish","type":"post","link":"https:\/\/eltrabajo.cl\/portal\/se-lanzo-programa-%e2%80%98un-cuento-al-dia%e2%80%99-para-estimular-a-los-peques-en-la-sana-lectura\/","title":{"rendered":"Se lanz\u00f3 programa \u2018Un cuento al d\u00eda\u2019 para estimular a los peques en la sana lectura"},"content":{"rendered":"<figure id=\"attachment_20177\" aria-describedby=\"caption-attachment-20177\" style=\"width: 600px\" class=\"wp-caption alignnone\"><a href=\"http:\/\/www.eltrabajo.cl\/portal\/2012\/07\/se-lanzo-programa-%e2%80%98un-cuento-al-dia%e2%80%99-para-estimular-a-los-peques-en-la-sana-lectura\/gobernadora1-2\/\" rel=\"attachment wp-att-20177\"><img data-recalc-dims=\"1\" loading=\"lazy\" decoding=\"async\" class=\"size-full wp-image-20177\" title=\"Gobernadora1\" src=\"https:\/\/i0.wp.com\/www.eltrabajo.cl\/portal\/wp-content\/uploads\/2012\/07\/Gobernadora1.jpg?resize=600%2C450\" alt=\"\" width=\"600\" height=\"450\" srcset=\"https:\/\/i0.wp.com\/eltrabajo.cl\/portal\/wp-content\/uploads\/2012\/07\/Gobernadora1.jpg?w=600&amp;ssl=1 600w, https:\/\/i0.wp.com\/eltrabajo.cl\/portal\/wp-content\/uploads\/2012\/07\/Gobernadora1.jpg?resize=200%2C150&amp;ssl=1 200w, https:\/\/i0.wp.com\/eltrabajo.cl\/portal\/wp-content\/uploads\/2012\/07\/Gobernadora1.jpg?resize=300%2C225&amp;ssl=1 300w, https:\/\/i0.wp.com\/eltrabajo.cl\/portal\/wp-content\/uploads\/2012\/07\/Gobernadora1.jpg?resize=150%2C112&amp;ssl=1 150w, https:\/\/i0.wp.com\/eltrabajo.cl\/portal\/wp-content\/uploads\/2012\/07\/Gobernadora1.jpg?resize=400%2C300&amp;ssl=1 400w\" sizes=\"auto, (max-width: 600px) 100vw, 600px\" \/><\/a><figcaption id=\"caption-attachment-20177\" class=\"wp-caption-text\">El lanzamiento de \u2018Un cuento al D\u00eda\u2019, consistente en la entrega de ejemplares a jardines infantiles.<\/figcaption><\/figure>\n<p>A trav\u00e9s del Programa Plan Nacional de Fomento a la Lectura \u2018Lee Chile Lee\u2019, se realiz\u00f3 en la comuna de San Felipe, el lanzamiento de \u2018Un cuento al D\u00eda\u2019, consistente en la entrega de ejemplares a jardines infantiles.<\/p>\n<p>La actividad que tuvo lugar en el Sal\u00f3n de Honor de la Municipalidad de San Felipe, cont\u00f3 con la asistencia de la Gobernadora Provincial Patricia Boffa; Federico Botto Coordinador del Fomento a las Artes y Muestras Creativas de la Direcci\u00f3n Regional de Cultura, adem\u00e1s de directores de jardines infantiles que dependen de Junji y encargados comunales de las Dibam.<\/p>\n<p>De acuerdo a lo explicado por Boffa, para fomentar el gusto por la lectura en los ni\u00f1os, es importante ante todo, convertir esta experiencia en un espacio de recreaci\u00f3n, encuentro, intimidad y comunicaci\u00f3n.<\/p>\n<p>\u201cUna buena manera de iniciar a los ni\u00f1os en la lectura es a trav\u00e9s de los cuentos, poemas infantiles, historietas, textos informativos, libros \u00e1lbumes, entre otros. Ac\u00e9rquenlos a la pr\u00e1ctica lectora desde sus primeros a\u00f1os de infancia. De esa manera, podr\u00e1n incorporar la lectura como un momento habitual en su vida cotidiana\u201d, coment\u00f3 Boffa.<\/p>\n<p>\u201cElija un momento al d\u00eda para dedicarlo a la lectura en voz alta, este se puede convertir en un espacio que los ni\u00f1os reconocer\u00e1n y anticipar\u00e1n diariamente, adem\u00e1s qui\u00e9n acompa\u00f1a a los ni\u00f1os en sus lecturas debe orientar sus elecciones para que encuentren sus propios libros, es muy importante no obligar ni imponer, m\u00e1s bien sugerir y apoyar en la b\u00fasqueda de sus lecturas individuales\u201d, explic\u00f3 la Gobernadora.<\/p>\n<p>Leer todas las noches, por ejemplo, un cuento, una historia o un poema a los ni\u00f1os puede beneficiarlos enormemente.<\/p>\n<p>La lectura estimula su lenguaje e imaginaci\u00f3n y mediante esta experiencia crea v\u00ednculos de cercan\u00eda y afecto con ellos.<\/p>\n<p>&nbsp;<\/p>\n","protected":false},"excerpt":{"rendered":"<p>A trav\u00e9s del Programa Plan Nacional de Fomento a la Lectura \u2018Lee Chile Lee\u2019, se realiz\u00f3 en la comuna de San Felipe, el lanzamiento de \u2018Un cuento al D\u00eda\u2019, consistente en la&#8230;<\/p>\n","protected":false},"author":482,"featured_media":20177,"comment_status":"open","ping_status":"closed","sticky":false,"template":"","format":"standard","meta":{"advanced_seo_description":"","jetpack_seo_html_title":"","jetpack_seo_noindex":false,"_jetpack_memberships_contains_paid_content":false,"footnotes":""},"categories":[1],"tags":[],"class_list":["post-20176","post","type-post","status-publish","format-standard","has-post-thumbnail","hentry","category-cronica"],"jetpack_featured_media_url":"https:\/\/i0.wp.com\/eltrabajo.cl\/portal\/wp-content\/uploads\/2012\/07\/Gobernadora1.jpg?fit=600%2C450&ssl=1","jetpack_sharing_enabled":true,"jetpack_likes_enabled":true,"jetpack-related-posts":[],"_links":{"self":[{"href":"https:\/\/eltrabajo.cl\/portal\/wp-json\/wp\/v2\/posts\/20176","targetHints":{"allow":["GET"]}}],"collection":[{"href":"https:\/\/eltrabajo.cl\/portal\/wp-json\/wp\/v2\/posts"}],"about":[{"href":"https:\/\/eltrabajo.cl\/portal\/wp-json\/wp\/v2\/types\/post"}],"author":[{"embeddable":true,"href":"https:\/\/eltrabajo.cl\/portal\/wp-json\/wp\/v2\/users\/482"}],"replies":[{"embeddable":true,"href":"https:\/\/eltrabajo.cl\/portal\/wp-json\/wp\/v2\/comments?post=20176"}],"version-history":[{"count":0,"href":"https:\/\/eltrabajo.cl\/portal\/wp-json\/wp\/v2\/posts\/20176\/revisions"}],"wp:featuredmedia":[{"embeddable":true,"href":"https:\/\/eltrabajo.cl\/portal\/wp-json\/wp\/v2\/media\/20177"}],"wp:attachment":[{"href":"https:\/\/eltrabajo.cl\/portal\/wp-json\/wp\/v2\/media?parent=20176"}],"wp:term":[{"taxonomy":"category","embeddable":true,"href":"https:\/\/eltrabajo.cl\/portal\/wp-json\/wp\/v2\/categories?post=20176"},{"taxonomy":"post_tag","embeddable":true,"href":"https:\/\/eltrabajo.cl\/portal\/wp-json\/wp\/v2\/tags?post=20176"}],"curies":[{"name":"wp","href":"https:\/\/api.w.org\/{rel}","templated":true}]}}