{"id":20181,"date":"2012-07-03T10:57:18","date_gmt":"2012-07-03T14:57:18","guid":{"rendered":"http:\/\/www.eltrabajo.cl\/portal\/?p=20181"},"modified":"2012-07-03T10:57:18","modified_gmt":"2012-07-03T14:57:18","slug":"realizaron-mesa-de-trabajo-para-analizar-el-programa-barrio-en-paz-residencial","status":"publish","type":"post","link":"https:\/\/eltrabajo.cl\/portal\/realizaron-mesa-de-trabajo-para-analizar-el-programa-barrio-en-paz-residencial\/","title":{"rendered":"Realizaron Mesa de Trabajo para analizar el programa Barrio en Paz Residencial"},"content":{"rendered":"<figure id=\"attachment_20182\" aria-describedby=\"caption-attachment-20182\" style=\"width: 600px\" class=\"wp-caption alignnone\"><a href=\"http:\/\/www.eltrabajo.cl\/portal\/2012\/07\/realizaron-mesa-de-trabajo-para-analizar-el-programa-barrio-en-paz-residencial\/plaza-de-armas\/\" rel=\"attachment wp-att-20182\"><img data-recalc-dims=\"1\" loading=\"lazy\" decoding=\"async\" class=\"size-full wp-image-20182\" title=\"plaza de armas\" src=\"https:\/\/i0.wp.com\/www.eltrabajo.cl\/portal\/wp-content\/uploads\/2012\/07\/plaza-de-armas.jpg?resize=600%2C400\" alt=\"\" width=\"600\" height=\"400\" srcset=\"https:\/\/i0.wp.com\/eltrabajo.cl\/portal\/wp-content\/uploads\/2012\/07\/plaza-de-armas.jpg?w=600&amp;ssl=1 600w, https:\/\/i0.wp.com\/eltrabajo.cl\/portal\/wp-content\/uploads\/2012\/07\/plaza-de-armas.jpg?resize=200%2C133&amp;ssl=1 200w, https:\/\/i0.wp.com\/eltrabajo.cl\/portal\/wp-content\/uploads\/2012\/07\/plaza-de-armas.jpg?resize=300%2C200&amp;ssl=1 300w, https:\/\/i0.wp.com\/eltrabajo.cl\/portal\/wp-content\/uploads\/2012\/07\/plaza-de-armas.jpg?resize=150%2C100&amp;ssl=1 150w, https:\/\/i0.wp.com\/eltrabajo.cl\/portal\/wp-content\/uploads\/2012\/07\/plaza-de-armas.jpg?resize=400%2C266&amp;ssl=1 400w\" sizes=\"auto, (max-width: 600px) 100vw, 600px\" \/><\/a><figcaption id=\"caption-attachment-20182\" class=\"wp-caption-text\">Durante la reuni\u00f3n se analiz\u00f3 el trabajo que se viene realizando en el marco del programa Barrio en Paz Residencial.<\/figcaption><\/figure>\n<p>El viernes reci\u00e9n pasado y con el objetivo de evaluar el trabajo que se viene realizando en el marco del programa Barrio Comercial en Paz; que forma parte de la iniciativa Chile Seguro, la Gobernadora Patricia Boffa encabez\u00f3 una reuni\u00f3n de trabajo con las Polic\u00edas y servicios p\u00fablicos. Durante la reuni\u00f3n se analiz\u00f3 el plan de trabajo, conocido como Nops, que eval\u00faa necesidades, oportunidades, problemas y soluciones, que se ha realizado hasta la fecha y sus resultados.<\/p>\n<p>Seg\u00fan explic\u00f3 la Gobernadora, durante este tiempo se ha hecho un llamado al autocuidado de las personas, a lo que se suma un reforzamiento de la coordinaci\u00f3n con Carabineros, lo que ha permitido una mayor vigilancia dentro del sector donde funciona el plan Barrio en Paz residencial.<\/p>\n<p>Durante este tiempo adem\u00e1s, la Gobernaci\u00f3n solicit\u00f3 al municipio un catastro con las casas desocupadas y sitios eriazos que se ubican dentro del damero central de San Felipe, tomando en cuenta que es por los techos por donde han ingresado los delincuentes en el \u00faltimo tiempo, para realizar los robos a locales comerciales, y el hecho de contar con viviendas desocupadas facilita el accionar de los antisociales. El municipio se comprometi\u00f3 a entregar el documento en el menor tiempo posible.<\/p>\n<p>En la reuni\u00f3n participaron tambi\u00e9n profesionales de la Subsecretar\u00eda del Delito, quienes se mostraron conformes con este encuentro de trabajo, ya que vieron la labor que se est\u00e1 realizando y el compromiso de los distintos actores para lograr cambiar el escenario delictual que se ven\u00eda apreciando en el sector c\u00e9ntrico de la comuna.<\/p>\n<p>\u201cEl trabajo se est\u00e1 haciendo, hemos visto como Carabineros ha actuado de forma r\u00e1pida y eficiente en los robos dentro de la comuna\u201d, dijo la autoridad provincial. En tanto esta Mesa, seguir\u00e1 trabajando y manteniendo reuniones con los vecinos, la C\u00e1mara de Comercio, las polic\u00edas y los servicios p\u00fablicos.<\/p>\n<p>&nbsp;<\/p>\n","protected":false},"excerpt":{"rendered":"<p>El viernes reci\u00e9n pasado y con el objetivo de evaluar el trabajo que se viene realizando en el marco del programa Barrio Comercial en Paz; que forma parte de la iniciativa Chile&#8230;<\/p>\n","protected":false},"author":482,"featured_media":20182,"comment_status":"open","ping_status":"closed","sticky":false,"template":"","format":"standard","meta":{"advanced_seo_description":"","jetpack_seo_html_title":"","jetpack_seo_noindex":false,"_jetpack_memberships_contains_paid_content":false,"footnotes":""},"categories":[1],"tags":[],"class_list":["post-20181","post","type-post","status-publish","format-standard","has-post-thumbnail","hentry","category-cronica"],"jetpack_featured_media_url":"https:\/\/i0.wp.com\/eltrabajo.cl\/portal\/wp-content\/uploads\/2012\/07\/plaza-de-armas.jpg?fit=600%2C400&ssl=1","jetpack_sharing_enabled":true,"jetpack_likes_enabled":true,"jetpack-related-posts":[],"_links":{"self":[{"href":"https:\/\/eltrabajo.cl\/portal\/wp-json\/wp\/v2\/posts\/20181","targetHints":{"allow":["GET"]}}],"collection":[{"href":"https:\/\/eltrabajo.cl\/portal\/wp-json\/wp\/v2\/posts"}],"about":[{"href":"https:\/\/eltrabajo.cl\/portal\/wp-json\/wp\/v2\/types\/post"}],"author":[{"embeddable":true,"href":"https:\/\/eltrabajo.cl\/portal\/wp-json\/wp\/v2\/users\/482"}],"replies":[{"embeddable":true,"href":"https:\/\/eltrabajo.cl\/portal\/wp-json\/wp\/v2\/comments?post=20181"}],"version-history":[{"count":0,"href":"https:\/\/eltrabajo.cl\/portal\/wp-json\/wp\/v2\/posts\/20181\/revisions"}],"wp:featuredmedia":[{"embeddable":true,"href":"https:\/\/eltrabajo.cl\/portal\/wp-json\/wp\/v2\/media\/20182"}],"wp:attachment":[{"href":"https:\/\/eltrabajo.cl\/portal\/wp-json\/wp\/v2\/media?parent=20181"}],"wp:term":[{"taxonomy":"category","embeddable":true,"href":"https:\/\/eltrabajo.cl\/portal\/wp-json\/wp\/v2\/categories?post=20181"},{"taxonomy":"post_tag","embeddable":true,"href":"https:\/\/eltrabajo.cl\/portal\/wp-json\/wp\/v2\/tags?post=20181"}],"curies":[{"name":"wp","href":"https:\/\/api.w.org\/{rel}","templated":true}]}}