{"id":20185,"date":"2012-07-03T10:59:13","date_gmt":"2012-07-03T14:59:13","guid":{"rendered":"http:\/\/www.eltrabajo.cl\/portal\/?p=20185"},"modified":"2012-07-03T10:59:13","modified_gmt":"2012-07-03T14:59:13","slug":"alegara-en-la-corte-suprema-luego-que-municipio-se-acogio-el-recurso-de-unificacion-de-jurisprudencia","status":"publish","type":"post","link":"https:\/\/eltrabajo.cl\/portal\/alegara-en-la-corte-suprema-luego-que-municipio-se-acogio-el-recurso-de-unificacion-de-jurisprudencia\/","title":{"rendered":"Alegar\u00e1 en la Corte Suprema luego que municipio se acogi\u00f3 el Recurso de Unificaci\u00f3n de Jurisprudencia"},"content":{"rendered":"<figure id=\"attachment_20186\" aria-describedby=\"caption-attachment-20186\" style=\"width: 266px\" class=\"wp-caption alignleft\"><a href=\"http:\/\/www.eltrabajo.cl\/portal\/2012\/07\/alegara-en-la-corte-suprema-luego-que-municipio-se-acogio-el-recurso-de-unificacion-de-jurisprudencia\/paulina1-4\/\" rel=\"attachment wp-att-20186\"><img data-recalc-dims=\"1\" loading=\"lazy\" decoding=\"async\" class=\"size-medium wp-image-20186\" title=\"Paulina1\" src=\"https:\/\/i0.wp.com\/www.eltrabajo.cl\/portal\/wp-content\/uploads\/2012\/07\/Paulina1-266x300.jpg?resize=266%2C300\" alt=\"\" width=\"266\" height=\"300\" srcset=\"https:\/\/i0.wp.com\/eltrabajo.cl\/portal\/wp-content\/uploads\/2012\/07\/Paulina1.jpg?resize=266%2C300&amp;ssl=1 266w, https:\/\/i0.wp.com\/eltrabajo.cl\/portal\/wp-content\/uploads\/2012\/07\/Paulina1.jpg?resize=133%2C150&amp;ssl=1 133w, https:\/\/i0.wp.com\/eltrabajo.cl\/portal\/wp-content\/uploads\/2012\/07\/Paulina1.jpg?resize=400%2C450&amp;ssl=1 400w, https:\/\/i0.wp.com\/eltrabajo.cl\/portal\/wp-content\/uploads\/2012\/07\/Paulina1.jpg?w=600&amp;ssl=1 600w\" sizes=\"auto, (max-width: 266px) 100vw, 266px\" \/><\/a><figcaption id=\"caption-attachment-20186\" class=\"wp-caption-text\">La Abogada del Municipio, Paulina Fern\u00e1ndez, se\u00f1al\u00f3 que esperan alegar pronto en la Corte Suprema, en una sala especial compuesta por Ministros expertos en Derecho Administrativo.<\/figcaption><\/figure>\n<p>Hace unos d\u00edas atr\u00e1s, la Corte\u00a0Suprema declar\u00f3 \u2018Admisible\u2019 el Recurso interpuesto en la Corte de Apelaciones de Valpara\u00edso, donde se est\u00e1 solicitando la Unificaci\u00f3n de Jurisprudencia en el caso del Bono SAE.<\/p>\n<p>As\u00ed lo dio a conocer la Abogada del Municipio, Paulina Fern\u00e1ndez, quien dijo adem\u00e1s que la Corte fij\u00f3 una fianza para que los profesores, en la eventualidad que quieran seguir con la tramitaci\u00f3n del juicio en Primera Instancia, es decir en el Tribunal Laboral de San Felipe, deban rendir una fianza de resulta, que fue fijada en ocho millones de pesos.<\/p>\n<p>\u201cHasta la fecha, los profesores no han hecho ninguna consignaci\u00f3n en el Tribunal Laboral de esta ciudad, por lo que debemos entender que ellos efectivamente se van a hacer parte en el Recurso de la Corte Suprema y van a esperar el resultado de este Recurso de Unificaci\u00f3n de Jurisprudencia\u201d, se\u00f1al\u00f3 Fern\u00e1ndez.<\/p>\n<p>La Abogada explic\u00f3 que con este Recurso, el Municipio de San Felipe le est\u00e1 presentando a la Corte, todas las otras sentencias de las Cortes de Apelaciones del pa\u00eds que han fallado a favor del Municipio y han declarado que el Bono SAE se calcula en la forma que indic\u00f3 la Contralor\u00eda General de la Rep\u00fablica y habiendo m\u00e1s cantidad de Fallos que favorecen los intereses municipales, se le est\u00e1 solicitando a la Corte Suprema que establezca una Unificaci\u00f3n de Jurisprudencia y que todas las Cortes de Apelaciones a lo largo del pa\u00eds, deban fallar estas causas en las mismas condiciones en que se han fallado en forma general.<\/p>\n<p>\u201cDerechamente lo que estamos solicitando, es que se acoja la Unificaci\u00f3n y se acoja la postura que tuvo el Municipio y que se sigue manteniendo, nosotros seguimos manteniendo que el c\u00e1lculo del Bono SAE se efectu\u00f3 de conformidad a las instrucciones impartidas por la Contralor\u00eda General, y es as\u00ed que el Tribunal reconoce al Municipio haber pagado en parte el Bono SAE\u201d, dijo la abogada.<\/p>\n<p>Esta es la \u00faltima instancia judicial, por ello el Municipio espera alegar pronto esta causa la que se alega en una sala especial de la Corte Suprema, cuyos integrantes son ministros con experiencia espec\u00edfica en Derecho Administrativo P\u00fablico.<\/p>\n<p>&nbsp;<\/p>\n","protected":false},"excerpt":{"rendered":"<p>Hace unos d\u00edas atr\u00e1s, la Corte\u00a0Suprema declar\u00f3 \u2018Admisible\u2019 el Recurso interpuesto en la Corte de Apelaciones de Valpara\u00edso, donde se est\u00e1 solicitando la Unificaci\u00f3n de Jurisprudencia en el caso del Bono SAE&#8230;.<\/p>\n","protected":false},"author":482,"featured_media":20186,"comment_status":"open","ping_status":"closed","sticky":false,"template":"","format":"standard","meta":{"advanced_seo_description":"","jetpack_seo_html_title":"","jetpack_seo_noindex":false,"_jetpack_memberships_contains_paid_content":false,"footnotes":""},"categories":[1],"tags":[],"class_list":["post-20185","post","type-post","status-publish","format-standard","has-post-thumbnail","hentry","category-cronica"],"jetpack_featured_media_url":"https:\/\/i0.wp.com\/eltrabajo.cl\/portal\/wp-content\/uploads\/2012\/07\/Paulina1.jpg?fit=600%2C675&ssl=1","jetpack_sharing_enabled":true,"jetpack_likes_enabled":true,"jetpack-related-posts":[],"_links":{"self":[{"href":"https:\/\/eltrabajo.cl\/portal\/wp-json\/wp\/v2\/posts\/20185","targetHints":{"allow":["GET"]}}],"collection":[{"href":"https:\/\/eltrabajo.cl\/portal\/wp-json\/wp\/v2\/posts"}],"about":[{"href":"https:\/\/eltrabajo.cl\/portal\/wp-json\/wp\/v2\/types\/post"}],"author":[{"embeddable":true,"href":"https:\/\/eltrabajo.cl\/portal\/wp-json\/wp\/v2\/users\/482"}],"replies":[{"embeddable":true,"href":"https:\/\/eltrabajo.cl\/portal\/wp-json\/wp\/v2\/comments?post=20185"}],"version-history":[{"count":0,"href":"https:\/\/eltrabajo.cl\/portal\/wp-json\/wp\/v2\/posts\/20185\/revisions"}],"wp:featuredmedia":[{"embeddable":true,"href":"https:\/\/eltrabajo.cl\/portal\/wp-json\/wp\/v2\/media\/20186"}],"wp:attachment":[{"href":"https:\/\/eltrabajo.cl\/portal\/wp-json\/wp\/v2\/media?parent=20185"}],"wp:term":[{"taxonomy":"category","embeddable":true,"href":"https:\/\/eltrabajo.cl\/portal\/wp-json\/wp\/v2\/categories?post=20185"},{"taxonomy":"post_tag","embeddable":true,"href":"https:\/\/eltrabajo.cl\/portal\/wp-json\/wp\/v2\/tags?post=20185"}],"curies":[{"name":"wp","href":"https:\/\/api.w.org\/{rel}","templated":true}]}}