{"id":20189,"date":"2012-07-03T11:01:38","date_gmt":"2012-07-03T15:01:38","guid":{"rendered":"http:\/\/www.eltrabajo.cl\/portal\/?p=20189"},"modified":"2012-07-03T11:01:38","modified_gmt":"2012-07-03T15:01:38","slug":"municipio-de-san-felipe-realizo-reunion-de-trabajo-con-operadores-del-transporte-publico","status":"publish","type":"post","link":"https:\/\/eltrabajo.cl\/portal\/municipio-de-san-felipe-realizo-reunion-de-trabajo-con-operadores-del-transporte-publico\/","title":{"rendered":"Municipio de San Felipe realiz\u00f3 reuni\u00f3n de trabajo con operadores del transporte p\u00fablico"},"content":{"rendered":"<figure id=\"attachment_20190\" aria-describedby=\"caption-attachment-20190\" style=\"width: 300px\" class=\"wp-caption alignleft\"><a href=\"http:\/\/www.eltrabajo.cl\/portal\/2012\/07\/municipio-de-san-felipe-realizo-reunion-de-trabajo-con-operadores-del-transporte-publico\/guillermo-orellana-1\/\" rel=\"attachment wp-att-20190\"><img data-recalc-dims=\"1\" loading=\"lazy\" decoding=\"async\" class=\"size-medium wp-image-20190\" title=\"guillermo orellana (1)\" src=\"https:\/\/i0.wp.com\/www.eltrabajo.cl\/portal\/wp-content\/uploads\/2012\/07\/guillermo-orellana-1-300x228.jpg?resize=300%2C228\" alt=\"\" width=\"300\" height=\"228\" srcset=\"https:\/\/i0.wp.com\/eltrabajo.cl\/portal\/wp-content\/uploads\/2012\/07\/guillermo-orellana-1.jpg?resize=300%2C228&amp;ssl=1 300w, https:\/\/i0.wp.com\/eltrabajo.cl\/portal\/wp-content\/uploads\/2012\/07\/guillermo-orellana-1.jpg?resize=196%2C150&amp;ssl=1 196w, https:\/\/i0.wp.com\/eltrabajo.cl\/portal\/wp-content\/uploads\/2012\/07\/guillermo-orellana-1.jpg?resize=150%2C114&amp;ssl=1 150w, https:\/\/i0.wp.com\/eltrabajo.cl\/portal\/wp-content\/uploads\/2012\/07\/guillermo-orellana-1.jpg?resize=400%2C304&amp;ssl=1 400w, https:\/\/i0.wp.com\/eltrabajo.cl\/portal\/wp-content\/uploads\/2012\/07\/guillermo-orellana-1.jpg?w=600&amp;ssl=1 600w\" sizes=\"auto, (max-width: 300px) 100vw, 300px\" \/><\/a><figcaption id=\"caption-attachment-20190\" class=\"wp-caption-text\">Guillermo Orellana se\u00f1al\u00f3 que esta reuni\u00f3n era para socializar el tema de ampliaci\u00f3n de trazados para el transporte p\u00fablico en San Felipe.<\/figcaption><\/figure>\n<p>Como parte de un trabajo de socializaci\u00f3n que est\u00e1 realizando el municipio de San Felipe, este viernes reci\u00e9n pasado organiz\u00f3 una reuni\u00f3n de trabajo con los dirigentes del Transporte Mayor de esta comuna, a quienes les informaron la modificaci\u00f3n de trazados del Transporte P\u00fablico de la comuna.<\/p>\n<p>Seg\u00fan explic\u00f3 Guillermo Orellana, Director de Tr\u00e1nsito de la Municipalidad, hace unos dos meses atr\u00e1s, el Concejo Municipal autoriz\u00f3 la incorporaci\u00f3n de las calles Michimalongo y Cherc\u00e1n Tapia, para que se sumen a los servicios de los trazados rurales. Ante esa situaci\u00f3n se pidi\u00f3 un informe a Carabineros, el que tambi\u00e9n se entreg\u00f3 a la Seremi.<\/p>\n<p>Estos an\u00e1lisis se enviaron a Transporte, para que dicte la resoluci\u00f3n posterior, para que los servicios puedan generar sus propios recorridos, resultado que lleg\u00f3 la semana pasada, y seg\u00fan se indica en esos documentos, ahora se debe socializar en todos los servicios la incorporaci\u00f3n de estas calles.<\/p>\n<p>\u201cY ese es el trabajo que estaos haciendo hoy d\u00eda, por eso junto a ello el Alcalde dio inicio a este trabajo con todos los operadores del sistema de la comuna, a quienes les indic\u00f3 los proyectos desde el punto de vista vial que se est\u00e1n haciendo, que est\u00e1n postulando, la circunvalaci\u00f3n y algunas mejoras importantes desde el punto de vista al nuevo ingreso a la ciudad\u201d, dijo Orellana.<\/p>\n<p><strong>A FAVOR Y EN CONTRA<\/strong><\/p>\n<p>Ante esta situaci\u00f3n y durante la reuni\u00f3n, algunas l\u00edneas se mostraron a favor de la incorporaci\u00f3n de las calles, aunque otras mostraron algunas diferencias.<\/p>\n<figure id=\"attachment_20191\" aria-describedby=\"caption-attachment-20191\" style=\"width: 300px\" class=\"wp-caption alignright\"><a href=\"http:\/\/www.eltrabajo.cl\/portal\/2012\/07\/municipio-de-san-felipe-realizo-reunion-de-trabajo-con-operadores-del-transporte-publico\/manuel-carvallo-2\/\" rel=\"attachment wp-att-20191\"><img data-recalc-dims=\"1\" loading=\"lazy\" decoding=\"async\" class=\"size-medium wp-image-20191\" title=\"manuel carvallo\" src=\"https:\/\/i0.wp.com\/www.eltrabajo.cl\/portal\/wp-content\/uploads\/2012\/07\/manuel-carvallo-300x209.jpg?resize=300%2C209\" alt=\"\" width=\"300\" height=\"209\" srcset=\"https:\/\/i0.wp.com\/eltrabajo.cl\/portal\/wp-content\/uploads\/2012\/07\/manuel-carvallo.jpg?resize=300%2C209&amp;ssl=1 300w, https:\/\/i0.wp.com\/eltrabajo.cl\/portal\/wp-content\/uploads\/2012\/07\/manuel-carvallo.jpg?resize=200%2C139&amp;ssl=1 200w, https:\/\/i0.wp.com\/eltrabajo.cl\/portal\/wp-content\/uploads\/2012\/07\/manuel-carvallo.jpg?resize=150%2C104&amp;ssl=1 150w, https:\/\/i0.wp.com\/eltrabajo.cl\/portal\/wp-content\/uploads\/2012\/07\/manuel-carvallo.jpg?resize=400%2C278&amp;ssl=1 400w, https:\/\/i0.wp.com\/eltrabajo.cl\/portal\/wp-content\/uploads\/2012\/07\/manuel-carvallo.jpg?w=600&amp;ssl=1 600w\" sizes=\"auto, (max-width: 300px) 100vw, 300px\" \/><\/a><figcaption id=\"caption-attachment-20191\" class=\"wp-caption-text\">El Presidente del Consejo Superior de Taxis Colectivos, se mostr\u00f3 contrario a esta propuesta y espera que en pr\u00f3ximas reuniones se pueda llegar a un acuerdo que beneficie a todos los operadores.<\/figcaption><\/figure>\n<p>\u201cHay algunas diferencias, m\u00e1s que nada desde el punto de vista operativo, hoy en d\u00eda sigue en tela de juicio que ellos, tanto los servicios urbanos como rurales hacen, dentro de una misma zona, duplicidad de servicios, esa es la discusi\u00f3n que ellos tienen, pero se les hizo ver que el tema se va a trabajar con la autoridad, con Carabineros\u201d, se\u00f1al\u00f3 Orellana.<\/p>\n<p>Precisamente, Manuel Carvallo, Presidente del Consejo Superior de Taxis Colectivos de San Felipe, destac\u00f3 la importancia de esta reuni\u00f3n, aunque se muestra contrario a lo que dice la propuesta.<\/p>\n<p>\u201cEl documento que hoy d\u00eda existe como propuesta, pr\u00e1cticamente se est\u00e1 abriendo una ampliaci\u00f3n de recorrido a los servicios rurales al interior de la zona urbana, no estamos en contra a los cambios que se est\u00e1n haciendo, todo lo contrario, pero no podemos permitir que un servicios cumpla una dualidad de funciones\u201d, asegur\u00f3 Carvallo.<\/p>\n<p><strong>NORMATIVA<\/strong><\/p>\n<p>Seg\u00fan Carvallo, actualmente existe una normativa, y en el caso de que la Locomoci\u00f3n Colectiva Mayor piense realizar un recorrido urbano, estar\u00eda violando esa normativa.<\/p>\n<p>\u201cEntonces si ellos quieren hacer un servicio urbano, h\u00e1ganlo, de hecho existe un servicio urbano, y esos servicios urbanos de Locomoci\u00f3n Mayor se est\u00e1n viendo tanto o m\u00e1s afectados que nosotros\u201d, indic\u00f3 el Directivo.<\/p>\n<p>Durante la reuni\u00f3n, el Consejo Superior de Taxis Colectivos firm\u00f3 un documento, mostrando su disconformidad y espera que existan m\u00e1s reuniones de trabajo donde se pueda llegar a acuerdo en esta propuesta o con mejoras.<\/p>\n<p>&nbsp;<\/p>\n","protected":false},"excerpt":{"rendered":"<p>Como parte de un trabajo de socializaci\u00f3n que est\u00e1 realizando el municipio de San Felipe, este viernes reci\u00e9n pasado organiz\u00f3 una reuni\u00f3n de trabajo con los dirigentes del Transporte Mayor de esta&#8230;<\/p>\n","protected":false},"author":482,"featured_media":20190,"comment_status":"open","ping_status":"closed","sticky":false,"template":"","format":"standard","meta":{"advanced_seo_description":"","jetpack_seo_html_title":"","jetpack_seo_noindex":false,"_jetpack_memberships_contains_paid_content":false,"footnotes":""},"categories":[1],"tags":[],"class_list":["post-20189","post","type-post","status-publish","format-standard","has-post-thumbnail","hentry","category-cronica"],"jetpack_featured_media_url":"https:\/\/i0.wp.com\/eltrabajo.cl\/portal\/wp-content\/uploads\/2012\/07\/guillermo-orellana-1.jpg?fit=600%2C457&ssl=1","jetpack_sharing_enabled":true,"jetpack_likes_enabled":true,"jetpack-related-posts":[],"_links":{"self":[{"href":"https:\/\/eltrabajo.cl\/portal\/wp-json\/wp\/v2\/posts\/20189","targetHints":{"allow":["GET"]}}],"collection":[{"href":"https:\/\/eltrabajo.cl\/portal\/wp-json\/wp\/v2\/posts"}],"about":[{"href":"https:\/\/eltrabajo.cl\/portal\/wp-json\/wp\/v2\/types\/post"}],"author":[{"embeddable":true,"href":"https:\/\/eltrabajo.cl\/portal\/wp-json\/wp\/v2\/users\/482"}],"replies":[{"embeddable":true,"href":"https:\/\/eltrabajo.cl\/portal\/wp-json\/wp\/v2\/comments?post=20189"}],"version-history":[{"count":0,"href":"https:\/\/eltrabajo.cl\/portal\/wp-json\/wp\/v2\/posts\/20189\/revisions"}],"wp:featuredmedia":[{"embeddable":true,"href":"https:\/\/eltrabajo.cl\/portal\/wp-json\/wp\/v2\/media\/20190"}],"wp:attachment":[{"href":"https:\/\/eltrabajo.cl\/portal\/wp-json\/wp\/v2\/media?parent=20189"}],"wp:term":[{"taxonomy":"category","embeddable":true,"href":"https:\/\/eltrabajo.cl\/portal\/wp-json\/wp\/v2\/categories?post=20189"},{"taxonomy":"post_tag","embeddable":true,"href":"https:\/\/eltrabajo.cl\/portal\/wp-json\/wp\/v2\/tags?post=20189"}],"curies":[{"name":"wp","href":"https:\/\/api.w.org\/{rel}","templated":true}]}}