{"id":20209,"date":"2012-07-03T11:08:13","date_gmt":"2012-07-03T15:08:13","guid":{"rendered":"http:\/\/www.eltrabajo.cl\/portal\/?p=20209"},"modified":"2012-07-03T11:08:13","modified_gmt":"2012-07-03T15:08:13","slug":"anuncian-millonario-proyecto-para-reponer-jardin-el-peneca-en-san-felipe","status":"publish","type":"post","link":"https:\/\/eltrabajo.cl\/portal\/anuncian-millonario-proyecto-para-reponer-jardin-el-peneca-en-san-felipe\/","title":{"rendered":"Anuncian millonario proyecto para reponer jard\u00edn El Peneca en San Felipe"},"content":{"rendered":"<figure id=\"attachment_20213\" aria-describedby=\"caption-attachment-20213\" style=\"width: 600px\" class=\"wp-caption alignnone\"><a href=\"http:\/\/www.eltrabajo.cl\/portal\/2012\/07\/anuncian-millonario-proyecto-para-reponer-jardin-el-peneca-en-san-felipe\/parvulario2\/\" rel=\"attachment wp-att-20213\"><img data-recalc-dims=\"1\" loading=\"lazy\" decoding=\"async\" class=\"size-full wp-image-20213\" title=\"Parvulario2\" src=\"https:\/\/i0.wp.com\/www.eltrabajo.cl\/portal\/wp-content\/uploads\/2012\/07\/Parvulario2.jpg?resize=600%2C343\" alt=\"\" width=\"600\" height=\"343\" srcset=\"https:\/\/i0.wp.com\/eltrabajo.cl\/portal\/wp-content\/uploads\/2012\/07\/Parvulario2.jpg?w=600&amp;ssl=1 600w, https:\/\/i0.wp.com\/eltrabajo.cl\/portal\/wp-content\/uploads\/2012\/07\/Parvulario2.jpg?resize=200%2C114&amp;ssl=1 200w, https:\/\/i0.wp.com\/eltrabajo.cl\/portal\/wp-content\/uploads\/2012\/07\/Parvulario2.jpg?resize=300%2C171&amp;ssl=1 300w, https:\/\/i0.wp.com\/eltrabajo.cl\/portal\/wp-content\/uploads\/2012\/07\/Parvulario2.jpg?resize=150%2C85&amp;ssl=1 150w, https:\/\/i0.wp.com\/eltrabajo.cl\/portal\/wp-content\/uploads\/2012\/07\/Parvulario2.jpg?resize=400%2C228&amp;ssl=1 400w\" sizes=\"auto, (max-width: 600px) 100vw, 600px\" \/><\/a><figcaption id=\"caption-attachment-20213\" class=\"wp-caption-text\">Esta gr\u00e1fica muestra c\u00f3mo ser\u00edan las instalaciones parvularias unas vez inauguradas.<\/figcaption><\/figure>\n<p>Una gran noticia para la comuna de San Felipe, entreg\u00f3 la Directora Regional de Junji, Evelyn Mansilla, quien anunci\u00f3 la aprobaci\u00f3n de los recursos por parte del Gobierno Regional, para la reposici\u00f3n del emblem\u00e1tico jard\u00edn \u2018El Peneca\u2019, que en sus \u00a036 a\u00f1os de existencia ha visto crecer generaciones de sanfelipe\u00f1os. El monto del FNDR supera los $440 millones y permitir\u00e1 la construcci\u00f3n de dos salas cuna para 40 lactantes y tres Niveles Medios para 96 p\u00e1rvulos, por tanto esta inversi\u00f3n permitir\u00e1 aumentar la cobertura en Educaci\u00f3n Parvularia, pues hasta ahora s\u00f3lo se atend\u00eda a 64 ni\u00f1os y ni\u00f1as.<\/p>\n<p>El nuevo y moderno edificio se emplazar\u00e1 en Calle Ca\u00f1ada San Rafael y proyecta una superficie de 570 metros cuadrados de alba\u00f1iler\u00eda confinada. Mansilla se mostr\u00f3 muy feliz con esta noticia, pues afirm\u00f3 que se trata de un proyecto de gran envergadura que contar\u00e1 con est\u00e1ndares de primera calidad y que ofrecer\u00e1 educaci\u00f3n de calidad a 136 ni\u00f1os y ni\u00f1as de esta importante comuna.<\/p>\n<p>\u201cEsta es una gran noticia para los habitantes de San Felipe, contar\u00e1n con un jard\u00edn moderno de primera calidad. El compromiso de nuestro Gobierno se manifiesta una vez m\u00e1s con iniciativas concretas que apuntan al fortalecimiento de la calidad de la educaci\u00f3n parvularia\u201d, indic\u00f3 la funcionaria.<\/p>\n<p>&nbsp;<\/p>\n","protected":false},"excerpt":{"rendered":"<p>Una gran noticia para la comuna de San Felipe, entreg\u00f3 la Directora Regional de Junji, Evelyn Mansilla, quien anunci\u00f3 la aprobaci\u00f3n de los recursos por parte del Gobierno Regional, para la reposici\u00f3n&#8230;<\/p>\n","protected":false},"author":482,"featured_media":20213,"comment_status":"open","ping_status":"closed","sticky":false,"template":"","format":"standard","meta":{"advanced_seo_description":"","jetpack_seo_html_title":"","jetpack_seo_noindex":false,"_jetpack_memberships_contains_paid_content":false,"footnotes":""},"categories":[1],"tags":[],"class_list":["post-20209","post","type-post","status-publish","format-standard","has-post-thumbnail","hentry","category-cronica"],"jetpack_featured_media_url":"https:\/\/i0.wp.com\/eltrabajo.cl\/portal\/wp-content\/uploads\/2012\/07\/Parvulario2.jpg?fit=600%2C343&ssl=1","jetpack_sharing_enabled":true,"jetpack_likes_enabled":true,"jetpack-related-posts":[],"_links":{"self":[{"href":"https:\/\/eltrabajo.cl\/portal\/wp-json\/wp\/v2\/posts\/20209","targetHints":{"allow":["GET"]}}],"collection":[{"href":"https:\/\/eltrabajo.cl\/portal\/wp-json\/wp\/v2\/posts"}],"about":[{"href":"https:\/\/eltrabajo.cl\/portal\/wp-json\/wp\/v2\/types\/post"}],"author":[{"embeddable":true,"href":"https:\/\/eltrabajo.cl\/portal\/wp-json\/wp\/v2\/users\/482"}],"replies":[{"embeddable":true,"href":"https:\/\/eltrabajo.cl\/portal\/wp-json\/wp\/v2\/comments?post=20209"}],"version-history":[{"count":0,"href":"https:\/\/eltrabajo.cl\/portal\/wp-json\/wp\/v2\/posts\/20209\/revisions"}],"wp:featuredmedia":[{"embeddable":true,"href":"https:\/\/eltrabajo.cl\/portal\/wp-json\/wp\/v2\/media\/20213"}],"wp:attachment":[{"href":"https:\/\/eltrabajo.cl\/portal\/wp-json\/wp\/v2\/media?parent=20209"}],"wp:term":[{"taxonomy":"category","embeddable":true,"href":"https:\/\/eltrabajo.cl\/portal\/wp-json\/wp\/v2\/categories?post=20209"},{"taxonomy":"post_tag","embeddable":true,"href":"https:\/\/eltrabajo.cl\/portal\/wp-json\/wp\/v2\/tags?post=20209"}],"curies":[{"name":"wp","href":"https:\/\/api.w.org\/{rel}","templated":true}]}}