{"id":20218,"date":"2012-07-03T11:11:12","date_gmt":"2012-07-03T15:11:12","guid":{"rendered":"http:\/\/www.eltrabajo.cl\/portal\/?p=20218"},"modified":"2012-07-03T11:11:12","modified_gmt":"2012-07-03T15:11:12","slug":"golborne-acudiria-a-tribunales-para-anular-derechos-de-agua-dados-a-colbun","status":"publish","type":"post","link":"https:\/\/eltrabajo.cl\/portal\/golborne-acudiria-a-tribunales-para-anular-derechos-de-agua-dados-a-colbun\/","title":{"rendered":"Golborne acudir\u00eda a Tribunales para anular Derechos de Agua dados a Colb\u00fan"},"content":{"rendered":"<figure id=\"attachment_20221\" aria-describedby=\"caption-attachment-20221\" style=\"width: 271px\" class=\"wp-caption alignleft\"><a href=\"http:\/\/www.eltrabajo.cl\/portal\/2012\/07\/golborne-acudiria-a-tribunales-para-anular-derechos-de-agua-dados-a-colbun\/laurence-golborneministro-mineria-mina-san-jose-revista-areaminera-www-amienra-com\/\" rel=\"attachment wp-att-20221\"><img data-recalc-dims=\"1\" loading=\"lazy\" decoding=\"async\" class=\"size-medium wp-image-20221\" title=\"Laurence Golborneministro mineria mina san jose revista areaminera www.amienra.com\" src=\"https:\/\/i0.wp.com\/www.eltrabajo.cl\/portal\/wp-content\/uploads\/2012\/07\/Laurence-Golborneministro-mineria-mina-san-jose-revista-areaminera-www.amienra.com_-271x300.jpg?resize=271%2C300\" alt=\"\" width=\"271\" height=\"300\" srcset=\"https:\/\/i0.wp.com\/eltrabajo.cl\/portal\/wp-content\/uploads\/2012\/07\/Laurence-Golborneministro-mineria-mina-san-jose-revista-areaminera-www.amienra.com_.jpg?resize=271%2C300&amp;ssl=1 271w, https:\/\/i0.wp.com\/eltrabajo.cl\/portal\/wp-content\/uploads\/2012\/07\/Laurence-Golborneministro-mineria-mina-san-jose-revista-areaminera-www.amienra.com_.jpg?resize=135%2C150&amp;ssl=1 135w, https:\/\/i0.wp.com\/eltrabajo.cl\/portal\/wp-content\/uploads\/2012\/07\/Laurence-Golborneministro-mineria-mina-san-jose-revista-areaminera-www.amienra.com_.jpg?resize=400%2C441&amp;ssl=1 400w, https:\/\/i0.wp.com\/eltrabajo.cl\/portal\/wp-content\/uploads\/2012\/07\/Laurence-Golborneministro-mineria-mina-san-jose-revista-areaminera-www.amienra.com_.jpg?w=600&amp;ssl=1 600w\" sizes=\"auto, (max-width: 271px) 100vw, 271px\" \/><\/a><figcaption id=\"caption-attachment-20221\" class=\"wp-caption-text\">Este mi\u00e9rcoles los regantes ser\u00edan informados de la decici\u00f3n del Ministro Laurence Golborne.<\/figcaption><\/figure>\n<p><strong>PUTAENDO.-<\/strong> Autoridades de Gobierno que prefirieron guardar su anonimato, confirmaron a este medio que el Titular de Obras P\u00fablicas, Laurence Golborne, ha instruido a su Ministerio para recurrir a los Tribunales de Justicia para impugnar y dejar nulos los Derechos de agua entregados por la DGA \u00a0a la Empresa Colb\u00fan.<\/p>\n<p>Esta informaci\u00f3n ser\u00e1 entregada oficialmente el pr\u00f3ximo mi\u00e9rcoles a la Junta de Vigilancia del R\u00edo Putaendo y al Alcalde Guillermo Reyes, en una reuni\u00f3n que se desarrollar\u00e1 en la Gobernaci\u00f3n de San Felipe a una hora que a\u00fan no ha sido confirmada, entre los informes conocidos por este medio, tambi\u00e9n se maneja informaci\u00f3n en el sentido de que otro de los ofrecimientos que se har\u00e1 a la Junta de Vigilancia, es en relaci\u00f3n de ayudarlos a que puedan tener jurisdicci\u00f3n sobre el R\u00edo Roc\u00edn, desde donde nace el afluente (donde nace el r\u00edo), ya que hoy la Junta de Vigilancia solo tiene jurisdicci\u00f3n en el R\u00edo Putaendo desde el Estero Chalaco hacia Putaendo y no al interior de la cordillera.<\/p>\n<p>La semana pasada el Seremi de Obras P\u00fablicas, Pedro Sariego, sostuvo una importante reuni\u00f3n con altos ejecutivos de la Empresa Colb\u00fan, para ver la posibilidad que esta empresa llegara a un acuerdo con la Junta de Vigilancia del R\u00edo Putaendo, lo que hasta el momento no se ha materializado, sin embargo, tambi\u00e9n podemos confirmar que este viernes, el Seremi de Obras P\u00fablicas acompa\u00f1ado del Director Regional de la DOH, Cristian V\u00e9liz, mantuvo una larga e importante reuni\u00f3n con la Junta de Vigilancia del R\u00edo Putaendo en nuestra comuna.<\/p>\n<p>En concreto, dentro de las alternativas de soluci\u00f3n que entregar\u00e1 el Gobierno a los entes involucrados el pr\u00f3ximo mi\u00e9rcoles, el anuncio m\u00e1s importante ser\u00e1 que el Ministro Laurence Golborne ha instruido a su cartera para recurrir a los Tribunales de Justicia, para tratar de impugnar y dejar nulos los Derechos de agua entregados a Colb\u00fan.<\/p>\n<p><strong>Patricio Gallardo M.<\/strong><\/p>\n","protected":false},"excerpt":{"rendered":"<p>PUTAENDO.- Autoridades de Gobierno que prefirieron guardar su anonimato, confirmaron a este medio que el Titular de Obras P\u00fablicas, Laurence Golborne, ha instruido a su Ministerio para recurrir a los Tribunales de&#8230;<\/p>\n","protected":false},"author":482,"featured_media":20221,"comment_status":"open","ping_status":"closed","sticky":false,"template":"","format":"standard","meta":{"advanced_seo_description":"","jetpack_seo_html_title":"","jetpack_seo_noindex":false,"_jetpack_memberships_contains_paid_content":false,"footnotes":""},"categories":[1],"tags":[],"class_list":["post-20218","post","type-post","status-publish","format-standard","has-post-thumbnail","hentry","category-cronica"],"jetpack_featured_media_url":"https:\/\/i0.wp.com\/eltrabajo.cl\/portal\/wp-content\/uploads\/2012\/07\/Laurence-Golborneministro-mineria-mina-san-jose-revista-areaminera-www.amienra.com_.jpg?fit=600%2C662&ssl=1","jetpack_sharing_enabled":true,"jetpack_likes_enabled":true,"jetpack-related-posts":[],"_links":{"self":[{"href":"https:\/\/eltrabajo.cl\/portal\/wp-json\/wp\/v2\/posts\/20218","targetHints":{"allow":["GET"]}}],"collection":[{"href":"https:\/\/eltrabajo.cl\/portal\/wp-json\/wp\/v2\/posts"}],"about":[{"href":"https:\/\/eltrabajo.cl\/portal\/wp-json\/wp\/v2\/types\/post"}],"author":[{"embeddable":true,"href":"https:\/\/eltrabajo.cl\/portal\/wp-json\/wp\/v2\/users\/482"}],"replies":[{"embeddable":true,"href":"https:\/\/eltrabajo.cl\/portal\/wp-json\/wp\/v2\/comments?post=20218"}],"version-history":[{"count":0,"href":"https:\/\/eltrabajo.cl\/portal\/wp-json\/wp\/v2\/posts\/20218\/revisions"}],"wp:featuredmedia":[{"embeddable":true,"href":"https:\/\/eltrabajo.cl\/portal\/wp-json\/wp\/v2\/media\/20221"}],"wp:attachment":[{"href":"https:\/\/eltrabajo.cl\/portal\/wp-json\/wp\/v2\/media?parent=20218"}],"wp:term":[{"taxonomy":"category","embeddable":true,"href":"https:\/\/eltrabajo.cl\/portal\/wp-json\/wp\/v2\/categories?post=20218"},{"taxonomy":"post_tag","embeddable":true,"href":"https:\/\/eltrabajo.cl\/portal\/wp-json\/wp\/v2\/tags?post=20218"}],"curies":[{"name":"wp","href":"https:\/\/api.w.org\/{rel}","templated":true}]}}