{"id":20230,"date":"2012-07-04T09:44:59","date_gmt":"2012-07-04T13:44:59","guid":{"rendered":"http:\/\/www.eltrabajo.cl\/portal\/?p=20230"},"modified":"2012-07-04T09:44:59","modified_gmt":"2012-07-04T13:44:59","slug":"con-muestra-gastronomica-inician-semana-educacion-tecnico-profesional","status":"publish","type":"post","link":"https:\/\/eltrabajo.cl\/portal\/con-muestra-gastronomica-inician-semana-educacion-tecnico-profesional\/","title":{"rendered":"Con muestra gastron\u00f3mica inician semana educaci\u00f3n t\u00e9cnico profesional"},"content":{"rendered":"<figure id=\"attachment_20231\" aria-describedby=\"caption-attachment-20231\" style=\"width: 600px\" class=\"wp-caption alignnone\"><a href=\"http:\/\/www.eltrabajo.cl\/portal\/2012\/07\/con-muestra-gastronomica-inician-semana-educacion-tecnico-profesional\/muestra-amancay3\/\" rel=\"attachment wp-att-20231\"><img data-recalc-dims=\"1\" loading=\"lazy\" decoding=\"async\" class=\"size-full wp-image-20231\" title=\"muestra-amancay3\" src=\"https:\/\/i0.wp.com\/www.eltrabajo.cl\/portal\/wp-content\/uploads\/2012\/07\/muestra-amancay3.jpg?resize=600%2C450\" alt=\"\" width=\"600\" height=\"450\" srcset=\"https:\/\/i0.wp.com\/eltrabajo.cl\/portal\/wp-content\/uploads\/2012\/07\/muestra-amancay3.jpg?w=600&amp;ssl=1 600w, https:\/\/i0.wp.com\/eltrabajo.cl\/portal\/wp-content\/uploads\/2012\/07\/muestra-amancay3.jpg?resize=200%2C150&amp;ssl=1 200w, https:\/\/i0.wp.com\/eltrabajo.cl\/portal\/wp-content\/uploads\/2012\/07\/muestra-amancay3.jpg?resize=300%2C225&amp;ssl=1 300w, https:\/\/i0.wp.com\/eltrabajo.cl\/portal\/wp-content\/uploads\/2012\/07\/muestra-amancay3.jpg?resize=150%2C112&amp;ssl=1 150w, https:\/\/i0.wp.com\/eltrabajo.cl\/portal\/wp-content\/uploads\/2012\/07\/muestra-amancay3.jpg?resize=400%2C300&amp;ssl=1 400w\" sizes=\"auto, (max-width: 600px) 100vw, 600px\" \/><\/a><figcaption id=\"caption-attachment-20231\" class=\"wp-caption-text\">Las alumnas de cuarto a\u00f1o medio de la carrera de Servicios de Alimentaci\u00f3n Colectiva del Liceo T\u00e9cnico Amancay de Los Andes realizaron la muestra gastron\u00f3mica.<\/figcaption><\/figure>\n<ul>\n<li><strong>El objetivo de la actividad fue integrar la asignatura de Ingl\u00e9s con el taller de alimentaci\u00f3n.<\/strong><\/li>\n<\/ul>\n<p><strong>LOS ANDES.-<\/strong> Una muestra gastron\u00f3mica con alternativas para almuerzos, c\u00f3cteles y cenas, realizaron las alumnas de cuarto a\u00f1o medio de la carrera de Servicios de Alimentaci\u00f3n Colectiva del Liceo T\u00e9cnico Amancay de Los Andes.<\/p>\n<p>El objetivo de la actividad fue integrar la asignatura de Ingl\u00e9s con el taller de alimentaci\u00f3n, para ense\u00f1ar a las estudiantes el vocabulario t\u00e9cnico anglosaj\u00f3n que se utiliza en la actividad gastron\u00f3mica.<\/p>\n<p>Cada creaci\u00f3n, preparada por las propias alumnas, fue presentada en ingl\u00e9s a las autoridades, profesores, alumnos e invitados especiales que asistieron al evento, que se desarroll\u00f3 en el comedor de la unidad educativa.<\/p>\n<p>La directora del Departamento de Educaci\u00f3n Municipal -DEM-, Mar\u00eda Soledad Reinoso, subray\u00f3 que \u201clas actividades de integraci\u00f3n entre las diversas asignaturas son muy valiosas, ya que permiten abrir posibilidades a los estudiantes, pensando en el \u00e1rea laboral en que se van a desempe\u00f1ar\u201d.<\/p>\n<p>Por su parte, el inspector general del liceo municipal, Nelson Escobar, sostuvo que \u201cesta actividad marca el inicio de las celebraciones de los 70 a\u00f1os que est\u00e1 cumpliendo la educaci\u00f3n t\u00e9cnico profesional en nuestro pa\u00eds\u201d.<\/p>\n<p>&nbsp;<\/p>\n","protected":false},"excerpt":{"rendered":"<p>El objetivo de la actividad fue integrar la asignatura de Ingl\u00e9s con el taller de alimentaci\u00f3n. LOS ANDES.- Una muestra gastron\u00f3mica con alternativas para almuerzos, c\u00f3cteles y cenas, realizaron las alumnas de&#8230;<\/p>\n","protected":false},"author":482,"featured_media":20231,"comment_status":"open","ping_status":"closed","sticky":false,"template":"","format":"standard","meta":{"advanced_seo_description":"","jetpack_seo_html_title":"","jetpack_seo_noindex":false,"_jetpack_memberships_contains_paid_content":false,"footnotes":""},"categories":[1],"tags":[],"class_list":["post-20230","post","type-post","status-publish","format-standard","has-post-thumbnail","hentry","category-cronica"],"jetpack_featured_media_url":"https:\/\/i0.wp.com\/eltrabajo.cl\/portal\/wp-content\/uploads\/2012\/07\/muestra-amancay3.jpg?fit=600%2C450&ssl=1","jetpack_sharing_enabled":true,"jetpack_likes_enabled":true,"jetpack-related-posts":[],"_links":{"self":[{"href":"https:\/\/eltrabajo.cl\/portal\/wp-json\/wp\/v2\/posts\/20230","targetHints":{"allow":["GET"]}}],"collection":[{"href":"https:\/\/eltrabajo.cl\/portal\/wp-json\/wp\/v2\/posts"}],"about":[{"href":"https:\/\/eltrabajo.cl\/portal\/wp-json\/wp\/v2\/types\/post"}],"author":[{"embeddable":true,"href":"https:\/\/eltrabajo.cl\/portal\/wp-json\/wp\/v2\/users\/482"}],"replies":[{"embeddable":true,"href":"https:\/\/eltrabajo.cl\/portal\/wp-json\/wp\/v2\/comments?post=20230"}],"version-history":[{"count":0,"href":"https:\/\/eltrabajo.cl\/portal\/wp-json\/wp\/v2\/posts\/20230\/revisions"}],"wp:featuredmedia":[{"embeddable":true,"href":"https:\/\/eltrabajo.cl\/portal\/wp-json\/wp\/v2\/media\/20231"}],"wp:attachment":[{"href":"https:\/\/eltrabajo.cl\/portal\/wp-json\/wp\/v2\/media?parent=20230"}],"wp:term":[{"taxonomy":"category","embeddable":true,"href":"https:\/\/eltrabajo.cl\/portal\/wp-json\/wp\/v2\/categories?post=20230"},{"taxonomy":"post_tag","embeddable":true,"href":"https:\/\/eltrabajo.cl\/portal\/wp-json\/wp\/v2\/tags?post=20230"}],"curies":[{"name":"wp","href":"https:\/\/api.w.org\/{rel}","templated":true}]}}