{"id":20234,"date":"2012-07-04T09:53:24","date_gmt":"2012-07-04T13:53:24","guid":{"rendered":"http:\/\/www.eltrabajo.cl\/portal\/?p=20234"},"modified":"2012-07-04T09:53:24","modified_gmt":"2012-07-04T13:53:24","slug":"orfebre-fabrica-coleccion-de-anillos-en-honor-a-los-oficios-de-nuestro-pais","status":"publish","type":"post","link":"https:\/\/eltrabajo.cl\/portal\/orfebre-fabrica-coleccion-de-anillos-en-honor-a-los-oficios-de-nuestro-pais\/","title":{"rendered":"Orfebre fabrica colecci\u00f3n de anillos en honor a los oficios de nuestro pa\u00eds"},"content":{"rendered":"<figure id=\"attachment_20235\" aria-describedby=\"caption-attachment-20235\" style=\"width: 600px\" class=\"wp-caption alignnone\"><a href=\"http:\/\/www.eltrabajo.cl\/portal\/2012\/07\/orfebre-fabrica-coleccion-de-anillos-en-honor-a-los-oficios-de-nuestro-pais\/taller1-2\/\" rel=\"attachment wp-att-20235\"><img data-recalc-dims=\"1\" loading=\"lazy\" decoding=\"async\" class=\"size-full wp-image-20235\" title=\"Taller1\" src=\"https:\/\/i0.wp.com\/www.eltrabajo.cl\/portal\/wp-content\/uploads\/2012\/07\/Taller1.jpg?resize=600%2C450\" alt=\"\" width=\"600\" height=\"450\" srcset=\"https:\/\/i0.wp.com\/eltrabajo.cl\/portal\/wp-content\/uploads\/2012\/07\/Taller1.jpg?w=600&amp;ssl=1 600w, https:\/\/i0.wp.com\/eltrabajo.cl\/portal\/wp-content\/uploads\/2012\/07\/Taller1.jpg?resize=200%2C150&amp;ssl=1 200w, https:\/\/i0.wp.com\/eltrabajo.cl\/portal\/wp-content\/uploads\/2012\/07\/Taller1.jpg?resize=300%2C225&amp;ssl=1 300w, https:\/\/i0.wp.com\/eltrabajo.cl\/portal\/wp-content\/uploads\/2012\/07\/Taller1.jpg?resize=150%2C112&amp;ssl=1 150w, https:\/\/i0.wp.com\/eltrabajo.cl\/portal\/wp-content\/uploads\/2012\/07\/Taller1.jpg?resize=400%2C300&amp;ssl=1 400w\" sizes=\"auto, (max-width: 600px) 100vw, 600px\" \/><\/a><figcaption id=\"caption-attachment-20235\" class=\"wp-caption-text\">Jorge Herrera Campos es due\u00f1o de su horario y destino, es el \u00fanico Orfebre profesional en Santa Mar\u00eda<\/figcaption><\/figure>\n<p>Roberto Gonz\u00e1lez Short &#8211; rgonzalez@eltrabajo.cl<\/p>\n<p><strong>\u00a0SANTA MAR\u00cdA.<\/strong>&#8211; Desde que era s\u00f3lo un adolescente y cursaba sus estudios en Educaci\u00f3n Media, Jorge Herrera Campos, un vecino de Villa Mirasol, decidi\u00f3 dar rienda suelta a sus talentos manuales y comenzar a fabricar barcos de madera a escala. Sus habilidosas manos le llevaron, a\u00f1os m\u00e1s tarde, a convertirse en el \u00fanico orfebre profesional que existe en la comuna.<\/p>\n<figure id=\"attachment_20237\" aria-describedby=\"caption-attachment-20237\" style=\"width: 300px\" class=\"wp-caption alignright\"><a href=\"http:\/\/www.eltrabajo.cl\/portal\/2012\/07\/orfebre-fabrica-coleccion-de-anillos-en-honor-a-los-oficios-de-nuestro-pais\/laminado1\/\" rel=\"attachment wp-att-20237\"><img data-recalc-dims=\"1\" loading=\"lazy\" decoding=\"async\" class=\"size-medium wp-image-20237\" title=\"Laminado1\" src=\"https:\/\/i0.wp.com\/www.eltrabajo.cl\/portal\/wp-content\/uploads\/2012\/07\/Laminado1-300x282.jpg?resize=300%2C282\" alt=\"\" width=\"300\" height=\"282\" srcset=\"https:\/\/i0.wp.com\/eltrabajo.cl\/portal\/wp-content\/uploads\/2012\/07\/Laminado1.jpg?resize=300%2C282&amp;ssl=1 300w, https:\/\/i0.wp.com\/eltrabajo.cl\/portal\/wp-content\/uploads\/2012\/07\/Laminado1.jpg?resize=159%2C150&amp;ssl=1 159w, https:\/\/i0.wp.com\/eltrabajo.cl\/portal\/wp-content\/uploads\/2012\/07\/Laminado1.jpg?resize=150%2C141&amp;ssl=1 150w, https:\/\/i0.wp.com\/eltrabajo.cl\/portal\/wp-content\/uploads\/2012\/07\/Laminado1.jpg?resize=400%2C376&amp;ssl=1 400w, https:\/\/i0.wp.com\/eltrabajo.cl\/portal\/wp-content\/uploads\/2012\/07\/Laminado1.jpg?w=600&amp;ssl=1 600w\" sizes=\"auto, (max-width: 300px) 100vw, 300px\" \/><\/a><figcaption id=\"caption-attachment-20237\" class=\"wp-caption-text\">En esta m\u00e1quina especial, Jorge Herrera logra laminar los metales con los que trabaja en su peque\u00f1o taller.<\/figcaption><\/figure>\n<p>Herrera tiene 31 a\u00f1os, es soltero y dice estar sin compromisos sentimentales, pese a que inici\u00f3 su carrera de An\u00e1lisis de Sistemas en una universidad, falt\u00e1ndole s\u00f3lo un semestre para terminar, decidi\u00f3 cambiar de rumbo e inscribirse como alumno de Orfebrer\u00eda en la Escuela de Artes y Oficio Almendral.<\/p>\n<p><strong>APUESTA ARRIESGADA<\/strong><\/p>\n<p>Con rapidez logr\u00f3 llegar a ser uno de los mejores de su curso, al punto de ser nombrado asistente del profesor que impart\u00eda estos conocimientos. A\u00f1os despu\u00e9s, Jorge lleg\u00f3 a ser el Profesor Titular a cargo de estos cursos en Almendral.<\/p>\n<p>\u201cFue una apuesta arriesgada, pues aunque ya estaba por terminar mi carrera, decid\u00ed mejor estudiar lo que verdaderamente me apasiona, la Orfebrer\u00eda. Mis mejores trabajos los logro en plata, trabajo tambi\u00e9n el oro, cobre, cacho de buey y hasta hueso\u201d, explic\u00f3 este orfebre a Diario El Trabajo.<\/p>\n<p>Seg\u00fan lo explic\u00f3 Herrera, lo m\u00e1s importante en este oficio se aprende en tres meses, luego vienen las especialidades.<\/p>\n<p>\u201cYo trabajo con dise\u00f1os exclusivos, no repito un dise\u00f1o y mis trabajos son hechos a mano, actualmente mientras saco los trabajos de mis clientes, estoy tambi\u00e9n fabricando una colecci\u00f3n de anillos conmemorativos a distintos oficios de nuestro Valle de Aconcagua\u201d, indic\u00f3 Jorge Herrera.<\/p>\n<p>&nbsp;<\/p>\n<figure id=\"attachment_20236\" aria-describedby=\"caption-attachment-20236\" style=\"width: 300px\" class=\"wp-caption alignleft\"><a href=\"http:\/\/www.eltrabajo.cl\/portal\/2012\/07\/orfebre-fabrica-coleccion-de-anillos-en-honor-a-los-oficios-de-nuestro-pais\/barco1\/\" rel=\"attachment wp-att-20236\"><img data-recalc-dims=\"1\" loading=\"lazy\" decoding=\"async\" class=\"size-medium wp-image-20236\" title=\"Barco1\" src=\"https:\/\/i0.wp.com\/www.eltrabajo.cl\/portal\/wp-content\/uploads\/2012\/07\/Barco1-300x220.jpg?resize=300%2C220\" alt=\"\" width=\"300\" height=\"220\" srcset=\"https:\/\/i0.wp.com\/eltrabajo.cl\/portal\/wp-content\/uploads\/2012\/07\/Barco1.jpg?resize=300%2C220&amp;ssl=1 300w, https:\/\/i0.wp.com\/eltrabajo.cl\/portal\/wp-content\/uploads\/2012\/07\/Barco1.jpg?resize=200%2C147&amp;ssl=1 200w, https:\/\/i0.wp.com\/eltrabajo.cl\/portal\/wp-content\/uploads\/2012\/07\/Barco1.jpg?resize=150%2C110&amp;ssl=1 150w, https:\/\/i0.wp.com\/eltrabajo.cl\/portal\/wp-content\/uploads\/2012\/07\/Barco1.jpg?resize=400%2C294&amp;ssl=1 400w, https:\/\/i0.wp.com\/eltrabajo.cl\/portal\/wp-content\/uploads\/2012\/07\/Barco1.jpg?w=600&amp;ssl=1 600w\" sizes=\"auto, (max-width: 300px) 100vw, 300px\" \/><\/a><figcaption id=\"caption-attachment-20236\" class=\"wp-caption-text\">Fabricar estos barcos de madera, despert\u00f3 en Jorge Herrera su talento art\u00edstico y manual.<\/figcaption><\/figure>\n<p><strong>LIBRE Y SOLITARIO<\/strong><\/p>\n<p>La vida de este santamariano es solitaria y muy tranquila, \u00e9l asegura que su libertad laboral muchos la envidian, pues la vida en empresas o instituciones es \u2018esclavizante\u2019.<\/p>\n<p>Soy un hombre solitario y silencioso, no le rindo cuentas a nadie, trabajo tranquilo, hago lo que tengo que hacer y en mi pega s\u00e9 tambi\u00e9n superar los contratiempos a veces complicados en la elaboraci\u00f3n de alguna cadena o anillo\u201d, asegur\u00f3 Jorge. Quienes quieran contratar sus servicios o recibir lecciones en Almendral, pueden llamarlo al fono: 835 95 889.<\/p>\n<p>&nbsp;<\/p>\n","protected":false},"excerpt":{"rendered":"<p>Roberto Gonz\u00e1lez Short &#8211; rgonzalez@eltrabajo.cl \u00a0SANTA MAR\u00cdA.&#8211; Desde que era s\u00f3lo un adolescente y cursaba sus estudios en Educaci\u00f3n Media, Jorge Herrera Campos, un vecino de Villa Mirasol, decidi\u00f3 dar rienda suelta&#8230;<\/p>\n","protected":false},"author":482,"featured_media":20235,"comment_status":"open","ping_status":"closed","sticky":false,"template":"","format":"standard","meta":{"advanced_seo_description":"","jetpack_seo_html_title":"","jetpack_seo_noindex":false,"_jetpack_memberships_contains_paid_content":false,"footnotes":""},"categories":[15],"tags":[],"class_list":["post-20234","post","type-post","status-publish","format-standard","has-post-thumbnail","hentry","category-comunidad"],"jetpack_featured_media_url":"https:\/\/i0.wp.com\/eltrabajo.cl\/portal\/wp-content\/uploads\/2012\/07\/Taller1.jpg?fit=600%2C450&ssl=1","jetpack_sharing_enabled":true,"jetpack_likes_enabled":true,"jetpack-related-posts":[],"_links":{"self":[{"href":"https:\/\/eltrabajo.cl\/portal\/wp-json\/wp\/v2\/posts\/20234","targetHints":{"allow":["GET"]}}],"collection":[{"href":"https:\/\/eltrabajo.cl\/portal\/wp-json\/wp\/v2\/posts"}],"about":[{"href":"https:\/\/eltrabajo.cl\/portal\/wp-json\/wp\/v2\/types\/post"}],"author":[{"embeddable":true,"href":"https:\/\/eltrabajo.cl\/portal\/wp-json\/wp\/v2\/users\/482"}],"replies":[{"embeddable":true,"href":"https:\/\/eltrabajo.cl\/portal\/wp-json\/wp\/v2\/comments?post=20234"}],"version-history":[{"count":0,"href":"https:\/\/eltrabajo.cl\/portal\/wp-json\/wp\/v2\/posts\/20234\/revisions"}],"wp:featuredmedia":[{"embeddable":true,"href":"https:\/\/eltrabajo.cl\/portal\/wp-json\/wp\/v2\/media\/20235"}],"wp:attachment":[{"href":"https:\/\/eltrabajo.cl\/portal\/wp-json\/wp\/v2\/media?parent=20234"}],"wp:term":[{"taxonomy":"category","embeddable":true,"href":"https:\/\/eltrabajo.cl\/portal\/wp-json\/wp\/v2\/categories?post=20234"},{"taxonomy":"post_tag","embeddable":true,"href":"https:\/\/eltrabajo.cl\/portal\/wp-json\/wp\/v2\/tags?post=20234"}],"curies":[{"name":"wp","href":"https:\/\/api.w.org\/{rel}","templated":true}]}}