{"id":20243,"date":"2012-07-04T09:55:01","date_gmt":"2012-07-04T13:55:01","guid":{"rendered":"http:\/\/www.eltrabajo.cl\/portal\/?p=20243"},"modified":"2012-07-04T09:55:01","modified_gmt":"2012-07-04T13:55:01","slug":"teatro-municipal-preparo-programa-especial-para-jovenes-en-vacaciones","status":"publish","type":"post","link":"https:\/\/eltrabajo.cl\/portal\/teatro-municipal-preparo-programa-especial-para-jovenes-en-vacaciones\/","title":{"rendered":"Teatro Municipal prepar\u00f3 programa especial para j\u00f3venes en vacaciones"},"content":{"rendered":"<figure id=\"attachment_20244\" aria-describedby=\"caption-attachment-20244\" style=\"width: 300px\" class=\"wp-caption alignleft\"><a href=\"http:\/\/www.eltrabajo.cl\/portal\/2012\/07\/teatro-municipal-preparo-programa-especial-para-jovenes-en-vacaciones\/francisco-alarcon-3\/\" rel=\"attachment wp-att-20244\"><img data-recalc-dims=\"1\" loading=\"lazy\" decoding=\"async\" class=\"size-medium wp-image-20244\" title=\"francisco alarcon (3)\" src=\"https:\/\/i0.wp.com\/www.eltrabajo.cl\/portal\/wp-content\/uploads\/2012\/07\/francisco-alarcon-3-300x224.jpg?resize=300%2C224\" alt=\"\" width=\"300\" height=\"224\" srcset=\"https:\/\/i0.wp.com\/eltrabajo.cl\/portal\/wp-content\/uploads\/2012\/07\/francisco-alarcon-3.jpg?resize=300%2C224&amp;ssl=1 300w, https:\/\/i0.wp.com\/eltrabajo.cl\/portal\/wp-content\/uploads\/2012\/07\/francisco-alarcon-3.jpg?resize=200%2C150&amp;ssl=1 200w, https:\/\/i0.wp.com\/eltrabajo.cl\/portal\/wp-content\/uploads\/2012\/07\/francisco-alarcon-3.jpg?resize=150%2C112&amp;ssl=1 150w, https:\/\/i0.wp.com\/eltrabajo.cl\/portal\/wp-content\/uploads\/2012\/07\/francisco-alarcon-3.jpg?resize=400%2C298&amp;ssl=1 400w, https:\/\/i0.wp.com\/eltrabajo.cl\/portal\/wp-content\/uploads\/2012\/07\/francisco-alarcon-3.jpg?w=600&amp;ssl=1 600w\" sizes=\"auto, (max-width: 300px) 100vw, 300px\" \/><\/a><figcaption id=\"caption-attachment-20244\" class=\"wp-caption-text\">El director del Teatro Municipal, Francisco Alarc\u00f3n, invit\u00f3 a toda la comunidad de Aconcagua a disfrutar de estos espect\u00e1culos que este mes estar\u00e1n destinados especialmente a los escolares.<\/figcaption><\/figure>\n<p>En julio contin\u00faan las actividades del Teatro Municipal de San Felipe, y este mes se presentar\u00e1 una importante cantidad de actividades art\u00edsticas especialmente destinadas a los escolares de la comuna, quienes salen de vacaciones el pr\u00f3ximo viernes.<\/p>\n<p>Durante las pr\u00f3ximas dos semanas, los escolares de la comuna estar\u00e1n disfrutando de las vacaciones de invierno y el Teatro Municipal prepar\u00f3 un programa bastante nutrido, con actividades durante todos los d\u00edas, con el objetivo de que aquellos j\u00f3venes que no salen de San Felipe, tengan un lugar donde disfrutar de actividades art\u00edsticas del mejor nivel.<\/p>\n<p>\u201cVamos a tener bastante cine, cine familiar, cine infantil, cine juvenil, tambi\u00e9n vamos a tener la oportunidad de tener el \u2018Fest\u00edn de la Risa\u2019, que es una compa\u00f1\u00eda de teatro de la ciudad de Valpara\u00edso, con un show muy entretenido; vamos a tener un tributo a U2, ya que los j\u00f3venes tambi\u00e9n nos han pedido algunos tributos, Soul Mistical, regaee un grupo de Los Andes que tambi\u00e9n va a estar acompa\u00f1\u00e1ndonos este mes y precisamente durante las vacaciones de invierno\u201d, se\u00f1al\u00f3 el director del Teatro Municipal, Francisco Alarc\u00f3n.<\/p>\n<p>El programa de actividades estar\u00e1 disponible en la p\u00e1gina www.teatrosanfelipe.cl , para que la comunidad pueda elegir una actividad que les interese y puedan acercarse a la hora se\u00f1alada, aprovechando que todas estas actividades son totalmente gratuitas.<\/p>\n<p>Respecto de los horarios de las actividades, existen algunas variaciones, especialmente con el cine infantil, el que se realizar\u00e1 a las 18:30 horas, mientras que el resto de las actividades ser\u00e1n a las 19:30 horas.<\/p>\n<p><strong>PROGRAMACI\u00d3N<\/strong><\/p>\n<p>Entre las presentaciones que se realizar\u00e1n este mes, se cuentan Cine en vacaciones con la pel\u00edcula Gigante de Acero, que se presentar\u00e1 el martes 10 de julio. El jueves 12, en tanto, se presentar\u00e1 un show de magia, a cargo de Mago Xantol\u00edn y los magos de Cima Aconcagua. La comedia no estar\u00e1 ausente este mes y es as\u00ed que el viernes 13 se presenta la obra esperando a\u2026 Godoy, a cargo de la compa\u00f1\u00eda Laclaqueteatro de Santiago.<\/p>\n<p>Las actividades contin\u00faan el mi\u00e9rcoles 18 con un show de payasos a cargo de la compa\u00f1\u00eda \u2018El Fest\u00edn de la Risa\u2019 de Valpara\u00edso y se mantendr\u00e1n toda esa semana.<\/p>\n<p><strong>TERCERA VERSI\u00d3N DE LA INICIATIVA<\/strong><\/p>\n<p>Esta es la tercera oportunidad que se realiza esta programaci\u00f3n especial de vacaciones, iniciativa que naci\u00f3 de la misma demanda de los estudiantes, quienes aprovechan esta fecha para poder disfrutar de buenos espect\u00e1culos art\u00edstico-culturales.<\/p>\n<p>\u201cNo nos hemos querido quedar atr\u00e1s y vamos a tener todos los d\u00edas una actividad para que puedan disfrutar de unas entretenidas vacaciones de invierno. La invitaci\u00f3n no es solamente para la gente de San Felipe, sino para todos los vecinos del valle de Aconcagua, para que puedan visitar el teatro en esta \u00e9poca y como siempre la entrada es liberada\u201d, indic\u00f3 Alarc\u00f3n.<\/p>\n<p>&nbsp;<\/p>\n","protected":false},"excerpt":{"rendered":"<p>En julio contin\u00faan las actividades del Teatro Municipal de San Felipe, y este mes se presentar\u00e1 una importante cantidad de actividades art\u00edsticas especialmente destinadas a los escolares de la comuna, quienes salen&#8230;<\/p>\n","protected":false},"author":482,"featured_media":20244,"comment_status":"open","ping_status":"closed","sticky":false,"template":"","format":"standard","meta":{"advanced_seo_description":"","jetpack_seo_html_title":"","jetpack_seo_noindex":false,"_jetpack_memberships_contains_paid_content":false,"footnotes":""},"categories":[1],"tags":[],"class_list":["post-20243","post","type-post","status-publish","format-standard","has-post-thumbnail","hentry","category-cronica"],"jetpack_featured_media_url":"https:\/\/i0.wp.com\/eltrabajo.cl\/portal\/wp-content\/uploads\/2012\/07\/francisco-alarcon-3.jpg?fit=600%2C448&ssl=1","jetpack_sharing_enabled":true,"jetpack_likes_enabled":true,"jetpack-related-posts":[],"_links":{"self":[{"href":"https:\/\/eltrabajo.cl\/portal\/wp-json\/wp\/v2\/posts\/20243","targetHints":{"allow":["GET"]}}],"collection":[{"href":"https:\/\/eltrabajo.cl\/portal\/wp-json\/wp\/v2\/posts"}],"about":[{"href":"https:\/\/eltrabajo.cl\/portal\/wp-json\/wp\/v2\/types\/post"}],"author":[{"embeddable":true,"href":"https:\/\/eltrabajo.cl\/portal\/wp-json\/wp\/v2\/users\/482"}],"replies":[{"embeddable":true,"href":"https:\/\/eltrabajo.cl\/portal\/wp-json\/wp\/v2\/comments?post=20243"}],"version-history":[{"count":0,"href":"https:\/\/eltrabajo.cl\/portal\/wp-json\/wp\/v2\/posts\/20243\/revisions"}],"wp:featuredmedia":[{"embeddable":true,"href":"https:\/\/eltrabajo.cl\/portal\/wp-json\/wp\/v2\/media\/20244"}],"wp:attachment":[{"href":"https:\/\/eltrabajo.cl\/portal\/wp-json\/wp\/v2\/media?parent=20243"}],"wp:term":[{"taxonomy":"category","embeddable":true,"href":"https:\/\/eltrabajo.cl\/portal\/wp-json\/wp\/v2\/categories?post=20243"},{"taxonomy":"post_tag","embeddable":true,"href":"https:\/\/eltrabajo.cl\/portal\/wp-json\/wp\/v2\/tags?post=20243"}],"curies":[{"name":"wp","href":"https:\/\/api.w.org\/{rel}","templated":true}]}}