{"id":20251,"date":"2012-07-04T09:58:01","date_gmt":"2012-07-04T13:58:01","guid":{"rendered":"http:\/\/www.eltrabajo.cl\/portal\/?p=20251"},"modified":"2012-07-04T09:58:01","modified_gmt":"2012-07-04T13:58:01","slug":"desempleo-llega-a-7-en-marzo-mayo-a-pesar-de-importante-oferta-laboral","status":"publish","type":"post","link":"https:\/\/eltrabajo.cl\/portal\/desempleo-llega-a-7-en-marzo-mayo-a-pesar-de-importante-oferta-laboral\/","title":{"rendered":"Desempleo llega a 7% en marzo-mayo a pesar de importante oferta laboral"},"content":{"rendered":"<figure id=\"attachment_20252\" aria-describedby=\"caption-attachment-20252\" style=\"width: 600px\" class=\"wp-caption alignnone\"><a href=\"http:\/\/www.eltrabajo.cl\/portal\/2012\/07\/desempleo-llega-a-7-en-marzo-mayo-a-pesar-de-importante-oferta-laboral\/obreros-construccion\/\" rel=\"attachment wp-att-20252\"><img data-recalc-dims=\"1\" loading=\"lazy\" decoding=\"async\" class=\"size-full wp-image-20252\" title=\"obreros construccion\" src=\"https:\/\/i0.wp.com\/www.eltrabajo.cl\/portal\/wp-content\/uploads\/2012\/07\/obreros-construccion.jpg?resize=600%2C450\" alt=\"\" width=\"600\" height=\"450\" srcset=\"https:\/\/i0.wp.com\/eltrabajo.cl\/portal\/wp-content\/uploads\/2012\/07\/obreros-construccion.jpg?w=600&amp;ssl=1 600w, https:\/\/i0.wp.com\/eltrabajo.cl\/portal\/wp-content\/uploads\/2012\/07\/obreros-construccion.jpg?resize=200%2C150&amp;ssl=1 200w, https:\/\/i0.wp.com\/eltrabajo.cl\/portal\/wp-content\/uploads\/2012\/07\/obreros-construccion.jpg?resize=300%2C225&amp;ssl=1 300w, https:\/\/i0.wp.com\/eltrabajo.cl\/portal\/wp-content\/uploads\/2012\/07\/obreros-construccion.jpg?resize=150%2C112&amp;ssl=1 150w, https:\/\/i0.wp.com\/eltrabajo.cl\/portal\/wp-content\/uploads\/2012\/07\/obreros-construccion.jpg?resize=400%2C300&amp;ssl=1 400w\" sizes=\"auto, (max-width: 600px) 100vw, 600px\" \/><\/a><figcaption id=\"caption-attachment-20252\" class=\"wp-caption-text\">Diversas empresas de la construcci\u00f3n y la miner\u00eda, principalmente, tienen serios problemas para contratar gente, pese a lo cual el \u00edndice fue alto este trimestre.<\/figcaption><\/figure>\n<ul>\n<li><strong>Empresas constructoras y de la miner\u00eda no encuentran gente para ocupar plazas de trabajo disponibles.<\/strong><\/li>\n<\/ul>\n<p>A un 7% lleg\u00f3 el \u00edndice de desempleo en el trimestre m\u00f3vil Marzo-Mayo 2012, seg\u00fan la cifra entregada por el INE en los \u00faltimos d\u00edas.<\/p>\n<p>El \u00edndice muestra un aumento de 3,8% en comparaci\u00f3n con el mismo trimestre del a\u00f1o 2011 y un 0,8% en comparaci\u00f3n con el trimestre inmediatamente anterior.<\/p>\n<p>Aunque es tradicional que en esta fecha aumente la cifra de desempleo en la zona, debido a la baja actividad agr\u00edcola, la cifra gener\u00f3 preocupaci\u00f3n en la autoridad provincial, sobre todo tomando en cuenta la alta cantidad de oferta laboral que existe en la provincia actualmente.<\/p>\n<figure id=\"attachment_20253\" aria-describedby=\"caption-attachment-20253\" style=\"width: 300px\" class=\"wp-caption alignright\"><a href=\"http:\/\/www.eltrabajo.cl\/portal\/2012\/07\/desempleo-llega-a-7-en-marzo-mayo-a-pesar-de-importante-oferta-laboral\/dscf1736\/\" rel=\"attachment wp-att-20253\"><img data-recalc-dims=\"1\" loading=\"lazy\" decoding=\"async\" class=\"size-medium wp-image-20253\" title=\"DSCF1736\" src=\"https:\/\/i0.wp.com\/www.eltrabajo.cl\/portal\/wp-content\/uploads\/2012\/07\/DSCF1736-300x217.jpg?resize=300%2C217\" alt=\"\" width=\"300\" height=\"217\" srcset=\"https:\/\/i0.wp.com\/eltrabajo.cl\/portal\/wp-content\/uploads\/2012\/07\/DSCF1736.jpg?resize=300%2C217&amp;ssl=1 300w, https:\/\/i0.wp.com\/eltrabajo.cl\/portal\/wp-content\/uploads\/2012\/07\/DSCF1736.jpg?resize=200%2C144&amp;ssl=1 200w, https:\/\/i0.wp.com\/eltrabajo.cl\/portal\/wp-content\/uploads\/2012\/07\/DSCF1736.jpg?resize=150%2C108&amp;ssl=1 150w, https:\/\/i0.wp.com\/eltrabajo.cl\/portal\/wp-content\/uploads\/2012\/07\/DSCF1736.jpg?resize=400%2C289&amp;ssl=1 400w, https:\/\/i0.wp.com\/eltrabajo.cl\/portal\/wp-content\/uploads\/2012\/07\/DSCF1736.jpg?w=600&amp;ssl=1 600w\" sizes=\"auto, (max-width: 300px) 100vw, 300px\" \/><\/a><figcaption id=\"caption-attachment-20253\" class=\"wp-caption-text\">La Gobernadora Patricia Boffa manifest\u00f3 su preocupaci\u00f3n por el \u00edndice de desempleo que se registr\u00f3 en el trimestre marzo-mayo, a pesar de la cantidad de oferta laboral que existe actualmente.<\/figcaption><\/figure>\n<p>\u201cHay mucha oferta program\u00e1tica, de hecho nos contaba la encargada (de la Omil) que hay una empresa en el norte que est\u00e1 pidiendo cerca de 200 personas para poder viajar hacia el norte y no han podido tener la cantidad de personas\u201d, dijo Patricia Boffa.<\/p>\n<p>Consultada la autoridad provincial sobre las razones que existir\u00edan ante el escaso inter\u00e9s de la comunidad ante estas ofertas laborales, Boffa dijo que est\u00e1n analizando la situaci\u00f3n y buscando las respuestas.<\/p>\n<p>\u201cTenemos una oferta laboral muy grande, las constructoras est\u00e1n llamando, hay constructoras que llaman para solicitar mano de obra y la gente no llega a trabajar, hay personas que est\u00e1n buscando en el \u00e1rea minera y tampoco. Me preocupa enormemente que el desempleo haya subido cuando hay mucha oferta laboral\u201d.<\/p>\n<p><strong>FERIA LABORAL<\/strong><\/p>\n<p>Adem\u00e1s y como una forma de generar m\u00e1s oportunidades de trabajo entre los vecinos de la provincia, se efectuar\u00e1 una feria laboral durante la semana del 20 de julio, con el objetivo de que las personas interesadas en trabajar se acerquen en esos d\u00edas hasta la plaza de armas para conocer las ofertas laborales que se presentar\u00e1n.<\/p>\n<p>Asimismo la Gobernadora hizo un llamado a participar de este tipo de iniciativas y a acercarse a la Omil para conocer las ofertas laborales que existen.<\/p>\n<p>&nbsp;<\/p>\n","protected":false},"excerpt":{"rendered":"<p>Empresas constructoras y de la miner\u00eda no encuentran gente para ocupar plazas de trabajo disponibles. A un 7% lleg\u00f3 el \u00edndice de desempleo en el trimestre m\u00f3vil Marzo-Mayo 2012, seg\u00fan la cifra&#8230;<\/p>\n","protected":false},"author":482,"featured_media":20252,"comment_status":"open","ping_status":"closed","sticky":false,"template":"","format":"standard","meta":{"advanced_seo_description":"","jetpack_seo_html_title":"","jetpack_seo_noindex":false,"_jetpack_memberships_contains_paid_content":false,"footnotes":""},"categories":[1],"tags":[],"class_list":["post-20251","post","type-post","status-publish","format-standard","has-post-thumbnail","hentry","category-cronica"],"jetpack_featured_media_url":"https:\/\/i0.wp.com\/eltrabajo.cl\/portal\/wp-content\/uploads\/2012\/07\/obreros-construccion.jpg?fit=600%2C450&ssl=1","jetpack_sharing_enabled":true,"jetpack_likes_enabled":true,"jetpack-related-posts":[],"_links":{"self":[{"href":"https:\/\/eltrabajo.cl\/portal\/wp-json\/wp\/v2\/posts\/20251","targetHints":{"allow":["GET"]}}],"collection":[{"href":"https:\/\/eltrabajo.cl\/portal\/wp-json\/wp\/v2\/posts"}],"about":[{"href":"https:\/\/eltrabajo.cl\/portal\/wp-json\/wp\/v2\/types\/post"}],"author":[{"embeddable":true,"href":"https:\/\/eltrabajo.cl\/portal\/wp-json\/wp\/v2\/users\/482"}],"replies":[{"embeddable":true,"href":"https:\/\/eltrabajo.cl\/portal\/wp-json\/wp\/v2\/comments?post=20251"}],"version-history":[{"count":0,"href":"https:\/\/eltrabajo.cl\/portal\/wp-json\/wp\/v2\/posts\/20251\/revisions"}],"wp:featuredmedia":[{"embeddable":true,"href":"https:\/\/eltrabajo.cl\/portal\/wp-json\/wp\/v2\/media\/20252"}],"wp:attachment":[{"href":"https:\/\/eltrabajo.cl\/portal\/wp-json\/wp\/v2\/media?parent=20251"}],"wp:term":[{"taxonomy":"category","embeddable":true,"href":"https:\/\/eltrabajo.cl\/portal\/wp-json\/wp\/v2\/categories?post=20251"},{"taxonomy":"post_tag","embeddable":true,"href":"https:\/\/eltrabajo.cl\/portal\/wp-json\/wp\/v2\/tags?post=20251"}],"curies":[{"name":"wp","href":"https:\/\/api.w.org\/{rel}","templated":true}]}}