{"id":20256,"date":"2012-07-04T09:59:38","date_gmt":"2012-07-04T13:59:38","guid":{"rendered":"http:\/\/www.eltrabajo.cl\/portal\/?p=20256"},"modified":"2012-07-04T09:59:38","modified_gmt":"2012-07-04T13:59:38","slug":"recien-a-fines-de-julio-deberia-presentarse-peak-de-enfermedades-respiratorias","status":"publish","type":"post","link":"https:\/\/eltrabajo.cl\/portal\/recien-a-fines-de-julio-deberia-presentarse-peak-de-enfermedades-respiratorias\/","title":{"rendered":"Reci\u00e9n a fines de julio deber\u00eda presentarse peak de enfermedades respiratorias"},"content":{"rendered":"<figure id=\"attachment_20257\" aria-describedby=\"caption-attachment-20257\" style=\"width: 300px\" class=\"wp-caption alignleft\"><a href=\"http:\/\/www.eltrabajo.cl\/portal\/2012\/07\/recien-a-fines-de-julio-deberia-presentarse-peak-de-enfermedades-respiratorias\/rodrigo-infante-1\/\" rel=\"attachment wp-att-20257\"><img data-recalc-dims=\"1\" loading=\"lazy\" decoding=\"async\" class=\"size-medium wp-image-20257\" title=\"rodrigo infante (1)\" src=\"https:\/\/i0.wp.com\/www.eltrabajo.cl\/portal\/wp-content\/uploads\/2012\/07\/rodrigo-infante-1-300x219.jpg?resize=300%2C219\" alt=\"\" width=\"300\" height=\"219\" srcset=\"https:\/\/i0.wp.com\/eltrabajo.cl\/portal\/wp-content\/uploads\/2012\/07\/rodrigo-infante-1.jpg?resize=300%2C219&amp;ssl=1 300w, https:\/\/i0.wp.com\/eltrabajo.cl\/portal\/wp-content\/uploads\/2012\/07\/rodrigo-infante-1.jpg?resize=200%2C146&amp;ssl=1 200w, https:\/\/i0.wp.com\/eltrabajo.cl\/portal\/wp-content\/uploads\/2012\/07\/rodrigo-infante-1.jpg?resize=150%2C109&amp;ssl=1 150w, https:\/\/i0.wp.com\/eltrabajo.cl\/portal\/wp-content\/uploads\/2012\/07\/rodrigo-infante-1.jpg?resize=400%2C292&amp;ssl=1 400w, https:\/\/i0.wp.com\/eltrabajo.cl\/portal\/wp-content\/uploads\/2012\/07\/rodrigo-infante-1.jpg?w=600&amp;ssl=1 600w\" sizes=\"auto, (max-width: 300px) 100vw, 300px\" \/><\/a><figcaption id=\"caption-attachment-20257\" class=\"wp-caption-text\">Rodrigo Infante se\u00f1al\u00f3 que a fines de julio podr\u00eda registrarse el peak de enfermedades respiratorias en Aconcagua.<\/figcaption><\/figure>\n<ul>\n<li><strong>De acuerdo al an\u00e1lisis que se hace en comparaci\u00f3n con Santiago, donde la situaci\u00f3n ya es bien compleja.<\/strong><\/li>\n<\/ul>\n<p>A diferencia de lo que ocurre en la Regi\u00f3n Metropolitana, donde se pueden observar bastantes casos de enfermedades respiratorias y el panorama se observa muy complejo, en Aconcagua reci\u00e9n a fines del mes de julio podr\u00eda registrarse el peak de enfermedades propias del invierno.<\/p>\n<p>As\u00ed lo dio a conocer el director del Servicio de Salud, Rodrigo Infante, quien se\u00f1al\u00f3 que estando en la semana 26 en t\u00e9rminos epidemiol\u00f3gicos, los \u00edndices de enfermedades respiratorias disminuyeron respecto de la semana anterior, a lo que se suma que los casos no han sido de la gravedad de lo que se puede observar en televisi\u00f3n sobre la realidad de Santiago, sino todo lo contrario, ya que se produjeron tres egresos m\u00e1s que la semana pasada.<\/p>\n<p>\u201cHa sido mucha consulta ambulatoria, muchos resfr\u00edos, muchas patolog\u00edas respiratorias, pero ayer ve\u00edamos que en el Sapu Centenario solamente un 23% de las consultas son respiratorias y la media en esta \u00e9poca llega a un 40% de la demanda total, por lo tanto no estamos enfrentados a un peak en Aconcagua a\u00fan\u201d, dijo Infante.<\/p>\n<p>Esta situaci\u00f3n podr\u00eda deberse principalmente por las temperaturas que se hab\u00edan registrado anteriormente, aunque un descenso en las m\u00ednimas para los pr\u00f3ximos d\u00edas, y la circulaci\u00f3n de virus entre la comunidad, podr\u00edan cambiar el panorama.<\/p>\n<p><strong>SERVICIOS DE URGENCIA<\/strong><\/p>\n<p>En tanto en el servicio de urgencia del hospital San Camilo se han registrado atochamientos en las consultas principalmente en las horas peak, entre las 11 de la ma\u00f1ana y las 17 horas, momento en que se concentran las 100 atenciones que se dan en pediatr\u00eda tanto en Los Andes como en San Felipe, por ello el llamado de la autoridad es que si la situaci\u00f3n no constituye una urgencia propiamente tal, la comunidad debe acudir a la atenci\u00f3n primaria.<\/p>\n<p>\u201cHay atenciones de morbilidad, hay horas para entregar y ojal\u00e1 sean esos los primeros dispositivos que encontremos y en las emergencias van a estar dispuestos, pero sabiendo que vamos a tener que esperar unas dos horas en la atenci\u00f3n\u201d, indic\u00f3 Infante.<\/p>\n<p>&nbsp;<\/p>\n<p>AUMENTO DE CASOS EN ADULTOS<\/p>\n<p>Durante este tiempo se ha registrado un leve aumento de la demanda en adultos, mientras que los casos de enfermedades respiratorias en ni\u00f1os han ido disminuyendo, escenario que mantiene a la expectativa y vigilantes de la situaci\u00f3n a la direcci\u00f3n del servicio en Santiago, para hacer una estimaci\u00f3n de la llegada de los virus a Aconcagua.<\/p>\n<p>&nbsp;<\/p>\n","protected":false},"excerpt":{"rendered":"<p>De acuerdo al an\u00e1lisis que se hace en comparaci\u00f3n con Santiago, donde la situaci\u00f3n ya es bien compleja. A diferencia de lo que ocurre en la Regi\u00f3n Metropolitana, donde se pueden observar&#8230;<\/p>\n","protected":false},"author":482,"featured_media":20257,"comment_status":"open","ping_status":"closed","sticky":false,"template":"","format":"standard","meta":{"advanced_seo_description":"","jetpack_seo_html_title":"","jetpack_seo_noindex":false,"_jetpack_memberships_contains_paid_content":false,"footnotes":""},"categories":[1],"tags":[],"class_list":["post-20256","post","type-post","status-publish","format-standard","has-post-thumbnail","hentry","category-cronica"],"jetpack_featured_media_url":"https:\/\/i0.wp.com\/eltrabajo.cl\/portal\/wp-content\/uploads\/2012\/07\/rodrigo-infante-1.jpg?fit=600%2C439&ssl=1","jetpack_sharing_enabled":true,"jetpack_likes_enabled":true,"jetpack-related-posts":[],"_links":{"self":[{"href":"https:\/\/eltrabajo.cl\/portal\/wp-json\/wp\/v2\/posts\/20256","targetHints":{"allow":["GET"]}}],"collection":[{"href":"https:\/\/eltrabajo.cl\/portal\/wp-json\/wp\/v2\/posts"}],"about":[{"href":"https:\/\/eltrabajo.cl\/portal\/wp-json\/wp\/v2\/types\/post"}],"author":[{"embeddable":true,"href":"https:\/\/eltrabajo.cl\/portal\/wp-json\/wp\/v2\/users\/482"}],"replies":[{"embeddable":true,"href":"https:\/\/eltrabajo.cl\/portal\/wp-json\/wp\/v2\/comments?post=20256"}],"version-history":[{"count":0,"href":"https:\/\/eltrabajo.cl\/portal\/wp-json\/wp\/v2\/posts\/20256\/revisions"}],"wp:featuredmedia":[{"embeddable":true,"href":"https:\/\/eltrabajo.cl\/portal\/wp-json\/wp\/v2\/media\/20257"}],"wp:attachment":[{"href":"https:\/\/eltrabajo.cl\/portal\/wp-json\/wp\/v2\/media?parent=20256"}],"wp:term":[{"taxonomy":"category","embeddable":true,"href":"https:\/\/eltrabajo.cl\/portal\/wp-json\/wp\/v2\/categories?post=20256"},{"taxonomy":"post_tag","embeddable":true,"href":"https:\/\/eltrabajo.cl\/portal\/wp-json\/wp\/v2\/tags?post=20256"}],"curies":[{"name":"wp","href":"https:\/\/api.w.org\/{rel}","templated":true}]}}