{"id":20260,"date":"2012-07-04T10:10:38","date_gmt":"2012-07-04T14:10:38","guid":{"rendered":"http:\/\/www.eltrabajo.cl\/portal\/?p=20260"},"modified":"2012-07-04T10:10:38","modified_gmt":"2012-07-04T14:10:38","slug":"a-veces-hasta-se-amanecen-trabajando-para-mantener-caminos-aptos-en-la-provincia","status":"publish","type":"post","link":"https:\/\/eltrabajo.cl\/portal\/a-veces-hasta-se-amanecen-trabajando-para-mantener-caminos-aptos-en-la-provincia\/","title":{"rendered":"A veces hasta se amanecen trabajando para mantener caminos aptos en la provincia"},"content":{"rendered":"<figure id=\"attachment_20262\" aria-describedby=\"caption-attachment-20262\" style=\"width: 600px\" class=\"wp-caption alignnone\"><a href=\"http:\/\/www.eltrabajo.cl\/portal\/2012\/07\/a-veces-hasta-se-amanecen-trabajando-para-mantener-caminos-aptos-en-la-provincia\/reparaciones1-2\/\" rel=\"attachment wp-att-20262\"><img data-recalc-dims=\"1\" loading=\"lazy\" decoding=\"async\" class=\"size-full wp-image-20262\" title=\"Reparaciones1\" src=\"https:\/\/i0.wp.com\/www.eltrabajo.cl\/portal\/wp-content\/uploads\/2012\/07\/Reparaciones11.jpg?resize=600%2C418\" alt=\"\" width=\"600\" height=\"418\" srcset=\"https:\/\/i0.wp.com\/eltrabajo.cl\/portal\/wp-content\/uploads\/2012\/07\/Reparaciones11.jpg?w=600&amp;ssl=1 600w, https:\/\/i0.wp.com\/eltrabajo.cl\/portal\/wp-content\/uploads\/2012\/07\/Reparaciones11.jpg?resize=200%2C139&amp;ssl=1 200w, https:\/\/i0.wp.com\/eltrabajo.cl\/portal\/wp-content\/uploads\/2012\/07\/Reparaciones11.jpg?resize=300%2C209&amp;ssl=1 300w, https:\/\/i0.wp.com\/eltrabajo.cl\/portal\/wp-content\/uploads\/2012\/07\/Reparaciones11.jpg?resize=150%2C104&amp;ssl=1 150w, https:\/\/i0.wp.com\/eltrabajo.cl\/portal\/wp-content\/uploads\/2012\/07\/Reparaciones11.jpg?resize=400%2C278&amp;ssl=1 400w\" sizes=\"auto, (max-width: 600px) 100vw, 600px\" \/><\/a><figcaption id=\"caption-attachment-20262\" class=\"wp-caption-text\">Las c\u00e1maras de Diario El Trabajo captan el momento en que decenas de obreros fabrican un s\u00f3lido muro de contenci\u00f3n en Ruta E705, kil\u00f3metro 4.750, sector de Hacienda Quilpu\u00e9.<\/figcaption><\/figure>\n<p>Roberto Gonz\u00e1lez Short &#8211; rgonzalez@eltrabajo.cl<\/p>\n<p>Son la brigada encargada de reparar 104 caminos en el Valle de Aconcagua; fabricar muros de contenci\u00f3n que permitan dar seguridad a los conductores y peatones; limpiar y habilitar v\u00edas en tiempos de temporal o mayores desastres.<\/p>\n<p>Aunque regularmente estos empleados no aparecen en los diarios ni noticieros de la regi\u00f3n, ellos son los que se amanecen -cuando as\u00ed lo amerita- trabajando arduamente hasta que un camino sea puesto apto para seguir en uso.<\/p>\n<figure id=\"attachment_20263\" aria-describedby=\"caption-attachment-20263\" style=\"width: 300px\" class=\"wp-caption alignright\"><a href=\"http:\/\/www.eltrabajo.cl\/portal\/2012\/07\/a-veces-hasta-se-amanecen-trabajando-para-mantener-caminos-aptos-en-la-provincia\/piedras1-2\/\" rel=\"attachment wp-att-20263\"><img data-recalc-dims=\"1\" loading=\"lazy\" decoding=\"async\" class=\"size-medium wp-image-20263\" title=\"Piedras1\" src=\"https:\/\/i0.wp.com\/www.eltrabajo.cl\/portal\/wp-content\/uploads\/2012\/07\/Piedras1-300x218.jpg?resize=300%2C218\" alt=\"\" width=\"300\" height=\"218\" srcset=\"https:\/\/i0.wp.com\/eltrabajo.cl\/portal\/wp-content\/uploads\/2012\/07\/Piedras1.jpg?resize=300%2C218&amp;ssl=1 300w, https:\/\/i0.wp.com\/eltrabajo.cl\/portal\/wp-content\/uploads\/2012\/07\/Piedras1.jpg?resize=200%2C145&amp;ssl=1 200w, https:\/\/i0.wp.com\/eltrabajo.cl\/portal\/wp-content\/uploads\/2012\/07\/Piedras1.jpg?resize=150%2C109&amp;ssl=1 150w, https:\/\/i0.wp.com\/eltrabajo.cl\/portal\/wp-content\/uploads\/2012\/07\/Piedras1.jpg?resize=400%2C291&amp;ssl=1 400w, https:\/\/i0.wp.com\/eltrabajo.cl\/portal\/wp-content\/uploads\/2012\/07\/Piedras1.jpg?w=600&amp;ssl=1 600w\" sizes=\"auto, (max-width: 300px) 100vw, 300px\" \/><\/a><figcaption id=\"caption-attachment-20263\" class=\"wp-caption-text\">Dif\u00edcilmente el agua podr\u00eda remover estas piedras, a\u00fan as\u00ed, con el tiempo lleg\u00f3 a deteriorar el pavimento y hoy son necesarias muchas de ellas en ese muro.<\/figcaption><\/figure>\n<p>Es una de las cuadrillas de Mantenimiento de la empresa Tafca, misma que labora para el Ministerio de Obras P\u00fablicas y que son los encargados de ejecutar la primera etapa del \u2018Proyecto de Conservaci\u00f3n Global Mixto de San Felipe\u2019, mismo que rige a partir del s\u00e1bado 20 de marzo de 2010, y que tiene una vigencia de cuatro a\u00f1os.<\/p>\n<p><strong>RUTAS VIGILADAS<\/strong><\/p>\n<p>\u00abEntre esos 104 caminos de Llay Llay, Los Andes, Santa Mar\u00eda, San Felipe, Putaendo, Los Andes y Catemu; a los que nos corresponde dar mantenimiento, seis de ellos tienen Alta Prioridad, esos son las Rutas 60 Ch; E-71 que une a Putaendo con San Felipe; E-65 que comunica a Chagres y Catemu; E-77 que enlaza las comunidades de Santa Mar\u00eda y Jahuel; E-41 que comunica a Cabildo con Putaendo y la E-85, que une a San Felipe y Los Andes\u00bb, inform\u00f3 a Diario El Trabajo el Administrador de Faenas de Tafca, Mario Donoso.<\/p>\n<figure id=\"attachment_20264\" aria-describedby=\"caption-attachment-20264\" style=\"width: 210px\" class=\"wp-caption alignleft\"><a href=\"http:\/\/www.eltrabajo.cl\/portal\/2012\/07\/a-veces-hasta-se-amanecen-trabajando-para-mantener-caminos-aptos-en-la-provincia\/mario-donoso\/\" rel=\"attachment wp-att-20264\"><img data-recalc-dims=\"1\" loading=\"lazy\" decoding=\"async\" class=\"size-medium wp-image-20264 \" title=\"Mario Donoso\" src=\"https:\/\/i0.wp.com\/www.eltrabajo.cl\/portal\/wp-content\/uploads\/2012\/07\/Mario-Donoso-300x286.jpg?resize=210%2C200\" alt=\"\" width=\"210\" height=\"200\" srcset=\"https:\/\/i0.wp.com\/eltrabajo.cl\/portal\/wp-content\/uploads\/2012\/07\/Mario-Donoso.jpg?resize=300%2C286&amp;ssl=1 300w, https:\/\/i0.wp.com\/eltrabajo.cl\/portal\/wp-content\/uploads\/2012\/07\/Mario-Donoso.jpg?resize=157%2C150&amp;ssl=1 157w, https:\/\/i0.wp.com\/eltrabajo.cl\/portal\/wp-content\/uploads\/2012\/07\/Mario-Donoso.jpg?resize=150%2C143&amp;ssl=1 150w, https:\/\/i0.wp.com\/eltrabajo.cl\/portal\/wp-content\/uploads\/2012\/07\/Mario-Donoso.jpg?resize=400%2C381&amp;ssl=1 400w, https:\/\/i0.wp.com\/eltrabajo.cl\/portal\/wp-content\/uploads\/2012\/07\/Mario-Donoso.jpg?w=600&amp;ssl=1 600w\" sizes=\"auto, (max-width: 210px) 100vw, 210px\" \/><\/a><figcaption id=\"caption-attachment-20264\" class=\"wp-caption-text\">Mario Donoso, Administrador de Faenas de empresa Tafca.<\/figcaption><\/figure>\n<p>Nuestro medio visit\u00f3 la Ruta E-705, kil\u00f3metro 4.750, sector de Hacienda Quilpu\u00e9, y en nuestra visita pudimos tomar registro de las obras de construcci\u00f3n de un importante muro de contenci\u00f3n que evitar\u00e1 futuras inundaciones en ese sector, mismo que ha erosionado el pavimento peligrosamente.<\/p>\n<p>\u00abPara este temporal que sufrimos, no solamente nosotros amanecimos levantando postes y \u00e1rboles de la calle, la Dipma, Bomberos y otras instituciones tambi\u00e9n nos correspondi\u00f3 jornadas extraordinarias\u00bb, agreg\u00f3 Donoso. Estos muros son fabricados con piedra, cemento, alambre met\u00e1lico y madera, seg\u00fan lo report\u00f3 Donoso, al finalizar esta concesi\u00f3n, nuevamente se licitar\u00eda para continuar con jornadas de trabajo que parecieran, nunca acabar.<\/p>\n","protected":false},"excerpt":{"rendered":"<p>Roberto Gonz\u00e1lez Short &#8211; rgonzalez@eltrabajo.cl Son la brigada encargada de reparar 104 caminos en el Valle de Aconcagua; fabricar muros de contenci\u00f3n que permitan dar seguridad a los conductores y peatones; limpiar&#8230;<\/p>\n","protected":false},"author":482,"featured_media":20262,"comment_status":"open","ping_status":"closed","sticky":false,"template":"","format":"standard","meta":{"advanced_seo_description":"","jetpack_seo_html_title":"","jetpack_seo_noindex":false,"_jetpack_memberships_contains_paid_content":false,"footnotes":""},"categories":[1],"tags":[],"class_list":["post-20260","post","type-post","status-publish","format-standard","has-post-thumbnail","hentry","category-cronica"],"jetpack_featured_media_url":"https:\/\/i0.wp.com\/eltrabajo.cl\/portal\/wp-content\/uploads\/2012\/07\/Reparaciones11.jpg?fit=600%2C418&ssl=1","jetpack_sharing_enabled":true,"jetpack_likes_enabled":true,"jetpack-related-posts":[],"_links":{"self":[{"href":"https:\/\/eltrabajo.cl\/portal\/wp-json\/wp\/v2\/posts\/20260","targetHints":{"allow":["GET"]}}],"collection":[{"href":"https:\/\/eltrabajo.cl\/portal\/wp-json\/wp\/v2\/posts"}],"about":[{"href":"https:\/\/eltrabajo.cl\/portal\/wp-json\/wp\/v2\/types\/post"}],"author":[{"embeddable":true,"href":"https:\/\/eltrabajo.cl\/portal\/wp-json\/wp\/v2\/users\/482"}],"replies":[{"embeddable":true,"href":"https:\/\/eltrabajo.cl\/portal\/wp-json\/wp\/v2\/comments?post=20260"}],"version-history":[{"count":0,"href":"https:\/\/eltrabajo.cl\/portal\/wp-json\/wp\/v2\/posts\/20260\/revisions"}],"wp:featuredmedia":[{"embeddable":true,"href":"https:\/\/eltrabajo.cl\/portal\/wp-json\/wp\/v2\/media\/20262"}],"wp:attachment":[{"href":"https:\/\/eltrabajo.cl\/portal\/wp-json\/wp\/v2\/media?parent=20260"}],"wp:term":[{"taxonomy":"category","embeddable":true,"href":"https:\/\/eltrabajo.cl\/portal\/wp-json\/wp\/v2\/categories?post=20260"},{"taxonomy":"post_tag","embeddable":true,"href":"https:\/\/eltrabajo.cl\/portal\/wp-json\/wp\/v2\/tags?post=20260"}],"curies":[{"name":"wp","href":"https:\/\/api.w.org\/{rel}","templated":true}]}}