{"id":20267,"date":"2012-07-04T10:12:55","date_gmt":"2012-07-04T14:12:55","guid":{"rendered":"http:\/\/www.eltrabajo.cl\/portal\/?p=20267"},"modified":"2012-07-04T10:12:55","modified_gmt":"2012-07-04T14:12:55","slug":"delincuente-ebrio-causo-graves-danos-en-cuatro-vehiculos-particulares","status":"publish","type":"post","link":"https:\/\/eltrabajo.cl\/portal\/delincuente-ebrio-causo-graves-danos-en-cuatro-vehiculos-particulares\/","title":{"rendered":"Delincuente ebrio caus\u00f3 graves da\u00f1os en cuatro veh\u00edculos particulares"},"content":{"rendered":"<figure id=\"attachment_20268\" aria-describedby=\"caption-attachment-20268\" style=\"width: 600px\" class=\"wp-caption alignnone\"><a href=\"http:\/\/www.eltrabajo.cl\/portal\/2012\/07\/delincuente-ebrio-causo-graves-danos-en-cuatro-vehiculos-particulares\/danos-autos-afectados\/\" rel=\"attachment wp-att-20268\"><img data-recalc-dims=\"1\" loading=\"lazy\" decoding=\"async\" class=\"size-full wp-image-20268\" title=\"danos autos afectados\" src=\"https:\/\/i0.wp.com\/www.eltrabajo.cl\/portal\/wp-content\/uploads\/2012\/07\/danos-autos-afectados.jpg?resize=600%2C450\" alt=\"\" width=\"600\" height=\"450\" srcset=\"https:\/\/i0.wp.com\/eltrabajo.cl\/portal\/wp-content\/uploads\/2012\/07\/danos-autos-afectados.jpg?w=600&amp;ssl=1 600w, https:\/\/i0.wp.com\/eltrabajo.cl\/portal\/wp-content\/uploads\/2012\/07\/danos-autos-afectados.jpg?resize=200%2C150&amp;ssl=1 200w, https:\/\/i0.wp.com\/eltrabajo.cl\/portal\/wp-content\/uploads\/2012\/07\/danos-autos-afectados.jpg?resize=300%2C225&amp;ssl=1 300w, https:\/\/i0.wp.com\/eltrabajo.cl\/portal\/wp-content\/uploads\/2012\/07\/danos-autos-afectados.jpg?resize=150%2C112&amp;ssl=1 150w, https:\/\/i0.wp.com\/eltrabajo.cl\/portal\/wp-content\/uploads\/2012\/07\/danos-autos-afectados.jpg?resize=400%2C300&amp;ssl=1 400w\" sizes=\"auto, (max-width: 600px) 100vw, 600px\" \/><\/a><figcaption id=\"caption-attachment-20268\" class=\"wp-caption-text\">Los vecinos afectados se mostraron molestos con el Ministerio P\u00fablico por la rapidez con que dej\u00f3 en libertad al antisocial, solo un par de horas despu\u00e9s de ser detenido.<\/figcaption><\/figure>\n<p><strong>PUTAENDO.<\/strong>&#8211; Una verdadera noche de furia fue la que tuvo un sujeto que la madrugada de este domingo las emprendi\u00f3 en contra de cuatro veh\u00edculos estacionados en la v\u00eda p\u00fablica, los que dej\u00f3 con serios da\u00f1os.<\/p>\n<p>Cerca de las 03:15 de la madrugada, el sujeto identificado como Carlos Alberto Salazar, de 55 a\u00f1os, circulaba a pie por la Calle Juan Rozas, momento en el cual se acerc\u00f3 al furg\u00f3n utilitario de propiedad de Miguel Montenegro Ahumada, con el que literalmente se ensa\u00f1\u00f3 utilizando una piedra, rompiendo el parabrisas, un vidrio lateral y dejando da\u00f1os en el tablero del mismo furg\u00f3n. El due\u00f1o del veh\u00edculo junto a su hijo advirtieron la presencia del v\u00e1ndalo y comenzaron a perseguirlo por los pasajes de la Poblaci\u00f3n Santa Rita mientras se solicitaba la presencia de Carabineros.<\/p>\n<figure id=\"attachment_20269\" aria-describedby=\"caption-attachment-20269\" style=\"width: 300px\" class=\"wp-caption alignright\"><a href=\"http:\/\/www.eltrabajo.cl\/portal\/2012\/07\/delincuente-ebrio-causo-graves-danos-en-cuatro-vehiculos-particulares\/danos-autos-2\/\" rel=\"attachment wp-att-20269\"><img data-recalc-dims=\"1\" loading=\"lazy\" decoding=\"async\" class=\"size-medium wp-image-20269\" title=\"danos autos (2)\" src=\"https:\/\/i0.wp.com\/www.eltrabajo.cl\/portal\/wp-content\/uploads\/2012\/07\/danos-autos-2-300x225.jpg?resize=300%2C225\" alt=\"\" width=\"300\" height=\"225\" srcset=\"https:\/\/i0.wp.com\/eltrabajo.cl\/portal\/wp-content\/uploads\/2012\/07\/danos-autos-2.jpg?resize=300%2C225&amp;ssl=1 300w, https:\/\/i0.wp.com\/eltrabajo.cl\/portal\/wp-content\/uploads\/2012\/07\/danos-autos-2.jpg?resize=200%2C150&amp;ssl=1 200w, https:\/\/i0.wp.com\/eltrabajo.cl\/portal\/wp-content\/uploads\/2012\/07\/danos-autos-2.jpg?resize=150%2C112&amp;ssl=1 150w, https:\/\/i0.wp.com\/eltrabajo.cl\/portal\/wp-content\/uploads\/2012\/07\/danos-autos-2.jpg?resize=400%2C300&amp;ssl=1 400w, https:\/\/i0.wp.com\/eltrabajo.cl\/portal\/wp-content\/uploads\/2012\/07\/danos-autos-2.jpg?w=600&amp;ssl=1 600w\" sizes=\"auto, (max-width: 300px) 100vw, 300px\" \/><\/a><figcaption id=\"caption-attachment-20269\" class=\"wp-caption-text\">Al menos un mill\u00f3n a un mill\u00f3n y medio de pesos llegar\u00edan los da\u00f1os efectuados sin ninguna justificaci\u00f3n a los veh\u00edculos particulares.<\/figcaption><\/figure>\n<p>El sujeto huy\u00f3 hacia el pasaje 3 de la Poblaci\u00f3n Santa Rita, donde se encontraban otros tres veh\u00edculos estacionados, ocasi\u00f3n en que tom\u00f3 una piedra y quebr\u00f3 tres parabrisas de los veh\u00edculos estacionados, lo que alert\u00f3 tambi\u00e9n a los vecinos del pasaje que se sumaron a la persecuci\u00f3n, mientras el destructor hu\u00eda velozmente por distintos pasajes de la Poblaci\u00f3n Santa Rita y Los Jazmines.<\/p>\n<p>A esa altura Carabineros realizaba un intenso patrullaje, el que logr\u00f3 dar resultados cuando advirtieron la presencia del sospechoso en la calle Juan Rozas, donde los efectivos policiales en una r\u00e1pida persecuci\u00f3n lograron darle alcance y detenerlo.<\/p>\n<p>Testigos se\u00f1alaron a Diario El Trabajo que el sujeto se encontraba con sus manos ensangrentadas y en aparente estado de ebriedad, siendo traslado por personal policial hasta el Hospital San Antonio para la constataci\u00f3n de lesiones, quedando detenido por el delito de da\u00f1os a la propiedad privada. Sin embargo, solo un par de horas posteriores a la detenci\u00f3n el fiscal de turno determin\u00f3 su libertad, mientras se espera citaci\u00f3n a la fiscal\u00eda para la correspondiente investigaci\u00f3n.<\/p>\n<p>Carabineros de Putaendo inform\u00f3 que el aval\u00fao de los da\u00f1os preliminarmente superar\u00eda el mill\u00f3n de pesos, sin embargo, luego de entrevistarnos con los propietarios de los veh\u00edculos afectados, los da\u00f1os bordear\u00edan el mill\u00f3n y medio de pesos.<\/p>\n<p>La se\u00f1ora Rosa N\u00fa\u00f1ez, vecina y conocida profesora, manifest\u00f3 su indignaci\u00f3n por el actuar del antisocial, criticando duramente a la justicia por haber liberado tan r\u00e1pidamente al autor de los da\u00f1os, agregando que en su caso el veh\u00edculo lo utiliza para trabajar y que no cuenta con el dinero para poder reparar el parabrisas que qued\u00f3 totalmente destruido. Miguel Montenegro, propietario del furg\u00f3n utilitario, quien parad\u00f3jicamente solo un d\u00eda antes hab\u00eda reparado su veh\u00edculo, el cual hab\u00eda sido chocado en la ciudad de Hijuelas, dijo que quedaba con los brazos cruzados, pues hab\u00eda invertido bastante dinero en reparar su furg\u00f3n y que ahora no contaba con m\u00e1s dinero para reparar el parabrisas, el vidrio lateral y los da\u00f1os que dej\u00f3 en el tablero del veh\u00edculo, por lo que esperaba que la justicia hiciera su trabajo y este sujeto respondiera por su actuar.<\/p>\n<p>Cabe se\u00f1alar que el autor del hecho posee un amplio prontuario policial y que gracias al r\u00e1pido actuar de Carabineros de Putaendo, que logr\u00f3 detenerlo, salv\u00f3 milagrosamente de no haber sido \u2018linchado\u2019 por a lo menos 15 vecinos, entre ellos los afectados, que armados de palos trataban de dar con el paradero del sujeto.<\/p>\n<p>Patricio Gallardo M.<\/p>\n<p>&nbsp;<\/p>\n","protected":false},"excerpt":{"rendered":"<p>PUTAENDO.&#8211; Una verdadera noche de furia fue la que tuvo un sujeto que la madrugada de este domingo las emprendi\u00f3 en contra de cuatro veh\u00edculos estacionados en la v\u00eda p\u00fablica, los que&#8230;<\/p>\n","protected":false},"author":482,"featured_media":20268,"comment_status":"open","ping_status":"closed","sticky":false,"template":"","format":"standard","meta":{"advanced_seo_description":"","jetpack_seo_html_title":"","jetpack_seo_noindex":false,"_jetpack_memberships_contains_paid_content":false,"footnotes":""},"categories":[21],"tags":[],"class_list":["post-20267","post","type-post","status-publish","format-standard","has-post-thumbnail","hentry","category-policial"],"jetpack_featured_media_url":"https:\/\/i0.wp.com\/eltrabajo.cl\/portal\/wp-content\/uploads\/2012\/07\/danos-autos-afectados.jpg?fit=600%2C450&ssl=1","jetpack_sharing_enabled":true,"jetpack_likes_enabled":true,"jetpack-related-posts":[],"_links":{"self":[{"href":"https:\/\/eltrabajo.cl\/portal\/wp-json\/wp\/v2\/posts\/20267","targetHints":{"allow":["GET"]}}],"collection":[{"href":"https:\/\/eltrabajo.cl\/portal\/wp-json\/wp\/v2\/posts"}],"about":[{"href":"https:\/\/eltrabajo.cl\/portal\/wp-json\/wp\/v2\/types\/post"}],"author":[{"embeddable":true,"href":"https:\/\/eltrabajo.cl\/portal\/wp-json\/wp\/v2\/users\/482"}],"replies":[{"embeddable":true,"href":"https:\/\/eltrabajo.cl\/portal\/wp-json\/wp\/v2\/comments?post=20267"}],"version-history":[{"count":0,"href":"https:\/\/eltrabajo.cl\/portal\/wp-json\/wp\/v2\/posts\/20267\/revisions"}],"wp:featuredmedia":[{"embeddable":true,"href":"https:\/\/eltrabajo.cl\/portal\/wp-json\/wp\/v2\/media\/20268"}],"wp:attachment":[{"href":"https:\/\/eltrabajo.cl\/portal\/wp-json\/wp\/v2\/media?parent=20267"}],"wp:term":[{"taxonomy":"category","embeddable":true,"href":"https:\/\/eltrabajo.cl\/portal\/wp-json\/wp\/v2\/categories?post=20267"},{"taxonomy":"post_tag","embeddable":true,"href":"https:\/\/eltrabajo.cl\/portal\/wp-json\/wp\/v2\/tags?post=20267"}],"curies":[{"name":"wp","href":"https:\/\/api.w.org\/{rel}","templated":true}]}}