{"id":20272,"date":"2012-07-04T10:14:05","date_gmt":"2012-07-04T14:14:05","guid":{"rendered":"http:\/\/www.eltrabajo.cl\/portal\/?p=20272"},"modified":"2012-07-04T10:14:05","modified_gmt":"2012-07-04T14:14:05","slug":"a-10-anos-podria-ser-condenado-traficante-de-marihuana-en-santa-maria","status":"publish","type":"post","link":"https:\/\/eltrabajo.cl\/portal\/a-10-anos-podria-ser-condenado-traficante-de-marihuana-en-santa-maria\/","title":{"rendered":"A 10 a\u00f1os podr\u00eda ser condenado traficante de marihuana en Santa Mar\u00eda"},"content":{"rendered":"<figure id=\"attachment_20273\" aria-describedby=\"caption-attachment-20273\" style=\"width: 300px\" class=\"wp-caption alignleft\"><a href=\"http:\/\/www.eltrabajo.cl\/portal\/2012\/07\/a-10-anos-podria-ser-condenado-traficante-de-marihuana-en-santa-maria\/fiscal-julio-palacios-6\/\" rel=\"attachment wp-att-20273\"><img data-recalc-dims=\"1\" loading=\"lazy\" decoding=\"async\" class=\"size-medium wp-image-20273\" title=\"Fiscal Julio Palacios\" src=\"https:\/\/i0.wp.com\/www.eltrabajo.cl\/portal\/wp-content\/uploads\/2012\/07\/Fiscal-Julio-Palacios-300x218.jpg?resize=300%2C218\" alt=\"\" width=\"300\" height=\"218\" srcset=\"https:\/\/i0.wp.com\/eltrabajo.cl\/portal\/wp-content\/uploads\/2012\/07\/Fiscal-Julio-Palacios.jpg?resize=300%2C218&amp;ssl=1 300w, https:\/\/i0.wp.com\/eltrabajo.cl\/portal\/wp-content\/uploads\/2012\/07\/Fiscal-Julio-Palacios.jpg?resize=200%2C145&amp;ssl=1 200w, https:\/\/i0.wp.com\/eltrabajo.cl\/portal\/wp-content\/uploads\/2012\/07\/Fiscal-Julio-Palacios.jpg?resize=150%2C109&amp;ssl=1 150w, https:\/\/i0.wp.com\/eltrabajo.cl\/portal\/wp-content\/uploads\/2012\/07\/Fiscal-Julio-Palacios.jpg?resize=400%2C291&amp;ssl=1 400w, https:\/\/i0.wp.com\/eltrabajo.cl\/portal\/wp-content\/uploads\/2012\/07\/Fiscal-Julio-Palacios.jpg?w=600&amp;ssl=1 600w\" sizes=\"auto, (max-width: 300px) 100vw, 300px\" \/><\/a><figcaption id=\"caption-attachment-20273\" class=\"wp-caption-text\">El persecutor requiri\u00f3 ante el Tribunal una pena efectiva de 10 a\u00f1os y el pago de 40 U.T.M. por el delito de Tr\u00e1fico Il\u00edcito de Drogas.<\/figcaption><\/figure>\n<p>Pablo Salinas Sald\u00edas &#8211; psalinas@eltrabajo.cl<\/p>\n<p>En Juicio Oral realizado el d\u00eda de ayer martes, el Tribunal Oral en Lo Penal de San Felipe decidi\u00f3 condenar a Carlos Fernando Venegas Orellana por el delito de Tr\u00e1fico Il\u00edcito de Drogas, de acuerdo a las pruebas rendidas por el Ministerio P\u00fablico.<\/p>\n<p>De acuerdo a la investigaci\u00f3n encabezada por el Fiscal Julio Palacios Bobadilla, los hechos ocurrieron el pasado 4 de julio del a\u00f1o 2011, alrededor de las 13:30 horas, donde el personal de la OS7 de Carabineros manten\u00eda conocimiento que el imputado realizar\u00eda una transacci\u00f3n de drogas en un sector del cerro Teucal\u00e1n en la comuna de Santa Mar\u00eda, a bordo de una camioneta Nissan de color celeste.<\/p>\n<p>En esos instantes, estaba siendo observado por los efectivos policiales, quienes lo interceptaron para realizarse un control de identidad, observando que en el interior del m\u00f3vil manten\u00eda oculto en una bolsa de nylon la cantidad de 306 gramos de marihuana prensada, delito por el cual fue formalizado y llevado a juicio oral por el cual fue condenado.<\/p>\n<p>Por su parte el Ministerio P\u00fablico requiri\u00f3 ante la terna de jueces una pena efectiva de 10 a\u00f1os y una multa de 40 Unidades Tributarias Mensuales, y el Tribunal resolver\u00e1 la causa el pr\u00f3ximo 6 de julio, donde se dar\u00e1 a conocer la lectura de sentencia.<\/p>\n<p>&nbsp;<\/p>\n","protected":false},"excerpt":{"rendered":"<p>Pablo Salinas Sald\u00edas &#8211; psalinas@eltrabajo.cl En Juicio Oral realizado el d\u00eda de ayer martes, el Tribunal Oral en Lo Penal de San Felipe decidi\u00f3 condenar a Carlos Fernando Venegas Orellana por el&#8230;<\/p>\n","protected":false},"author":482,"featured_media":20273,"comment_status":"open","ping_status":"closed","sticky":false,"template":"","format":"standard","meta":{"advanced_seo_description":"","jetpack_seo_html_title":"","jetpack_seo_noindex":false,"_jetpack_memberships_contains_paid_content":false,"footnotes":""},"categories":[21],"tags":[],"class_list":["post-20272","post","type-post","status-publish","format-standard","has-post-thumbnail","hentry","category-policial"],"jetpack_featured_media_url":"https:\/\/i0.wp.com\/eltrabajo.cl\/portal\/wp-content\/uploads\/2012\/07\/Fiscal-Julio-Palacios.jpg?fit=600%2C437&ssl=1","jetpack_sharing_enabled":true,"jetpack_likes_enabled":true,"jetpack-related-posts":[],"_links":{"self":[{"href":"https:\/\/eltrabajo.cl\/portal\/wp-json\/wp\/v2\/posts\/20272","targetHints":{"allow":["GET"]}}],"collection":[{"href":"https:\/\/eltrabajo.cl\/portal\/wp-json\/wp\/v2\/posts"}],"about":[{"href":"https:\/\/eltrabajo.cl\/portal\/wp-json\/wp\/v2\/types\/post"}],"author":[{"embeddable":true,"href":"https:\/\/eltrabajo.cl\/portal\/wp-json\/wp\/v2\/users\/482"}],"replies":[{"embeddable":true,"href":"https:\/\/eltrabajo.cl\/portal\/wp-json\/wp\/v2\/comments?post=20272"}],"version-history":[{"count":0,"href":"https:\/\/eltrabajo.cl\/portal\/wp-json\/wp\/v2\/posts\/20272\/revisions"}],"wp:featuredmedia":[{"embeddable":true,"href":"https:\/\/eltrabajo.cl\/portal\/wp-json\/wp\/v2\/media\/20273"}],"wp:attachment":[{"href":"https:\/\/eltrabajo.cl\/portal\/wp-json\/wp\/v2\/media?parent=20272"}],"wp:term":[{"taxonomy":"category","embeddable":true,"href":"https:\/\/eltrabajo.cl\/portal\/wp-json\/wp\/v2\/categories?post=20272"},{"taxonomy":"post_tag","embeddable":true,"href":"https:\/\/eltrabajo.cl\/portal\/wp-json\/wp\/v2\/tags?post=20272"}],"curies":[{"name":"wp","href":"https:\/\/api.w.org\/{rel}","templated":true}]}}