{"id":20280,"date":"2012-07-04T10:17:11","date_gmt":"2012-07-04T14:17:11","guid":{"rendered":"http:\/\/www.eltrabajo.cl\/portal\/?p=20280"},"modified":"2012-07-04T10:17:11","modified_gmt":"2012-07-04T14:17:11","slug":"guitarrista-del-grupo-la-noche-sera-candidato-a-concejal-ppd-en-catemu","status":"publish","type":"post","link":"https:\/\/eltrabajo.cl\/portal\/guitarrista-del-grupo-la-noche-sera-candidato-a-concejal-ppd-en-catemu\/","title":{"rendered":"Guitarrista del grupo La Noche ser\u00e1 candidato a concejal PPD en Catemu"},"content":{"rendered":"<figure id=\"attachment_20281\" aria-describedby=\"caption-attachment-20281\" style=\"width: 300px\" class=\"wp-caption alignleft\"><a href=\"http:\/\/www.eltrabajo.cl\/portal\/2012\/07\/guitarrista-del-grupo-la-noche-sera-candidato-a-concejal-ppd-en-catemu\/nunez-y-desidel-x-catemu-2\/\" rel=\"attachment wp-att-20281\"><img data-recalc-dims=\"1\" loading=\"lazy\" decoding=\"async\" class=\"size-medium wp-image-20281\" title=\"Nunez y Desidel x Catemu 2\" src=\"https:\/\/i0.wp.com\/www.eltrabajo.cl\/portal\/wp-content\/uploads\/2012\/07\/Nunez-y-Desidel-x-Catemu-2-300x236.jpg?resize=300%2C236\" alt=\"\" width=\"300\" height=\"236\" srcset=\"https:\/\/i0.wp.com\/eltrabajo.cl\/portal\/wp-content\/uploads\/2012\/07\/Nunez-y-Desidel-x-Catemu-2.jpg?resize=300%2C236&amp;ssl=1 300w, https:\/\/i0.wp.com\/eltrabajo.cl\/portal\/wp-content\/uploads\/2012\/07\/Nunez-y-Desidel-x-Catemu-2.jpg?resize=190%2C150&amp;ssl=1 190w, https:\/\/i0.wp.com\/eltrabajo.cl\/portal\/wp-content\/uploads\/2012\/07\/Nunez-y-Desidel-x-Catemu-2.jpg?resize=150%2C118&amp;ssl=1 150w, https:\/\/i0.wp.com\/eltrabajo.cl\/portal\/wp-content\/uploads\/2012\/07\/Nunez-y-Desidel-x-Catemu-2.jpg?resize=400%2C315&amp;ssl=1 400w, https:\/\/i0.wp.com\/eltrabajo.cl\/portal\/wp-content\/uploads\/2012\/07\/Nunez-y-Desidel-x-Catemu-2.jpg?w=600&amp;ssl=1 600w\" sizes=\"auto, (max-width: 300px) 100vw, 300px\" \/><\/a><figcaption id=\"caption-attachment-20281\" class=\"wp-caption-text\">Jorge Desidel, guitarrista del grupo La Noche y ahora candidato a concejal por el PPD en Catemu, junto al actual concejal y candidato a la reelecci\u00f3n, Claudio N\u00fa\u00f1ez.<\/figcaption><\/figure>\n<p>El Partido Por la Democracia anunci\u00f3 que presentar\u00e1 como candidatos a concejales en la comuna de Catemu para las pr\u00f3ximas elecciones municipales, al actual Concejal Claudio N\u00fa\u00f1ez y al guitarrista del grupo La Noche e Hijo Ilustre de la comuna, Jorge Desidel.<\/p>\n<p>Al referirse al tema, el conocido m\u00fasico afirm\u00f3 que \u00abes un privilegio ser candidato a Concejal por mi comuna de Catemu y m\u00e1s a\u00fan en dupla con mi amigo Claudio N\u00fa\u00f1ez, quien ha sido un gran concejal. Deseo trabajar intensa y responsablemente por mi querida comuna y sus vecinos. Muchas son las opiniones que uno recoge y todas ellas coinciden en se\u00f1alar que ha sido lento el desarrollo en la comuna, y si uno lo compara con nuestras comunas vecinas queda la sensaci\u00f3n que Catemu est\u00e1 estancado\u00bb.<\/p>\n<p>Por su parte el Concejal N\u00fa\u00f1ez manifest\u00f3 que est\u00e1 muy motivado siendo Concejal de Catemu y que desde ese cargo p\u00fablico desea continuar trabajando por los vecinos de su comuna. Al referirse a la candidatura de su compa\u00f1ero de lista, Jorge Desidel, indic\u00f3 que \u00aba Jorge lo conozco de toda una vida, adem\u00e1s de m\u00fasico es Contador y T\u00e9cnico en Comercio Exterior. Conozco su compromiso social y su cari\u00f1o por nuestra comuna, esperamos juntos ser elegidos concejales para continuar trabajando por Catemu\u00bb.<\/p>\n<p>Finalmente ambos militantes PPD y candidatos a concejales expresaron p\u00fablicamente su respaldo a la candidatura a Alcalde por Catemu del profesor Carlos Vald\u00e9s (PC), quien tiene una larga trayectoria en la comuna y que conf\u00eda en realizar una gesti\u00f3n distinta a la actual administraci\u00f3n municipal.<\/p>\n<p>&nbsp;<\/p>\n","protected":false},"excerpt":{"rendered":"<p>El Partido Por la Democracia anunci\u00f3 que presentar\u00e1 como candidatos a concejales en la comuna de Catemu para las pr\u00f3ximas elecciones municipales, al actual Concejal Claudio N\u00fa\u00f1ez y al guitarrista del grupo&#8230;<\/p>\n","protected":false},"author":482,"featured_media":20281,"comment_status":"open","ping_status":"closed","sticky":false,"template":"","format":"standard","meta":{"advanced_seo_description":"","jetpack_seo_html_title":"","jetpack_seo_noindex":false,"_jetpack_memberships_contains_paid_content":false,"footnotes":""},"categories":[16],"tags":[],"class_list":["post-20280","post","type-post","status-publish","format-standard","has-post-thumbnail","hentry","category-politica"],"jetpack_featured_media_url":"https:\/\/i0.wp.com\/eltrabajo.cl\/portal\/wp-content\/uploads\/2012\/07\/Nunez-y-Desidel-x-Catemu-2.jpg?fit=600%2C473&ssl=1","jetpack_sharing_enabled":true,"jetpack_likes_enabled":true,"jetpack-related-posts":[],"_links":{"self":[{"href":"https:\/\/eltrabajo.cl\/portal\/wp-json\/wp\/v2\/posts\/20280","targetHints":{"allow":["GET"]}}],"collection":[{"href":"https:\/\/eltrabajo.cl\/portal\/wp-json\/wp\/v2\/posts"}],"about":[{"href":"https:\/\/eltrabajo.cl\/portal\/wp-json\/wp\/v2\/types\/post"}],"author":[{"embeddable":true,"href":"https:\/\/eltrabajo.cl\/portal\/wp-json\/wp\/v2\/users\/482"}],"replies":[{"embeddable":true,"href":"https:\/\/eltrabajo.cl\/portal\/wp-json\/wp\/v2\/comments?post=20280"}],"version-history":[{"count":0,"href":"https:\/\/eltrabajo.cl\/portal\/wp-json\/wp\/v2\/posts\/20280\/revisions"}],"wp:featuredmedia":[{"embeddable":true,"href":"https:\/\/eltrabajo.cl\/portal\/wp-json\/wp\/v2\/media\/20281"}],"wp:attachment":[{"href":"https:\/\/eltrabajo.cl\/portal\/wp-json\/wp\/v2\/media?parent=20280"}],"wp:term":[{"taxonomy":"category","embeddable":true,"href":"https:\/\/eltrabajo.cl\/portal\/wp-json\/wp\/v2\/categories?post=20280"},{"taxonomy":"post_tag","embeddable":true,"href":"https:\/\/eltrabajo.cl\/portal\/wp-json\/wp\/v2\/tags?post=20280"}],"curies":[{"name":"wp","href":"https:\/\/api.w.org\/{rel}","templated":true}]}}