{"id":20284,"date":"2012-07-04T10:18:39","date_gmt":"2012-07-04T14:18:39","guid":{"rendered":"http:\/\/www.eltrabajo.cl\/portal\/?p=20284"},"modified":"2012-07-04T10:18:39","modified_gmt":"2012-07-04T14:18:39","slug":"sujeto-habria-violado-a-ex-pareja-en-plena-via-publica-en-sector-de-las-coimas","status":"publish","type":"post","link":"https:\/\/eltrabajo.cl\/portal\/sujeto-habria-violado-a-ex-pareja-en-plena-via-publica-en-sector-de-las-coimas\/","title":{"rendered":"Sujeto habr\u00eda violado a ex pareja en plena v\u00eda p\u00fablica en sector de Las Coimas"},"content":{"rendered":"<figure id=\"attachment_20285\" aria-describedby=\"caption-attachment-20285\" style=\"width: 300px\" class=\"wp-caption alignleft\"><a href=\"http:\/\/www.eltrabajo.cl\/portal\/2012\/07\/sujeto-habria-violado-a-ex-pareja-en-plena-via-publica-en-sector-de-las-coimas\/mayor-marcelo-arancibia\/\" rel=\"attachment wp-att-20285\"><img data-recalc-dims=\"1\" loading=\"lazy\" decoding=\"async\" class=\"size-medium wp-image-20285\" title=\"Mayor Marcelo Arancibia\" src=\"https:\/\/i0.wp.com\/www.eltrabajo.cl\/portal\/wp-content\/uploads\/2012\/07\/Mayor-Marcelo-Arancibia-300x218.jpg?resize=300%2C218\" alt=\"\" width=\"300\" height=\"218\" srcset=\"https:\/\/i0.wp.com\/eltrabajo.cl\/portal\/wp-content\/uploads\/2012\/07\/Mayor-Marcelo-Arancibia.jpg?resize=300%2C218&amp;ssl=1 300w, https:\/\/i0.wp.com\/eltrabajo.cl\/portal\/wp-content\/uploads\/2012\/07\/Mayor-Marcelo-Arancibia.jpg?resize=200%2C145&amp;ssl=1 200w, https:\/\/i0.wp.com\/eltrabajo.cl\/portal\/wp-content\/uploads\/2012\/07\/Mayor-Marcelo-Arancibia.jpg?resize=150%2C109&amp;ssl=1 150w, https:\/\/i0.wp.com\/eltrabajo.cl\/portal\/wp-content\/uploads\/2012\/07\/Mayor-Marcelo-Arancibia.jpg?resize=400%2C290&amp;ssl=1 400w, https:\/\/i0.wp.com\/eltrabajo.cl\/portal\/wp-content\/uploads\/2012\/07\/Mayor-Marcelo-Arancibia.jpg?w=600&amp;ssl=1 600w\" sizes=\"auto, (max-width: 300px) 100vw, 300px\" \/><\/a><figcaption id=\"caption-attachment-20285\" class=\"wp-caption-text\">El mayor Marcelo Arancibia se\u00f1al\u00f3 que la mujer fue trasladada hasta el sector de Las Coimas, donde habr\u00eda sido violada por su ex pareja.<\/figcaption><\/figure>\n<p>Hasta el sector de Las Coimas y a bordo de un veh\u00edculo de la locomoci\u00f3n colectiva, fue trasladada una mujer de 24 a\u00f1os de edad, quien habr\u00eda sido violada por el ex conviviente, con quien mantiene un hijo en com\u00fan.<\/p>\n<p>El hecho se habr\u00eda registrado en horas de la madrugada del d\u00eda domingo, cuando G.H.H., de 24 a\u00f1os de edad, fue abordada por su ex conviviente, identificado como S.P.C., de 23 a\u00f1os de edad, y domiciliado en el sector de Enc\u00f3n, quien hizo que ingresara a un veh\u00edculo de la locomoci\u00f3n colectiva, a bordo del cual la traslad\u00f3 hasta el sector de Las Coimas.<\/p>\n<p><strong>EN LA V\u00cdA P\u00daBLICA<\/strong><\/p>\n<p>Una vez en el lugar, el sujeto la oblig\u00f3 a bajar y en plena v\u00eda p\u00fablica la habr\u00eda violado, hecho que motiv\u00f3 que la mujer se dirigiera a realizar la denuncia en Carabineros, quienes realizaron el procedimiento de rigor para dar con el paradero del sujeto.<\/p>\n<p>\u201cCarabineros tom\u00f3 conocimiento del procedimiento de violaci\u00f3n el d\u00eda domingo, cuando una mujer adulta concurri\u00f3 a la guardia de la unidad, con la finalidad de dar cuenta de una denuncia por violaci\u00f3n. Ante esta situaci\u00f3n, Carabineros en forma inmediata a trav\u00e9s de los patrullajes preventivos y la informaci\u00f3n entregada por esta se\u00f1ora, dio con el paradero de su ex conviviente, el cual en horas anteriores concurrieron a un lugar c\u00e9ntrico de San Felipe y posteriormente fue trasladada en un veh\u00edculo de la locomoci\u00f3n colectiva hasta el sector de Las Coimas, donde al parecer, este ex conviviente de la denunciante la oblig\u00f3 a tener relaciones sexuales\u201d, se\u00f1al\u00f3 el Mayor Marcelo Arancibia.<\/p>\n<p><strong>SUJETO ES DETENIDO EN SU DOMICILIO<\/strong><\/p>\n<p>Con esta informaci\u00f3n, Carabineros comenz\u00f3 la b\u00fasqueda del sujeto, dando con \u00e9l en su domicilio, en el sector de Enc\u00f3n, donde fue detenido y posteriormente puesto a disposici\u00f3n del Juzgado de Garant\u00eda de San Felipe.<\/p>\n<p>El sujeto tiene antecedentes por violencia intrafamiliar, hurto y otros delitos. Adem\u00e1s producto de la relaci\u00f3n de pareja que mantuvieron los involucrados, tienen un hijo en com\u00fan.<\/p>\n<p>La denunciante en tanto, fue trasladada hasta el Instituto M\u00e9dico Legal, con la finalidad de constatar las lesiones sexuales de las que habr\u00eda sido v\u00edctima.<\/p>\n<p>&nbsp;<\/p>\n","protected":false},"excerpt":{"rendered":"<p>Hasta el sector de Las Coimas y a bordo de un veh\u00edculo de la locomoci\u00f3n colectiva, fue trasladada una mujer de 24 a\u00f1os de edad, quien habr\u00eda sido violada por el ex&#8230;<\/p>\n","protected":false},"author":482,"featured_media":20285,"comment_status":"open","ping_status":"closed","sticky":false,"template":"","format":"standard","meta":{"advanced_seo_description":"","jetpack_seo_html_title":"","jetpack_seo_noindex":false,"_jetpack_memberships_contains_paid_content":false,"footnotes":""},"categories":[21],"tags":[],"class_list":["post-20284","post","type-post","status-publish","format-standard","has-post-thumbnail","hentry","category-policial"],"jetpack_featured_media_url":"https:\/\/i0.wp.com\/eltrabajo.cl\/portal\/wp-content\/uploads\/2012\/07\/Mayor-Marcelo-Arancibia.jpg?fit=600%2C436&ssl=1","jetpack_sharing_enabled":true,"jetpack_likes_enabled":true,"jetpack-related-posts":[],"_links":{"self":[{"href":"https:\/\/eltrabajo.cl\/portal\/wp-json\/wp\/v2\/posts\/20284","targetHints":{"allow":["GET"]}}],"collection":[{"href":"https:\/\/eltrabajo.cl\/portal\/wp-json\/wp\/v2\/posts"}],"about":[{"href":"https:\/\/eltrabajo.cl\/portal\/wp-json\/wp\/v2\/types\/post"}],"author":[{"embeddable":true,"href":"https:\/\/eltrabajo.cl\/portal\/wp-json\/wp\/v2\/users\/482"}],"replies":[{"embeddable":true,"href":"https:\/\/eltrabajo.cl\/portal\/wp-json\/wp\/v2\/comments?post=20284"}],"version-history":[{"count":0,"href":"https:\/\/eltrabajo.cl\/portal\/wp-json\/wp\/v2\/posts\/20284\/revisions"}],"wp:featuredmedia":[{"embeddable":true,"href":"https:\/\/eltrabajo.cl\/portal\/wp-json\/wp\/v2\/media\/20285"}],"wp:attachment":[{"href":"https:\/\/eltrabajo.cl\/portal\/wp-json\/wp\/v2\/media?parent=20284"}],"wp:term":[{"taxonomy":"category","embeddable":true,"href":"https:\/\/eltrabajo.cl\/portal\/wp-json\/wp\/v2\/categories?post=20284"},{"taxonomy":"post_tag","embeddable":true,"href":"https:\/\/eltrabajo.cl\/portal\/wp-json\/wp\/v2\/tags?post=20284"}],"curies":[{"name":"wp","href":"https:\/\/api.w.org\/{rel}","templated":true}]}}