{"id":20289,"date":"2012-07-05T10:17:16","date_gmt":"2012-07-05T14:17:16","guid":{"rendered":"http:\/\/www.eltrabajo.cl\/portal\/?p=20289"},"modified":"2012-07-05T10:17:16","modified_gmt":"2012-07-05T14:17:16","slug":"con-festival-ranchero-promueven-la-educacion-previsional-en-santa-maria","status":"publish","type":"post","link":"https:\/\/eltrabajo.cl\/portal\/con-festival-ranchero-promueven-la-educacion-previsional-en-santa-maria\/","title":{"rendered":"Con Festival Ranchero promueven la Educaci\u00f3n Previsional en Santa Mar\u00eda"},"content":{"rendered":"<figure id=\"attachment_20290\" aria-describedby=\"caption-attachment-20290\" style=\"width: 600px\" class=\"wp-caption alignnone\"><a href=\"http:\/\/www.eltrabajo.cl\/portal\/2012\/07\/con-festival-ranchero-promueven-la-educacion-previsional-en-santa-maria\/juan-gabriel\/\" rel=\"attachment wp-att-20290\"><img data-recalc-dims=\"1\" loading=\"lazy\" decoding=\"async\" class=\"size-full wp-image-20290\" title=\"juan gabriel\" src=\"https:\/\/i0.wp.com\/www.eltrabajo.cl\/portal\/wp-content\/uploads\/2012\/07\/juan-gabriel.jpg?resize=600%2C450\" alt=\"\" width=\"600\" height=\"450\" srcset=\"https:\/\/i0.wp.com\/eltrabajo.cl\/portal\/wp-content\/uploads\/2012\/07\/juan-gabriel.jpg?w=600&amp;ssl=1 600w, https:\/\/i0.wp.com\/eltrabajo.cl\/portal\/wp-content\/uploads\/2012\/07\/juan-gabriel.jpg?resize=200%2C150&amp;ssl=1 200w, https:\/\/i0.wp.com\/eltrabajo.cl\/portal\/wp-content\/uploads\/2012\/07\/juan-gabriel.jpg?resize=300%2C225&amp;ssl=1 300w, https:\/\/i0.wp.com\/eltrabajo.cl\/portal\/wp-content\/uploads\/2012\/07\/juan-gabriel.jpg?resize=150%2C112&amp;ssl=1 150w, https:\/\/i0.wp.com\/eltrabajo.cl\/portal\/wp-content\/uploads\/2012\/07\/juan-gabriel.jpg?resize=400%2C300&amp;ssl=1 400w\" sizes=\"auto, (max-width: 600px) 100vw, 600px\" \/><\/a><figcaption id=\"caption-attachment-20290\" class=\"wp-caption-text\">El doble oficial de Juan Gabriel deleit\u00f3 a los asistentes con su destacado show.<\/figcaption><\/figure>\n<p><strong>SANTA MAR\u00cdA<\/strong>.- Con una masiva asistencia en el Gimnasio Municipal de esta comuna, se efectu\u00f3 esta importante actividad de Difusi\u00f3n del programa \u2018Aconcagua promueve la Educaci\u00f3n Previsional\u2019.<\/p>\n<p>El evento, inserto en el marco del FEP (Fondo para la Educaci\u00f3n Previsional), estuvo a cargo de la OTEC PLC, liderada por Denisse Rivera y cont\u00f3 con el importante apoyo de la Municipalidad de Santa Mar\u00eda, como patrocinador del proyecto.<\/p>\n<p>Conocer cu\u00e1nto es lo que se paga en comisiones en las AFP, los tipos de pensiones existentes, las cotizaciones voluntarias y el aporte Previsional Solidario, son algunos de los temas que los vecinos de Santa Mar\u00eda pudieron conocer a trav\u00e9s de interesantes proyecciones y que les servir\u00e1 para definir de la mejor manera un futuro m\u00e1s auspicioso.<\/p>\n<figure id=\"attachment_20291\" aria-describedby=\"caption-attachment-20291\" style=\"width: 300px\" class=\"wp-caption alignright\"><a href=\"http:\/\/www.eltrabajo.cl\/portal\/2012\/07\/con-festival-ranchero-promueven-la-educacion-previsional-en-santa-maria\/juan-gabriel-con-deniss-y-zurita\/\" rel=\"attachment wp-att-20291\"><img data-recalc-dims=\"1\" loading=\"lazy\" decoding=\"async\" class=\"size-medium wp-image-20291\" title=\"juan gabriel con deniss y zurita\" src=\"https:\/\/i0.wp.com\/www.eltrabajo.cl\/portal\/wp-content\/uploads\/2012\/07\/juan-gabriel-con-deniss-y-zurita-300x177.jpg?resize=300%2C177\" alt=\"\" width=\"300\" height=\"177\" srcset=\"https:\/\/i0.wp.com\/eltrabajo.cl\/portal\/wp-content\/uploads\/2012\/07\/juan-gabriel-con-deniss-y-zurita.jpg?resize=300%2C177&amp;ssl=1 300w, https:\/\/i0.wp.com\/eltrabajo.cl\/portal\/wp-content\/uploads\/2012\/07\/juan-gabriel-con-deniss-y-zurita.jpg?resize=200%2C118&amp;ssl=1 200w, https:\/\/i0.wp.com\/eltrabajo.cl\/portal\/wp-content\/uploads\/2012\/07\/juan-gabriel-con-deniss-y-zurita.jpg?resize=150%2C88&amp;ssl=1 150w, https:\/\/i0.wp.com\/eltrabajo.cl\/portal\/wp-content\/uploads\/2012\/07\/juan-gabriel-con-deniss-y-zurita.jpg?resize=400%2C236&amp;ssl=1 400w, https:\/\/i0.wp.com\/eltrabajo.cl\/portal\/wp-content\/uploads\/2012\/07\/juan-gabriel-con-deniss-y-zurita.jpg?w=600&amp;ssl=1 600w\" sizes=\"auto, (max-width: 300px) 100vw, 300px\" \/><\/a><figcaption id=\"caption-attachment-20291\" class=\"wp-caption-text\">Denisse Rivera junto a Antonio Cornejo, doble oficial de Juan Gabriel, y el Alcalde Claudio Zurita.<\/figcaption><\/figure>\n<p>Seg\u00fan nos se\u00f1al\u00f3 Denisse Rivera, la idea de este Festival Ranchero es para hacer acercar estas acciones de difusi\u00f3n a la mayor cantidad de vecinos de la comuna. Adem\u00e1s se manifest\u00f3 muy satisfecha con los resultados del evento, se\u00f1alando que \u201cestuvimos espectaculares con la gente, con el p\u00fablico, a pesar del fr\u00edo y de la lluvia, y pudimos concretar lo proyectado, adem\u00e1s de disfrutar del doble oficial de Juan Gabriel (Antonio Cornejo), de la espectacular presentaci\u00f3n de Freddy Pantoja, de la artista local Jazm\u00edn Lazcano y de un grupo flocl\u00f3rico comunal\u201d.<\/p>\n<p>Por su parte la gente qued\u00f3 muy complacida, porque aparte de recibir esta importante informaci\u00f3n fundamental para su futuro, pudo disfrutar de un evento de un alto nivel, con artistas que hicieron bailar y cantar al p\u00fablico, incluyendo a las autoridades presentes, entre los que destacaron el Alcalde Claudio Zurita y los concejales de la Comuna.<\/p>\n<p>Las actividades de \u2018Aconcagua promueve la Educaci\u00f3n Previsional\u2019 comenzaron en el mes de mayo en las principales comunas beneficiadas que son Panquehue, Catemu y Santa Mar\u00eda. Tambi\u00e9n se han considerado otras comunas del Valle de Aconcagua que ya a han recibido este beneficio.<\/p>\n<p>Para conocer m\u00e1s de este proyecto visita www.fepaconcagua.cl o solicita una charla previsional, con un m\u00ednimo de 20 participantes, al fono (34) 517263.<\/p>\n<p>&nbsp;<\/p>\n","protected":false},"excerpt":{"rendered":"<p>SANTA MAR\u00cdA.- Con una masiva asistencia en el Gimnasio Municipal de esta comuna, se efectu\u00f3 esta importante actividad de Difusi\u00f3n del programa \u2018Aconcagua promueve la Educaci\u00f3n Previsional\u2019. El evento, inserto en el&#8230;<\/p>\n","protected":false},"author":482,"featured_media":20290,"comment_status":"open","ping_status":"closed","sticky":false,"template":"","format":"standard","meta":{"advanced_seo_description":"","jetpack_seo_html_title":"","jetpack_seo_noindex":false,"_jetpack_memberships_contains_paid_content":false,"footnotes":""},"categories":[15],"tags":[],"class_list":["post-20289","post","type-post","status-publish","format-standard","has-post-thumbnail","hentry","category-comunidad"],"jetpack_featured_media_url":"https:\/\/i0.wp.com\/eltrabajo.cl\/portal\/wp-content\/uploads\/2012\/07\/juan-gabriel.jpg?fit=600%2C450&ssl=1","jetpack_sharing_enabled":true,"jetpack_likes_enabled":true,"jetpack-related-posts":[],"_links":{"self":[{"href":"https:\/\/eltrabajo.cl\/portal\/wp-json\/wp\/v2\/posts\/20289","targetHints":{"allow":["GET"]}}],"collection":[{"href":"https:\/\/eltrabajo.cl\/portal\/wp-json\/wp\/v2\/posts"}],"about":[{"href":"https:\/\/eltrabajo.cl\/portal\/wp-json\/wp\/v2\/types\/post"}],"author":[{"embeddable":true,"href":"https:\/\/eltrabajo.cl\/portal\/wp-json\/wp\/v2\/users\/482"}],"replies":[{"embeddable":true,"href":"https:\/\/eltrabajo.cl\/portal\/wp-json\/wp\/v2\/comments?post=20289"}],"version-history":[{"count":0,"href":"https:\/\/eltrabajo.cl\/portal\/wp-json\/wp\/v2\/posts\/20289\/revisions"}],"wp:featuredmedia":[{"embeddable":true,"href":"https:\/\/eltrabajo.cl\/portal\/wp-json\/wp\/v2\/media\/20290"}],"wp:attachment":[{"href":"https:\/\/eltrabajo.cl\/portal\/wp-json\/wp\/v2\/media?parent=20289"}],"wp:term":[{"taxonomy":"category","embeddable":true,"href":"https:\/\/eltrabajo.cl\/portal\/wp-json\/wp\/v2\/categories?post=20289"},{"taxonomy":"post_tag","embeddable":true,"href":"https:\/\/eltrabajo.cl\/portal\/wp-json\/wp\/v2\/tags?post=20289"}],"curies":[{"name":"wp","href":"https:\/\/api.w.org\/{rel}","templated":true}]}}