{"id":20299,"date":"2012-07-05T10:22:53","date_gmt":"2012-07-05T14:22:53","guid":{"rendered":"http:\/\/www.eltrabajo.cl\/portal\/?p=20299"},"modified":"2012-07-05T10:22:53","modified_gmt":"2012-07-05T14:22:53","slug":"hoy-a-las-11-00-horas-gobierno-entrega-respuesta-oficial-por-conflicto-de-agua","status":"publish","type":"post","link":"https:\/\/eltrabajo.cl\/portal\/hoy-a-las-11-00-horas-gobierno-entrega-respuesta-oficial-por-conflicto-de-agua\/","title":{"rendered":"Hoy a las 11.00 horas Gobierno entrega respuesta oficial por conflicto de agua"},"content":{"rendered":"<figure id=\"attachment_20300\" aria-describedby=\"caption-attachment-20300\" style=\"width: 600px\" class=\"wp-caption alignnone\"><a href=\"http:\/\/www.eltrabajo.cl\/portal\/2012\/07\/hoy-a-las-11-00-horas-gobierno-entrega-respuesta-oficial-por-conflicto-de-agua\/reunion-concejo-junta-vigilancia-2\/\" rel=\"attachment wp-att-20300\"><img data-recalc-dims=\"1\" loading=\"lazy\" decoding=\"async\" class=\"size-full wp-image-20300\" title=\"reunion concejo junta vigilancia (2)\" src=\"https:\/\/i0.wp.com\/www.eltrabajo.cl\/portal\/wp-content\/uploads\/2012\/07\/reunion-concejo-junta-vigilancia-2.jpg?resize=600%2C450\" alt=\"\" width=\"600\" height=\"450\" srcset=\"https:\/\/i0.wp.com\/eltrabajo.cl\/portal\/wp-content\/uploads\/2012\/07\/reunion-concejo-junta-vigilancia-2.jpg?w=600&amp;ssl=1 600w, https:\/\/i0.wp.com\/eltrabajo.cl\/portal\/wp-content\/uploads\/2012\/07\/reunion-concejo-junta-vigilancia-2.jpg?resize=200%2C150&amp;ssl=1 200w, https:\/\/i0.wp.com\/eltrabajo.cl\/portal\/wp-content\/uploads\/2012\/07\/reunion-concejo-junta-vigilancia-2.jpg?resize=300%2C225&amp;ssl=1 300w, https:\/\/i0.wp.com\/eltrabajo.cl\/portal\/wp-content\/uploads\/2012\/07\/reunion-concejo-junta-vigilancia-2.jpg?resize=150%2C112&amp;ssl=1 150w, https:\/\/i0.wp.com\/eltrabajo.cl\/portal\/wp-content\/uploads\/2012\/07\/reunion-concejo-junta-vigilancia-2.jpg?resize=400%2C300&amp;ssl=1 400w\" sizes=\"auto, (max-width: 600px) 100vw, 600px\" \/><\/a><figcaption id=\"caption-attachment-20300\" class=\"wp-caption-text\">La ma\u00f1ana de ayer la Junta de Vigilancia y el Concejo Municipal sostuvieron una reuni\u00f3n en la sede los regantes.<\/figcaption><\/figure>\n<p>Oficialmente hoy jueves a las 11.00 horas en la sede de la Junta de Vigilancia del r\u00edo Putaendo, el gobierno entregar\u00e1 su propuesta de soluci\u00f3n luego que la Direcci\u00f3n General de Aguas entregara derechos de aprovechamiento a la empresa Colb\u00fan.<\/p>\n<p>La informaci\u00f3n que ya era conocida desde este martes, fue confirmada por el presidente de la Junta de Vigilancia, Miguel Vega, luego de finalizar una reuni\u00f3n con el Concejo Municipal en pleno en la sede de los regantes la ma\u00f1ana de este mi\u00e9rcoles, donde la Junta de Vigilancia entreg\u00f3 detalles m\u00e1s espec\u00edficos a las autoridades locales encabezadas por el Alcalde Reyes, quienes adem\u00e1s acompa\u00f1ar\u00e1n a la Junta de Vigilancia este d\u00eda jueves, cuando reciban la visita de altos funcionarios de Gobierno como la Subsecretaria de Obras P\u00fablicas, Loreto Silva; el Seremi de la misma cartera, Pedro Sariego; la Gobernadora Patricia Boffa, adem\u00e1s de los parlamentarios de la provincia.<\/p>\n<p>Miguel Vega se\u00f1al\u00f3 a Diario El Trabajo que la reuni\u00f3n con los concejales y el Alcalde fue muy provechosa pues lograron aclarar algunas dudas, donde fue enf\u00e1tico en reiterar que en estos momentos no hay agua para llenar el embalse despu\u00e9s que los derechos fueron entregados a Colb\u00fan, por lo que reiter\u00f3 que era mucho m\u00e1s importante, hoy m\u00e1s que nunca, que todos los actores pol\u00edticos, sin importar su color, estuvieran unidos junto a la Junta de Vigilancia para recibir oficialmente los anuncios, donde el dirigente ya adelant\u00f3 que \u201cla Junta de Vigilancia del r\u00edo Putaendo no tiene ning\u00fan inter\u00e9s en reunirse con Colb\u00fan\u201d, pues es el Gobierno el que debe aclarar este tremendo l\u00edo que arm\u00f3 la DGA.<\/p>\n<p><strong>Patricio Gallardo M.<\/strong><\/p>\n<p>&nbsp;<\/p>\n","protected":false},"excerpt":{"rendered":"<p>Oficialmente hoy jueves a las 11.00 horas en la sede de la Junta de Vigilancia del r\u00edo Putaendo, el gobierno entregar\u00e1 su propuesta de soluci\u00f3n luego que la Direcci\u00f3n General de Aguas&#8230;<\/p>\n","protected":false},"author":482,"featured_media":20300,"comment_status":"open","ping_status":"closed","sticky":false,"template":"","format":"standard","meta":{"advanced_seo_description":"","jetpack_seo_html_title":"","jetpack_seo_noindex":false,"_jetpack_memberships_contains_paid_content":false,"footnotes":""},"categories":[1],"tags":[],"class_list":["post-20299","post","type-post","status-publish","format-standard","has-post-thumbnail","hentry","category-cronica"],"jetpack_featured_media_url":"https:\/\/i0.wp.com\/eltrabajo.cl\/portal\/wp-content\/uploads\/2012\/07\/reunion-concejo-junta-vigilancia-2.jpg?fit=600%2C450&ssl=1","jetpack_sharing_enabled":true,"jetpack_likes_enabled":true,"jetpack-related-posts":[],"_links":{"self":[{"href":"https:\/\/eltrabajo.cl\/portal\/wp-json\/wp\/v2\/posts\/20299","targetHints":{"allow":["GET"]}}],"collection":[{"href":"https:\/\/eltrabajo.cl\/portal\/wp-json\/wp\/v2\/posts"}],"about":[{"href":"https:\/\/eltrabajo.cl\/portal\/wp-json\/wp\/v2\/types\/post"}],"author":[{"embeddable":true,"href":"https:\/\/eltrabajo.cl\/portal\/wp-json\/wp\/v2\/users\/482"}],"replies":[{"embeddable":true,"href":"https:\/\/eltrabajo.cl\/portal\/wp-json\/wp\/v2\/comments?post=20299"}],"version-history":[{"count":0,"href":"https:\/\/eltrabajo.cl\/portal\/wp-json\/wp\/v2\/posts\/20299\/revisions"}],"wp:featuredmedia":[{"embeddable":true,"href":"https:\/\/eltrabajo.cl\/portal\/wp-json\/wp\/v2\/media\/20300"}],"wp:attachment":[{"href":"https:\/\/eltrabajo.cl\/portal\/wp-json\/wp\/v2\/media?parent=20299"}],"wp:term":[{"taxonomy":"category","embeddable":true,"href":"https:\/\/eltrabajo.cl\/portal\/wp-json\/wp\/v2\/categories?post=20299"},{"taxonomy":"post_tag","embeddable":true,"href":"https:\/\/eltrabajo.cl\/portal\/wp-json\/wp\/v2\/tags?post=20299"}],"curies":[{"name":"wp","href":"https:\/\/api.w.org\/{rel}","templated":true}]}}