{"id":20303,"date":"2012-07-05T10:24:09","date_gmt":"2012-07-05T14:24:09","guid":{"rendered":"http:\/\/www.eltrabajo.cl\/portal\/?p=20303"},"modified":"2012-07-05T10:24:09","modified_gmt":"2012-07-05T14:24:09","slug":"alrededor-de-400-manifestantes-en-velaton-y-marcha-en-defensa-del-agua","status":"publish","type":"post","link":"https:\/\/eltrabajo.cl\/portal\/alrededor-de-400-manifestantes-en-velaton-y-marcha-en-defensa-del-agua\/","title":{"rendered":"Alrededor de 400 manifestantes en velat\u00f3n y marcha en defensa del agua"},"content":{"rendered":"<figure id=\"attachment_20304\" aria-describedby=\"caption-attachment-20304\" style=\"width: 600px\" class=\"wp-caption alignnone\"><a href=\"http:\/\/www.eltrabajo.cl\/portal\/2012\/07\/alrededor-de-400-manifestantes-en-velaton-y-marcha-en-defensa-del-agua\/marcha-y-velaton-6\/\" rel=\"attachment wp-att-20304\"><img data-recalc-dims=\"1\" loading=\"lazy\" decoding=\"async\" class=\"size-full wp-image-20304\" title=\"marcha y velaton (6)\" src=\"https:\/\/i0.wp.com\/www.eltrabajo.cl\/portal\/wp-content\/uploads\/2012\/07\/marcha-y-velaton-6.jpg?resize=600%2C450\" alt=\"\" width=\"600\" height=\"450\" srcset=\"https:\/\/i0.wp.com\/eltrabajo.cl\/portal\/wp-content\/uploads\/2012\/07\/marcha-y-velaton-6.jpg?w=600&amp;ssl=1 600w, https:\/\/i0.wp.com\/eltrabajo.cl\/portal\/wp-content\/uploads\/2012\/07\/marcha-y-velaton-6.jpg?resize=200%2C150&amp;ssl=1 200w, https:\/\/i0.wp.com\/eltrabajo.cl\/portal\/wp-content\/uploads\/2012\/07\/marcha-y-velaton-6.jpg?resize=300%2C225&amp;ssl=1 300w, https:\/\/i0.wp.com\/eltrabajo.cl\/portal\/wp-content\/uploads\/2012\/07\/marcha-y-velaton-6.jpg?resize=150%2C112&amp;ssl=1 150w, https:\/\/i0.wp.com\/eltrabajo.cl\/portal\/wp-content\/uploads\/2012\/07\/marcha-y-velaton-6.jpg?resize=400%2C300&amp;ssl=1 400w\" sizes=\"auto, (max-width: 600px) 100vw, 600px\" \/><\/a><figcaption id=\"caption-attachment-20304\" class=\"wp-caption-text\">Pese a lo intenso del fr\u00edo, alrededor de 400 personas se reunieron la noche del martes en la plaza de Putaendo.<\/figcaption><\/figure>\n<p><strong>PUTAENDO.-<\/strong> A cerca de 400 manifestantes reuni\u00f3 la velat\u00f3n y marcha efectuada la noche de este martes en el centro de la comuna, en la segunda actividad desarrollada en el cronograma, tendiente a reclamar por los derechos de agua entregados a la empresa Colb\u00fan.<\/p>\n<p>Pasadas las 19:00 horas, y a pesar del intenso fr\u00edo, familias completas comenzaron a congregarse en la plaza de la comuna, donde una vez m\u00e1s el frontis del templo parroquial fue el centro de reuni\u00f3n para esta velat\u00f3n que comenz\u00f3 con la intervenci\u00f3n de dos representantes de la Congregaci\u00f3n Religiosa Dominicas de la Presentaci\u00f3n, quienes realizaron una breve intervenci\u00f3n religiosa adem\u00e1s de felicitar a los presentes por iniciar esta lucha, al igual que como en otros puntos del pa\u00eds las comunidades tambi\u00e9n las han iniciado para defender los recursos naturales como el agua, de los grandes consorcios empresariales.<\/p>\n<p>Posteriormente, el Presidente de la Junta de Vigilancia del R\u00edo Putaendo, Miguel Vega, reiter\u00f3 lo que ha se\u00f1alado en otras intervenciones, siendo enf\u00e1tico en manifestar que ya no habr\u00eda agua para llenar el embalse, pues \u00e9sta fue entregada a Colb\u00fan, esperando que el presidente de la rep\u00fablica intervenga para solucionar este tema, palabras que comparti\u00f3 posteriormente el Alcalde Guillermo Reyes, quien agreg\u00f3 que esta lucha que ha dado la comunidad ya es noticia a nivel nacional y que todos los medios han coincidido en el tremendo error que cometi\u00f3 el gobierno al entregar dichos derechos a Colb\u00fan, poniendo como ejemplo como el mismo Presidente Sebasti\u00e1n Pi\u00f1era, cuando estuvo presente en la primera tronadura, dijo que este embalse era para que los campesinos de Putaendo tuvieran agua en los tiempos de escasez, lo que hoy por el error cometido por la DGA no se estar\u00eda cumpliendo, agregando que no lo convence el eventual anuncio de recurrir a los tribunales, pues se deben impugnar de una sola vez y borrar los derechos entregados a Colb\u00fan.<\/p>\n<p>Posteriormente, como ya ha sido tradicional, los manifestantes en forma totalmente pac\u00edfica, con banderas, carteles y lienzos, hicieron un recorrido por la plaza de la comuna, finalizando en el mismo lugar de inicio.<\/p>\n<p><strong>Patricio Gallardo M.<\/strong><\/p>\n<p>&nbsp;<\/p>\n","protected":false},"excerpt":{"rendered":"<p>PUTAENDO.- A cerca de 400 manifestantes reuni\u00f3 la velat\u00f3n y marcha efectuada la noche de este martes en el centro de la comuna, en la segunda actividad desarrollada en el cronograma, tendiente&#8230;<\/p>\n","protected":false},"author":482,"featured_media":20304,"comment_status":"open","ping_status":"closed","sticky":false,"template":"","format":"standard","meta":{"advanced_seo_description":"","jetpack_seo_html_title":"","jetpack_seo_noindex":false,"_jetpack_memberships_contains_paid_content":false,"footnotes":""},"categories":[1],"tags":[],"class_list":["post-20303","post","type-post","status-publish","format-standard","has-post-thumbnail","hentry","category-cronica"],"jetpack_featured_media_url":"https:\/\/i0.wp.com\/eltrabajo.cl\/portal\/wp-content\/uploads\/2012\/07\/marcha-y-velaton-6.jpg?fit=600%2C450&ssl=1","jetpack_sharing_enabled":true,"jetpack_likes_enabled":true,"jetpack-related-posts":[],"_links":{"self":[{"href":"https:\/\/eltrabajo.cl\/portal\/wp-json\/wp\/v2\/posts\/20303","targetHints":{"allow":["GET"]}}],"collection":[{"href":"https:\/\/eltrabajo.cl\/portal\/wp-json\/wp\/v2\/posts"}],"about":[{"href":"https:\/\/eltrabajo.cl\/portal\/wp-json\/wp\/v2\/types\/post"}],"author":[{"embeddable":true,"href":"https:\/\/eltrabajo.cl\/portal\/wp-json\/wp\/v2\/users\/482"}],"replies":[{"embeddable":true,"href":"https:\/\/eltrabajo.cl\/portal\/wp-json\/wp\/v2\/comments?post=20303"}],"version-history":[{"count":0,"href":"https:\/\/eltrabajo.cl\/portal\/wp-json\/wp\/v2\/posts\/20303\/revisions"}],"wp:featuredmedia":[{"embeddable":true,"href":"https:\/\/eltrabajo.cl\/portal\/wp-json\/wp\/v2\/media\/20304"}],"wp:attachment":[{"href":"https:\/\/eltrabajo.cl\/portal\/wp-json\/wp\/v2\/media?parent=20303"}],"wp:term":[{"taxonomy":"category","embeddable":true,"href":"https:\/\/eltrabajo.cl\/portal\/wp-json\/wp\/v2\/categories?post=20303"},{"taxonomy":"post_tag","embeddable":true,"href":"https:\/\/eltrabajo.cl\/portal\/wp-json\/wp\/v2\/tags?post=20303"}],"curies":[{"name":"wp","href":"https:\/\/api.w.org\/{rel}","templated":true}]}}