{"id":20307,"date":"2012-07-05T10:29:57","date_gmt":"2012-07-05T14:29:57","guid":{"rendered":"http:\/\/www.eltrabajo.cl\/portal\/?p=20307"},"modified":"2012-07-05T10:29:57","modified_gmt":"2012-07-05T14:29:57","slug":"patricio-manns-se-presenta-este-sabado-en-escuela-pedro-aguirre-cerda","status":"publish","type":"post","link":"https:\/\/eltrabajo.cl\/portal\/patricio-manns-se-presenta-este-sabado-en-escuela-pedro-aguirre-cerda\/","title":{"rendered":"Patricio Manns se presenta este s\u00e1bado en escuela Pedro Aguirre Cerda"},"content":{"rendered":"<figure id=\"attachment_20308\" aria-describedby=\"caption-attachment-20308\" style=\"width: 300px\" class=\"wp-caption alignleft\"><a href=\"http:\/\/www.eltrabajo.cl\/portal\/2012\/07\/patricio-manns-se-presenta-este-sabado-en-escuela-pedro-aguirre-cerda\/patricio-manns\/\" rel=\"attachment wp-att-20308\"><img data-recalc-dims=\"1\" loading=\"lazy\" decoding=\"async\" class=\"size-medium wp-image-20308\" title=\"patricio manns\" src=\"https:\/\/i0.wp.com\/www.eltrabajo.cl\/portal\/wp-content\/uploads\/2012\/07\/patricio-manns-300x295.jpg?resize=300%2C295\" alt=\"\" width=\"300\" height=\"295\" srcset=\"https:\/\/i0.wp.com\/eltrabajo.cl\/portal\/wp-content\/uploads\/2012\/07\/patricio-manns.jpg?resize=300%2C295&amp;ssl=1 300w, https:\/\/i0.wp.com\/eltrabajo.cl\/portal\/wp-content\/uploads\/2012\/07\/patricio-manns.jpg?resize=152%2C150&amp;ssl=1 152w, https:\/\/i0.wp.com\/eltrabajo.cl\/portal\/wp-content\/uploads\/2012\/07\/patricio-manns.jpg?resize=150%2C147&amp;ssl=1 150w, https:\/\/i0.wp.com\/eltrabajo.cl\/portal\/wp-content\/uploads\/2012\/07\/patricio-manns.jpg?resize=400%2C393&amp;ssl=1 400w, https:\/\/i0.wp.com\/eltrabajo.cl\/portal\/wp-content\/uploads\/2012\/07\/patricio-manns.jpg?w=600&amp;ssl=1 600w\" sizes=\"auto, (max-width: 300px) 100vw, 300px\" \/><\/a><figcaption id=\"caption-attachment-20308\" class=\"wp-caption-text\">Patricio Manns, destacado cantautor y escritor chileno creador de obras como \u2018De noche sobre el rastro\u2019, \u2018Buenas noches los pastores\u2019 y \u2018Arriba en la Cordillera\u2019.<\/figcaption><\/figure>\n<ul>\n<li><strong>El conocido cantautor nacional realizar\u00e1 un show completamente gratuito en escuela de Pocuro en Calle Larga.<\/strong><\/li>\n<\/ul>\n<p>En el marco del proyecto \u2018Arriba en la Cordillera\u2019, adjudicado por Patricio Manns al Fondo de la M\u00fasica del Consejo de la Cultura y las Artes, este s\u00e1bado 7 de julio, a partir de las 18 horas, se presentar\u00e1 el conocido cantautor nacional que se encuentra realizando una itinerancia que lo llevar\u00e1 hasta las dependencias de la escuela Pedro Aguirre Cerda de Pocuro.<\/p>\n<p>Patricio Manns, cantautor y escritor chileno creador de obras como \u2018De noche sobre el rastro\u2019, \u2018Buenas noches los pastores\u2019 y \u2018Arriba en la Cordillera\u2019, tema proclamado como la canci\u00f3n chilena m\u00e1s popular hace algunos a\u00f1os en el Festival de Olmu\u00e9, es uno de los artistas chilenos m\u00e1s nombrados en nuestro pa\u00eds, tanto por su historia tras el exilio y vuelta a Chile como por la intensidad de sus letras y canciones.<\/p>\n<p>Gracias al apoyo realizado por la Municipalidad de Calle Larga a trav\u00e9s de su Oficina de Cultura, se llevar\u00e1 a cabo esta presentaci\u00f3n en la que adem\u00e1s participar\u00e1n las bandas Warany de San Esteban y Antolog\u00eda de Los Andes.<\/p>\n<p>Leonardo Aguirre, encargado de Cultura de la Municipalidad de Calle Larga, coment\u00f3 que este show se basar\u00e1 en un recorrido de todo el repertorio del artista, y que el objetivo principal de este evento es el de ayudar al centro de padres con el que ellos trabajan, a recaudar fondos para los planes y proyectos que tienen para el resto del a\u00f1o.<\/p>\n<p>La actividad de este s\u00e1bado 7 de julio es completamente gratuita y se podr\u00e1 disfrutar de buena m\u00fasica, un grato ambiente y la venta de comidas y bebidas ofrecidas por el Centro de Padres de la escuela Pedro Aguirre Cerda. La asistencia a este evento tendr\u00e1 doble prop\u00f3sito, ayudar al Centro de Padres y pasar un momento agradable junto a la buena m\u00fasica chilena.<\/p>\n<p>&nbsp;<\/p>\n","protected":false},"excerpt":{"rendered":"<p>El conocido cantautor nacional realizar\u00e1 un show completamente gratuito en escuela de Pocuro en Calle Larga. En el marco del proyecto \u2018Arriba en la Cordillera\u2019, adjudicado por Patricio Manns al Fondo de&#8230;<\/p>\n","protected":false},"author":482,"featured_media":20308,"comment_status":"open","ping_status":"closed","sticky":false,"template":"","format":"standard","meta":{"advanced_seo_description":"","jetpack_seo_html_title":"","jetpack_seo_noindex":false,"_jetpack_memberships_contains_paid_content":false,"footnotes":""},"categories":[1],"tags":[],"class_list":["post-20307","post","type-post","status-publish","format-standard","has-post-thumbnail","hentry","category-cronica"],"jetpack_featured_media_url":"https:\/\/i0.wp.com\/eltrabajo.cl\/portal\/wp-content\/uploads\/2012\/07\/patricio-manns.jpg?fit=600%2C590&ssl=1","jetpack_sharing_enabled":true,"jetpack_likes_enabled":true,"jetpack-related-posts":[],"_links":{"self":[{"href":"https:\/\/eltrabajo.cl\/portal\/wp-json\/wp\/v2\/posts\/20307","targetHints":{"allow":["GET"]}}],"collection":[{"href":"https:\/\/eltrabajo.cl\/portal\/wp-json\/wp\/v2\/posts"}],"about":[{"href":"https:\/\/eltrabajo.cl\/portal\/wp-json\/wp\/v2\/types\/post"}],"author":[{"embeddable":true,"href":"https:\/\/eltrabajo.cl\/portal\/wp-json\/wp\/v2\/users\/482"}],"replies":[{"embeddable":true,"href":"https:\/\/eltrabajo.cl\/portal\/wp-json\/wp\/v2\/comments?post=20307"}],"version-history":[{"count":0,"href":"https:\/\/eltrabajo.cl\/portal\/wp-json\/wp\/v2\/posts\/20307\/revisions"}],"wp:featuredmedia":[{"embeddable":true,"href":"https:\/\/eltrabajo.cl\/portal\/wp-json\/wp\/v2\/media\/20308"}],"wp:attachment":[{"href":"https:\/\/eltrabajo.cl\/portal\/wp-json\/wp\/v2\/media?parent=20307"}],"wp:term":[{"taxonomy":"category","embeddable":true,"href":"https:\/\/eltrabajo.cl\/portal\/wp-json\/wp\/v2\/categories?post=20307"},{"taxonomy":"post_tag","embeddable":true,"href":"https:\/\/eltrabajo.cl\/portal\/wp-json\/wp\/v2\/tags?post=20307"}],"curies":[{"name":"wp","href":"https:\/\/api.w.org\/{rel}","templated":true}]}}