{"id":20311,"date":"2012-07-05T10:30:55","date_gmt":"2012-07-05T14:30:55","guid":{"rendered":"http:\/\/www.eltrabajo.cl\/portal\/?p=20311"},"modified":"2012-07-05T10:30:55","modified_gmt":"2012-07-05T14:30:55","slug":"core-aprueba-fondos-para-reponer-jardin-infantil-%e2%80%98el-peneca%e2%80%99-de-san-felipe","status":"publish","type":"post","link":"https:\/\/eltrabajo.cl\/portal\/core-aprueba-fondos-para-reponer-jardin-infantil-%e2%80%98el-peneca%e2%80%99-de-san-felipe\/","title":{"rendered":"Core aprueba fondos para reponer Jard\u00edn Infantil \u2018El Peneca\u2019 de San Felipe"},"content":{"rendered":"<figure id=\"attachment_20312\" aria-describedby=\"caption-attachment-20312\" style=\"width: 300px\" class=\"wp-caption alignleft\"><a href=\"http:\/\/www.eltrabajo.cl\/portal\/2012\/07\/core-aprueba-fondos-para-reponer-jardin-infantil-%e2%80%98el-peneca%e2%80%99-de-san-felipe\/eduardo-leon\/\" rel=\"attachment wp-att-20312\"><img data-recalc-dims=\"1\" loading=\"lazy\" decoding=\"async\" class=\"size-medium wp-image-20312\" title=\"eduardo leon\" src=\"https:\/\/i0.wp.com\/www.eltrabajo.cl\/portal\/wp-content\/uploads\/2012\/07\/eduardo-leon-300x231.jpg?resize=300%2C231\" alt=\"\" width=\"300\" height=\"231\" srcset=\"https:\/\/i0.wp.com\/eltrabajo.cl\/portal\/wp-content\/uploads\/2012\/07\/eduardo-leon.jpg?resize=300%2C231&amp;ssl=1 300w, https:\/\/i0.wp.com\/eltrabajo.cl\/portal\/wp-content\/uploads\/2012\/07\/eduardo-leon.jpg?resize=194%2C150&amp;ssl=1 194w, https:\/\/i0.wp.com\/eltrabajo.cl\/portal\/wp-content\/uploads\/2012\/07\/eduardo-leon.jpg?resize=150%2C115&amp;ssl=1 150w, https:\/\/i0.wp.com\/eltrabajo.cl\/portal\/wp-content\/uploads\/2012\/07\/eduardo-leon.jpg?resize=400%2C308&amp;ssl=1 400w, https:\/\/i0.wp.com\/eltrabajo.cl\/portal\/wp-content\/uploads\/2012\/07\/eduardo-leon.jpg?w=600&amp;ssl=1 600w\" sizes=\"auto, (max-width: 300px) 100vw, 300px\" \/><\/a><figcaption id=\"caption-attachment-20312\" class=\"wp-caption-text\">Su satisfacci\u00f3n expres\u00f3 el consejero regional Eduardo Le\u00f3n Lazcano, tras la aprobaci\u00f3n en el Core de la reposici\u00f3n del Jard\u00edn Infantil \u2018El Peneca\u2019.<\/figcaption><\/figure>\n<p>El Consejo Regional de Valpara\u00edso aprob\u00f3 por unanimidad la reposici\u00f3n del tradicional Jard\u00edn Infantil \u2018El Peneca\u2019 de San Felipe, por un monto que supera los 440 millones de pesos, recursos pertenecientes al Fondo Nacional de Desarrollo Regional (FNDR).<\/p>\n<p>As\u00ed lo inform\u00f3 el consejero regional Eduardo Le\u00f3n Lazcano, quien expres\u00f3 su satisfacci\u00f3n asegurando que \u201ccon 36 a\u00f1os de existencia, la infraestructura del jard\u00edn infantil no permit\u00eda dar un servicio de excelencia ni ampliar las dependencias, por tratarse de un inmueble que no es propio. Por eso el proyecto de reposici\u00f3n del establecimiento se construir\u00e1 en otro terreno, ubicado en la Villa El Descanso, de propiedad municipal\u201d.<\/p>\n<p>Cabe se\u00f1alar que el nuevo edificio considera una infraestructura de 570,96 m2, con capacidad para 96 p\u00e1rvulos en niveles medios y transici\u00f3n, a los que se suman otros 40 menores en nivel de sala cuna, lo que arroja un total de 136 ni\u00f1os que se ver\u00e1n beneficiados con la iniciativa, en circunstancias que hasta ahora s\u00f3lo se atend\u00eda a 64 ni\u00f1os.<\/p>\n<p>\u201cSiempre en el Consejo Regional tenemos buena disposici\u00f3n para aprobar proyectos relacionados con la Educaci\u00f3n, principalmente cuando se trata de iniciativas que benefician a menores en edad preescolar, que es una etapa muy importante del aprendizaje y formaci\u00f3n de los ni\u00f1os, por lo que estamos muy conformes de poder contribuir con la reposici\u00f3n de este importante jard\u00edn infantil de la provincia de San Felipe de Aconcagua\u201d, afirm\u00f3 Le\u00f3n.<\/p>\n<p>&nbsp;<\/p>\n","protected":false},"excerpt":{"rendered":"<p>El Consejo Regional de Valpara\u00edso aprob\u00f3 por unanimidad la reposici\u00f3n del tradicional Jard\u00edn Infantil \u2018El Peneca\u2019 de San Felipe, por un monto que supera los 440 millones de pesos, recursos pertenecientes al&#8230;<\/p>\n","protected":false},"author":482,"featured_media":20312,"comment_status":"open","ping_status":"closed","sticky":false,"template":"","format":"standard","meta":{"advanced_seo_description":"","jetpack_seo_html_title":"","jetpack_seo_noindex":false,"_jetpack_memberships_contains_paid_content":false,"footnotes":""},"categories":[1],"tags":[],"class_list":["post-20311","post","type-post","status-publish","format-standard","has-post-thumbnail","hentry","category-cronica"],"jetpack_featured_media_url":"https:\/\/i0.wp.com\/eltrabajo.cl\/portal\/wp-content\/uploads\/2012\/07\/eduardo-leon.jpg?fit=600%2C462&ssl=1","jetpack_sharing_enabled":true,"jetpack_likes_enabled":true,"jetpack-related-posts":[],"_links":{"self":[{"href":"https:\/\/eltrabajo.cl\/portal\/wp-json\/wp\/v2\/posts\/20311","targetHints":{"allow":["GET"]}}],"collection":[{"href":"https:\/\/eltrabajo.cl\/portal\/wp-json\/wp\/v2\/posts"}],"about":[{"href":"https:\/\/eltrabajo.cl\/portal\/wp-json\/wp\/v2\/types\/post"}],"author":[{"embeddable":true,"href":"https:\/\/eltrabajo.cl\/portal\/wp-json\/wp\/v2\/users\/482"}],"replies":[{"embeddable":true,"href":"https:\/\/eltrabajo.cl\/portal\/wp-json\/wp\/v2\/comments?post=20311"}],"version-history":[{"count":0,"href":"https:\/\/eltrabajo.cl\/portal\/wp-json\/wp\/v2\/posts\/20311\/revisions"}],"wp:featuredmedia":[{"embeddable":true,"href":"https:\/\/eltrabajo.cl\/portal\/wp-json\/wp\/v2\/media\/20312"}],"wp:attachment":[{"href":"https:\/\/eltrabajo.cl\/portal\/wp-json\/wp\/v2\/media?parent=20311"}],"wp:term":[{"taxonomy":"category","embeddable":true,"href":"https:\/\/eltrabajo.cl\/portal\/wp-json\/wp\/v2\/categories?post=20311"},{"taxonomy":"post_tag","embeddable":true,"href":"https:\/\/eltrabajo.cl\/portal\/wp-json\/wp\/v2\/tags?post=20311"}],"curies":[{"name":"wp","href":"https:\/\/api.w.org\/{rel}","templated":true}]}}