{"id":20315,"date":"2012-07-05T10:32:10","date_gmt":"2012-07-05T14:32:10","guid":{"rendered":"http:\/\/www.eltrabajo.cl\/portal\/?p=20315"},"modified":"2012-07-05T10:32:10","modified_gmt":"2012-07-05T14:32:10","slug":"padres-no-han-hecho-uso-del-postnatal-de-seis-meses-en-la-provincia","status":"publish","type":"post","link":"https:\/\/eltrabajo.cl\/portal\/padres-no-han-hecho-uso-del-postnatal-de-seis-meses-en-la-provincia\/","title":{"rendered":"Padres no han hecho uso del postnatal de seis meses en la provincia"},"content":{"rendered":"<figure id=\"attachment_20316\" aria-describedby=\"caption-attachment-20316\" style=\"width: 300px\" class=\"wp-caption alignleft\"><a href=\"http:\/\/www.eltrabajo.cl\/portal\/2012\/07\/padres-no-han-hecho-uso-del-postnatal-de-seis-meses-en-la-provincia\/lavinia-ceballos-2\/\" rel=\"attachment wp-att-20316\"><img data-recalc-dims=\"1\" loading=\"lazy\" decoding=\"async\" class=\"size-medium wp-image-20316\" title=\"lavinia ceballos\" src=\"https:\/\/i0.wp.com\/www.eltrabajo.cl\/portal\/wp-content\/uploads\/2012\/07\/lavinia-ceballos-300x225.jpg?resize=300%2C225\" alt=\"\" width=\"300\" height=\"225\" srcset=\"https:\/\/i0.wp.com\/eltrabajo.cl\/portal\/wp-content\/uploads\/2012\/07\/lavinia-ceballos.jpg?resize=300%2C225&amp;ssl=1 300w, https:\/\/i0.wp.com\/eltrabajo.cl\/portal\/wp-content\/uploads\/2012\/07\/lavinia-ceballos.jpg?resize=200%2C150&amp;ssl=1 200w, https:\/\/i0.wp.com\/eltrabajo.cl\/portal\/wp-content\/uploads\/2012\/07\/lavinia-ceballos.jpg?resize=150%2C112&amp;ssl=1 150w, https:\/\/i0.wp.com\/eltrabajo.cl\/portal\/wp-content\/uploads\/2012\/07\/lavinia-ceballos.jpg?resize=400%2C300&amp;ssl=1 400w, https:\/\/i0.wp.com\/eltrabajo.cl\/portal\/wp-content\/uploads\/2012\/07\/lavinia-ceballos.jpg?w=600&amp;ssl=1 600w\" sizes=\"auto, (max-width: 300px) 100vw, 300px\" \/><\/a><figcaption id=\"caption-attachment-20316\" class=\"wp-caption-text\">La Seremi del Trabajo, Lavinia Ceballos, destac\u00f3 la aplicaci\u00f3n de la nueva normativa, se\u00f1alando que los padres no han hecho uso del per\u00edodo de post natal, dejando ese papel a las mujeres.<\/figcaption><\/figure>\n<ul>\n<li><strong>Seremi del Trabajo calific\u00f3 como altamente positiva la aplicaci\u00f3n de la normativa en la zona<\/strong>.<\/li>\n<\/ul>\n<p>Como muy positiva fue calificada\u00a0por la seremi del Trabajo, Lavinia Ceballos, la aplicaci\u00f3n del pos natal de seis meses en la provincia de San Felipe.<\/p>\n<p>Seg\u00fan indic\u00f3 la autoridad regional, la ley se ha aplicado de manera correcta, lo que ha significado que en la Inspecci\u00f3n del Trabajo no se hayan presentado mayores reclamos y cuando se han presentado, los problemas se han solucionado de manera r\u00e1pida, ya que la normativa es aplicada correctamente por empleadores.<\/p>\n<p>Uno de los aspectos que destacaba dentro de la Ley, es la posibilidad de que los padres pudieron hacer uso de un per\u00edodo de tiempo para hacerse cargo del beb\u00e9, en la pr\u00e1ctica no lo est\u00e1n haciendo efectivo, y se mantiene la responsabilidad en las mujeres por usar ese tiempo de post natal, por lo que son ellas las que han podido compartir mayor tiempo con los peque\u00f1os.<\/p>\n<p>\u201cEsta ley viene con el beneficio del fuero para aquellos hombres para que hagan uso de este derecho, as\u00ed que no es por perder el trabajo, yo creo que es un tema cultural, que por el momento todav\u00eda no nos hacemos cargo que la sociedad ha cambiado y que los hombres tienen que asumir nuevos roles, o bien porque esta ley, el sentido que tiene es el permitir un mayor amamantamiento en cuanto al tiempo y las mujeres tenemos el privilegio y la obligaci\u00f3n de ser las \u00fanicas portadoras de este alimento\u201d, dijo la Seremi.<\/p>\n<p><strong>DUDAS SOBRE EL PROCESO<\/strong><\/p>\n<p>La autoridad del Trabajo adem\u00e1s dijo que a pesar de las dudas que exist\u00edan en la comunidad por el actuar de los empleadores, frente a esta cantidad de tiempo que las mujeres estar\u00edan fuera de sus trabajos, lo que podr\u00eda haber significado menos contrataciones de mujeres, la situaci\u00f3n no se ha dado de esa manera, sino que todo lo contrario.<\/p>\n<p>\u201cEl efecto ha sido muy positivo, los empleadores aprecian especialmente esta ley, porque al dictarse esta ley, ellos saben que las mujeres van a estar fuera seis meses, por lo tanto los contratos de reemplazo que hagan, los hacen por ese per\u00edodo y es definido, en cambio antes, cuando el post natal era de tres meses, se recurr\u00eda a la licencia m\u00e9dica entonces los empleadores nunca estaban seguros cuanto tiempo iba a ser el que las mujeres estuvi\u00e9ramos lejos de la fuente laboral. Ahora hay certeza, hay seguridad, las mujeres nos hemos hecho responsables tambi\u00e9n de este beneficio\u201d.<\/p>\n<p>Eso ha significado adem\u00e1s que las licencias m\u00e9dicas por enfermedades de los hijos menores de un a\u00f1o han disminuido notablemente.<\/p>\n<p>&nbsp;<\/p>\n","protected":false},"excerpt":{"rendered":"<p>Seremi del Trabajo calific\u00f3 como altamente positiva la aplicaci\u00f3n de la normativa en la zona. Como muy positiva fue calificada\u00a0por la seremi del Trabajo, Lavinia Ceballos, la aplicaci\u00f3n del pos natal de&#8230;<\/p>\n","protected":false},"author":482,"featured_media":20316,"comment_status":"open","ping_status":"closed","sticky":false,"template":"","format":"standard","meta":{"advanced_seo_description":"","jetpack_seo_html_title":"","jetpack_seo_noindex":false,"_jetpack_memberships_contains_paid_content":false,"footnotes":""},"categories":[1],"tags":[],"class_list":["post-20315","post","type-post","status-publish","format-standard","has-post-thumbnail","hentry","category-cronica"],"jetpack_featured_media_url":"https:\/\/i0.wp.com\/eltrabajo.cl\/portal\/wp-content\/uploads\/2012\/07\/lavinia-ceballos.jpg?fit=600%2C451&ssl=1","jetpack_sharing_enabled":true,"jetpack_likes_enabled":true,"jetpack-related-posts":[],"_links":{"self":[{"href":"https:\/\/eltrabajo.cl\/portal\/wp-json\/wp\/v2\/posts\/20315","targetHints":{"allow":["GET"]}}],"collection":[{"href":"https:\/\/eltrabajo.cl\/portal\/wp-json\/wp\/v2\/posts"}],"about":[{"href":"https:\/\/eltrabajo.cl\/portal\/wp-json\/wp\/v2\/types\/post"}],"author":[{"embeddable":true,"href":"https:\/\/eltrabajo.cl\/portal\/wp-json\/wp\/v2\/users\/482"}],"replies":[{"embeddable":true,"href":"https:\/\/eltrabajo.cl\/portal\/wp-json\/wp\/v2\/comments?post=20315"}],"version-history":[{"count":0,"href":"https:\/\/eltrabajo.cl\/portal\/wp-json\/wp\/v2\/posts\/20315\/revisions"}],"wp:featuredmedia":[{"embeddable":true,"href":"https:\/\/eltrabajo.cl\/portal\/wp-json\/wp\/v2\/media\/20316"}],"wp:attachment":[{"href":"https:\/\/eltrabajo.cl\/portal\/wp-json\/wp\/v2\/media?parent=20315"}],"wp:term":[{"taxonomy":"category","embeddable":true,"href":"https:\/\/eltrabajo.cl\/portal\/wp-json\/wp\/v2\/categories?post=20315"},{"taxonomy":"post_tag","embeddable":true,"href":"https:\/\/eltrabajo.cl\/portal\/wp-json\/wp\/v2\/tags?post=20315"}],"curies":[{"name":"wp","href":"https:\/\/api.w.org\/{rel}","templated":true}]}}