{"id":20324,"date":"2012-07-05T10:37:00","date_gmt":"2012-07-05T14:37:00","guid":{"rendered":"http:\/\/www.eltrabajo.cl\/portal\/?p=20324"},"modified":"2012-07-05T10:37:00","modified_gmt":"2012-07-05T14:37:00","slug":"pareja-de-putaendo-resulto-campeona-regional-de-cueca-en-villa-alemana","status":"publish","type":"post","link":"https:\/\/eltrabajo.cl\/portal\/pareja-de-putaendo-resulto-campeona-regional-de-cueca-en-villa-alemana\/","title":{"rendered":"Pareja de Putaendo result\u00f3 Campeona Regional de Cueca en Villa Alemana"},"content":{"rendered":"<figure id=\"attachment_20325\" aria-describedby=\"caption-attachment-20325\" style=\"width: 300px\" class=\"wp-caption alignleft\"><a href=\"http:\/\/www.eltrabajo.cl\/portal\/2012\/07\/pareja-de-putaendo-resulto-campeona-regional-de-cueca-en-villa-alemana\/pareja-ganadora-de-regional-de-cueca-2\/\" rel=\"attachment wp-att-20325\"><img data-recalc-dims=\"1\" loading=\"lazy\" decoding=\"async\" class=\"size-medium wp-image-20325\" title=\"PAREJA GANADORA DE REGIONAL DE CUECA (2)\" src=\"https:\/\/i0.wp.com\/www.eltrabajo.cl\/portal\/wp-content\/uploads\/2012\/07\/PAREJA-GANADORA-DE-REGIONAL-DE-CUECA-2-300x248.jpg?resize=300%2C248\" alt=\"\" width=\"300\" height=\"248\" srcset=\"https:\/\/i0.wp.com\/eltrabajo.cl\/portal\/wp-content\/uploads\/2012\/07\/PAREJA-GANADORA-DE-REGIONAL-DE-CUECA-2.jpg?resize=300%2C248&amp;ssl=1 300w, https:\/\/i0.wp.com\/eltrabajo.cl\/portal\/wp-content\/uploads\/2012\/07\/PAREJA-GANADORA-DE-REGIONAL-DE-CUECA-2.jpg?resize=181%2C150&amp;ssl=1 181w, https:\/\/i0.wp.com\/eltrabajo.cl\/portal\/wp-content\/uploads\/2012\/07\/PAREJA-GANADORA-DE-REGIONAL-DE-CUECA-2.jpg?resize=150%2C124&amp;ssl=1 150w, https:\/\/i0.wp.com\/eltrabajo.cl\/portal\/wp-content\/uploads\/2012\/07\/PAREJA-GANADORA-DE-REGIONAL-DE-CUECA-2.jpg?resize=400%2C331&amp;ssl=1 400w, https:\/\/i0.wp.com\/eltrabajo.cl\/portal\/wp-content\/uploads\/2012\/07\/PAREJA-GANADORA-DE-REGIONAL-DE-CUECA-2.jpg?w=600&amp;ssl=1 600w\" sizes=\"auto, (max-width: 300px) 100vw, 300px\" \/><\/a><figcaption id=\"caption-attachment-20325\" class=\"wp-caption-text\">G\u00e9nesis B\u00f3rquez Aguilera y Daniel Gonz\u00e1lez Arenas, ambos de Putaendo, se coronaron campeones regionales de cueca y representar\u00e1n a la Quinta Regi\u00f3n en el nacional a desarrollarse en la ciudad de Retiro en la S\u00e9ptima Regi\u00f3n.<\/figcaption><\/figure>\n<p><strong>PUTAENDO.<\/strong>&#8211; Con un verdadero carnaval celebraron el triunfo de la pareja de cuequeros de la comuna que se coron\u00f3 campeona regional en un certamen categor\u00eda Junior desarrollado en la ciudad de Villa Alemana el domingo pasado.<\/p>\n<p>El campeonato, organizado por el C\u00edrculo de Cuequeros de Chile, contempl\u00f3 la categor\u00eda Junior, Infantil y Maestro, teniendo tres campeonatos en una sola jornada, donde la pareja conformada por G\u00e9nesis B\u00f3rquez Aguilera y Daniel Gonz\u00e1lez Arenas, ambos de Putaendo, se coron\u00f3 campeona de dicho certamen, quienes representar\u00e1n a la Quinta Regi\u00f3n en el pr\u00f3ximo nacional que se desarrollar\u00e1 en la ciudad de Retiro en la S\u00e9ptima Regi\u00f3n en el mes de octubre de este a\u00f1o.<\/p>\n<p>Valeria Mu\u00f1oz Palma y Sebastian Palma Silva, de Rinconada de Silva, que tambi\u00e9n participaron en este regional de cueca, obtuvieron el tercer lugar en una destacada participaci\u00f3n donde compitieron m\u00e1s de 30 parejas de toda la regi\u00f3n.<\/p>\n<p>Valeska Arenas, madre de Daniel Gonz\u00e1lez Arenas, uno de los ganadores del regional, se\u00f1al\u00f3 su alegr\u00eda por este triunfo que viene a coronar todo un proceso de mucho sacrificio y trabajo, teniendo palabras especiales de agradecimiento para el Alcalde Guillermo Reyes, quien constantemente les facilita movilizaci\u00f3n para participar en diferentes campeonatos o encuentros donde estos peque\u00f1os han participado, agregando que el baile nacional, sin importar quien lo represente, siempre es vital apoyarlo, pues son los ni\u00f1os los encargados de mantener en vigencia la cueca y llevar el nombre de Putaendo en alto, como en este caso ocurri\u00f3 en la ciudad de Villa Alemana el domingo pasado.<\/p>\n<p><strong>Patricio Gallardo M.<\/strong><\/p>\n<p>&nbsp;<\/p>\n","protected":false},"excerpt":{"rendered":"<p>PUTAENDO.&#8211; Con un verdadero carnaval celebraron el triunfo de la pareja de cuequeros de la comuna que se coron\u00f3 campeona regional en un certamen categor\u00eda Junior desarrollado en la ciudad de Villa&#8230;<\/p>\n","protected":false},"author":482,"featured_media":20325,"comment_status":"open","ping_status":"closed","sticky":false,"template":"","format":"standard","meta":{"advanced_seo_description":"","jetpack_seo_html_title":"","jetpack_seo_noindex":false,"_jetpack_memberships_contains_paid_content":false,"footnotes":""},"categories":[1],"tags":[],"class_list":["post-20324","post","type-post","status-publish","format-standard","has-post-thumbnail","hentry","category-cronica"],"jetpack_featured_media_url":"https:\/\/i0.wp.com\/eltrabajo.cl\/portal\/wp-content\/uploads\/2012\/07\/PAREJA-GANADORA-DE-REGIONAL-DE-CUECA-2.jpg?fit=600%2C497&ssl=1","jetpack_sharing_enabled":true,"jetpack_likes_enabled":true,"jetpack-related-posts":[],"_links":{"self":[{"href":"https:\/\/eltrabajo.cl\/portal\/wp-json\/wp\/v2\/posts\/20324","targetHints":{"allow":["GET"]}}],"collection":[{"href":"https:\/\/eltrabajo.cl\/portal\/wp-json\/wp\/v2\/posts"}],"about":[{"href":"https:\/\/eltrabajo.cl\/portal\/wp-json\/wp\/v2\/types\/post"}],"author":[{"embeddable":true,"href":"https:\/\/eltrabajo.cl\/portal\/wp-json\/wp\/v2\/users\/482"}],"replies":[{"embeddable":true,"href":"https:\/\/eltrabajo.cl\/portal\/wp-json\/wp\/v2\/comments?post=20324"}],"version-history":[{"count":0,"href":"https:\/\/eltrabajo.cl\/portal\/wp-json\/wp\/v2\/posts\/20324\/revisions"}],"wp:featuredmedia":[{"embeddable":true,"href":"https:\/\/eltrabajo.cl\/portal\/wp-json\/wp\/v2\/media\/20325"}],"wp:attachment":[{"href":"https:\/\/eltrabajo.cl\/portal\/wp-json\/wp\/v2\/media?parent=20324"}],"wp:term":[{"taxonomy":"category","embeddable":true,"href":"https:\/\/eltrabajo.cl\/portal\/wp-json\/wp\/v2\/categories?post=20324"},{"taxonomy":"post_tag","embeddable":true,"href":"https:\/\/eltrabajo.cl\/portal\/wp-json\/wp\/v2\/tags?post=20324"}],"curies":[{"name":"wp","href":"https:\/\/api.w.org\/{rel}","templated":true}]}}