{"id":20328,"date":"2012-07-05T10:43:34","date_gmt":"2012-07-05T14:43:34","guid":{"rendered":"http:\/\/www.eltrabajo.cl\/portal\/?p=20328"},"modified":"2012-07-05T10:43:34","modified_gmt":"2012-07-05T14:43:34","slug":"detienen-a-dos-sujetos-que-se-encontraban-reventando-chapas-de-vehiculos","status":"publish","type":"post","link":"https:\/\/eltrabajo.cl\/portal\/detienen-a-dos-sujetos-que-se-encontraban-reventando-chapas-de-vehiculos\/","title":{"rendered":"Detienen a dos sujetos que se encontraban reventando chapas de veh\u00edculos"},"content":{"rendered":"<figure id=\"attachment_20330\" aria-describedby=\"caption-attachment-20330\" style=\"width: 600px\" class=\"wp-caption alignnone\"><a href=\"http:\/\/www.eltrabajo.cl\/portal\/2012\/07\/detienen-a-dos-sujetos-que-se-encontraban-reventando-chapas-de-vehiculos\/detenidos-robo-accesorio-vehiculos\/\" rel=\"attachment wp-att-20330\"><img data-recalc-dims=\"1\" loading=\"lazy\" decoding=\"async\" class=\"size-full wp-image-20330\" title=\"detenidos robo accesorio vehiculos\" src=\"https:\/\/i0.wp.com\/www.eltrabajo.cl\/portal\/wp-content\/uploads\/2012\/07\/detenidos-robo-accesorio-vehiculos.jpg?resize=600%2C411\" alt=\"\" width=\"600\" height=\"411\" srcset=\"https:\/\/i0.wp.com\/eltrabajo.cl\/portal\/wp-content\/uploads\/2012\/07\/detenidos-robo-accesorio-vehiculos.jpg?w=600&amp;ssl=1 600w, https:\/\/i0.wp.com\/eltrabajo.cl\/portal\/wp-content\/uploads\/2012\/07\/detenidos-robo-accesorio-vehiculos.jpg?resize=200%2C137&amp;ssl=1 200w, https:\/\/i0.wp.com\/eltrabajo.cl\/portal\/wp-content\/uploads\/2012\/07\/detenidos-robo-accesorio-vehiculos.jpg?resize=300%2C205&amp;ssl=1 300w, https:\/\/i0.wp.com\/eltrabajo.cl\/portal\/wp-content\/uploads\/2012\/07\/detenidos-robo-accesorio-vehiculos.jpg?resize=150%2C102&amp;ssl=1 150w, https:\/\/i0.wp.com\/eltrabajo.cl\/portal\/wp-content\/uploads\/2012\/07\/detenidos-robo-accesorio-vehiculos.jpg?resize=400%2C274&amp;ssl=1 400w\" sizes=\"auto, (max-width: 600px) 100vw, 600px\" \/><\/a><figcaption id=\"caption-attachment-20330\" class=\"wp-caption-text\">Los sujetos fueron detenidos y puestos a disposici\u00f3n del Tribunal de Garant\u00eda de San Felipe la ma\u00f1ana de este mi\u00e9rcoles.<\/figcaption><\/figure>\n<p>Por el delito de robo de accesorios de veh\u00edculos fueron detenidos dos individuos domiciliados en la comuna de San Felipe, y quienes durante la tarde del martes se estar\u00edan dedicando a la sustracci\u00f3n de especies desde el interior de los veh\u00edculos estacionados en el sector c\u00e9ntrico de la comuna.<\/p>\n<p>Gracias a una llamada realizada al nivel de emergencia 133 de Carabineros, en la que se daba cuenta de la presencia sospechosa de dos sujetos en la calle Carlos Condell, personal de Carabineros que se encontraba en el sector, encabezado por el subteniente \u00c1ngelo Acevedo, concurri\u00f3 al lugar donde encontr\u00f3 a dos sujetos con las mismas caracter\u00edsticas de los se\u00f1alados en la denuncia telef\u00f3nica, a quienes les efectuaron un control de identidad y una fiscalizaci\u00f3n, encontr\u00e1ndoles entre sus vestimentas un napole\u00f3n, un juego de llaves de veh\u00edculo, una buj\u00eda con un martillo, adem\u00e1s de una impresora marca Epson.<\/p>\n<figure id=\"attachment_20329\" aria-describedby=\"caption-attachment-20329\" style=\"width: 300px\" class=\"wp-caption alignright\"><a href=\"http:\/\/www.eltrabajo.cl\/portal\/2012\/07\/detienen-a-dos-sujetos-que-se-encontraban-reventando-chapas-de-vehiculos\/especies-detenidos\/\" rel=\"attachment wp-att-20329\"><img data-recalc-dims=\"1\" loading=\"lazy\" decoding=\"async\" class=\"size-medium wp-image-20329\" title=\"especies detenidos\" src=\"https:\/\/i0.wp.com\/www.eltrabajo.cl\/portal\/wp-content\/uploads\/2012\/07\/especies-detenidos-300x226.jpg?resize=300%2C226\" alt=\"\" width=\"300\" height=\"226\" srcset=\"https:\/\/i0.wp.com\/eltrabajo.cl\/portal\/wp-content\/uploads\/2012\/07\/especies-detenidos.jpg?resize=300%2C226&amp;ssl=1 300w, https:\/\/i0.wp.com\/eltrabajo.cl\/portal\/wp-content\/uploads\/2012\/07\/especies-detenidos.jpg?resize=198%2C150&amp;ssl=1 198w, https:\/\/i0.wp.com\/eltrabajo.cl\/portal\/wp-content\/uploads\/2012\/07\/especies-detenidos.jpg?resize=150%2C113&amp;ssl=1 150w, https:\/\/i0.wp.com\/eltrabajo.cl\/portal\/wp-content\/uploads\/2012\/07\/especies-detenidos.jpg?resize=400%2C302&amp;ssl=1 400w, https:\/\/i0.wp.com\/eltrabajo.cl\/portal\/wp-content\/uploads\/2012\/07\/especies-detenidos.jpg?w=600&amp;ssl=1 600w\" sizes=\"auto, (max-width: 300px) 100vw, 300px\" \/><\/a><figcaption id=\"caption-attachment-20329\" class=\"wp-caption-text\">Estas fueron las especies encontradas entre las vestimentas de los detenidos, las que presumiblemente utilizaban para abrir los veh\u00edculos y robar las especies.<\/figcaption><\/figure>\n<p>Con estos antecedentes, los uniformados comenzaron a revisar los veh\u00edculos que se encontraban en los alrededores, encontrando un Chevrolet Spark con su chapa forzada.<\/p>\n<p>En ese momento lleg\u00f3 la due\u00f1a del veh\u00edculo, quien le manifest\u00f3 a Carabineros que testigos que se encontraban en el lugar le hab\u00edan avisado que su veh\u00edculo hab\u00eda sido abierto y desde el interior le hab\u00edan sustra\u00eddo diversas especies adem\u00e1s de dinero en efectivo.<\/p>\n<p>A ra\u00edz de estos datos, los sujetos, identificados como Omar Alexis P\u00e9rez Morales, de 25 a\u00f1os de edad y Robinson Ariel D\u00edaz Vald\u00e9s, de 32 a\u00f1os de edad, fueron detenidos y trasladados hasta la Segunda Comisar\u00eda de Carabineros, para ser puestos este mi\u00e9rcoles a disposici\u00f3n del Tribunal de Garant\u00eda de San Felipe.<\/p>\n<p>Una vez m\u00e1s, Carabineros llam\u00f3 a la comunidad a no dejar especies al interior de los veh\u00edculos, ya que estos art\u00edculos llaman la atenci\u00f3n de los antisociales, quienes est\u00e1n acostumbrados a realizar este tipo de hechos delictuales.<\/p>\n<p>&nbsp;<\/p>\n","protected":false},"excerpt":{"rendered":"<p>Por el delito de robo de accesorios de veh\u00edculos fueron detenidos dos individuos domiciliados en la comuna de San Felipe, y quienes durante la tarde del martes se estar\u00edan dedicando a la&#8230;<\/p>\n","protected":false},"author":482,"featured_media":20330,"comment_status":"open","ping_status":"closed","sticky":false,"template":"","format":"standard","meta":{"advanced_seo_description":"","jetpack_seo_html_title":"","jetpack_seo_noindex":false,"_jetpack_memberships_contains_paid_content":false,"footnotes":""},"categories":[21],"tags":[],"class_list":["post-20328","post","type-post","status-publish","format-standard","has-post-thumbnail","hentry","category-policial"],"jetpack_featured_media_url":"https:\/\/i0.wp.com\/eltrabajo.cl\/portal\/wp-content\/uploads\/2012\/07\/detenidos-robo-accesorio-vehiculos.jpg?fit=600%2C411&ssl=1","jetpack_sharing_enabled":true,"jetpack_likes_enabled":true,"jetpack-related-posts":[],"_links":{"self":[{"href":"https:\/\/eltrabajo.cl\/portal\/wp-json\/wp\/v2\/posts\/20328","targetHints":{"allow":["GET"]}}],"collection":[{"href":"https:\/\/eltrabajo.cl\/portal\/wp-json\/wp\/v2\/posts"}],"about":[{"href":"https:\/\/eltrabajo.cl\/portal\/wp-json\/wp\/v2\/types\/post"}],"author":[{"embeddable":true,"href":"https:\/\/eltrabajo.cl\/portal\/wp-json\/wp\/v2\/users\/482"}],"replies":[{"embeddable":true,"href":"https:\/\/eltrabajo.cl\/portal\/wp-json\/wp\/v2\/comments?post=20328"}],"version-history":[{"count":0,"href":"https:\/\/eltrabajo.cl\/portal\/wp-json\/wp\/v2\/posts\/20328\/revisions"}],"wp:featuredmedia":[{"embeddable":true,"href":"https:\/\/eltrabajo.cl\/portal\/wp-json\/wp\/v2\/media\/20330"}],"wp:attachment":[{"href":"https:\/\/eltrabajo.cl\/portal\/wp-json\/wp\/v2\/media?parent=20328"}],"wp:term":[{"taxonomy":"category","embeddable":true,"href":"https:\/\/eltrabajo.cl\/portal\/wp-json\/wp\/v2\/categories?post=20328"},{"taxonomy":"post_tag","embeddable":true,"href":"https:\/\/eltrabajo.cl\/portal\/wp-json\/wp\/v2\/tags?post=20328"}],"curies":[{"name":"wp","href":"https:\/\/api.w.org\/{rel}","templated":true}]}}