{"id":20333,"date":"2012-07-05T10:58:26","date_gmt":"2012-07-05T14:58:26","guid":{"rendered":"http:\/\/www.eltrabajo.cl\/portal\/?p=20333"},"modified":"2012-07-05T10:58:26","modified_gmt":"2012-07-05T14:58:26","slug":"familias-de-la-departamental-ya-no-pueden-mas-con-altos-cobros-de-esval","status":"publish","type":"post","link":"https:\/\/eltrabajo.cl\/portal\/familias-de-la-departamental-ya-no-pueden-mas-con-altos-cobros-de-esval\/","title":{"rendered":"Familias de la Departamental ya no pueden m\u00e1s con altos cobros de Esval"},"content":{"rendered":"<figure id=\"attachment_20336\" aria-describedby=\"caption-attachment-20336\" style=\"width: 600px\" class=\"wp-caption alignnone\"><a href=\"http:\/\/www.eltrabajo.cl\/portal\/2012\/07\/familias-de-la-departamental-ya-no-pueden-mas-con-altos-cobros-de-esval\/familias1-3\/\" rel=\"attachment wp-att-20336\"><img data-recalc-dims=\"1\" loading=\"lazy\" decoding=\"async\" class=\"size-full wp-image-20336\" title=\"Familias1\" src=\"https:\/\/i0.wp.com\/www.eltrabajo.cl\/portal\/wp-content\/uploads\/2012\/07\/Familias1.jpg?resize=600%2C420\" alt=\"\" width=\"600\" height=\"420\" srcset=\"https:\/\/i0.wp.com\/eltrabajo.cl\/portal\/wp-content\/uploads\/2012\/07\/Familias1.jpg?w=600&amp;ssl=1 600w, https:\/\/i0.wp.com\/eltrabajo.cl\/portal\/wp-content\/uploads\/2012\/07\/Familias1.jpg?resize=200%2C140&amp;ssl=1 200w, https:\/\/i0.wp.com\/eltrabajo.cl\/portal\/wp-content\/uploads\/2012\/07\/Familias1.jpg?resize=300%2C210&amp;ssl=1 300w, https:\/\/i0.wp.com\/eltrabajo.cl\/portal\/wp-content\/uploads\/2012\/07\/Familias1.jpg?resize=150%2C105&amp;ssl=1 150w, https:\/\/i0.wp.com\/eltrabajo.cl\/portal\/wp-content\/uploads\/2012\/07\/Familias1.jpg?resize=400%2C280&amp;ssl=1 400w\" sizes=\"auto, (max-width: 600px) 100vw, 600px\" \/><\/a><figcaption id=\"caption-attachment-20336\" class=\"wp-caption-text\">Doce familias del Bloc 1340 de Villa Departamental, acudieron a Diario El Trabajo para expresar su malestar con los altos cobros que Esval les hace desde enero.<\/figcaption><\/figure>\n<p>Roberto Gonz\u00e1lez Short &#8211; rgonzalez@eltrabajo.cl<\/p>\n<p>Doce familias que viven en el Block 1340 de Villa Departamental, visitaron nuestra Sala de Redacci\u00f3n con el objetivo de expresar su malestar por lo que ellos aseguran \u201ces un abuso\u201d de la empresa Esval hacia su bolsillo, si se toman en cuenta los montos tan elevados de cobro que registran las boletas mensuales emitidas por esta empresa de servicios sanitarios.<\/p>\n<figure id=\"attachment_20334\" aria-describedby=\"caption-attachment-20334\" style=\"width: 189px\" class=\"wp-caption alignright\"><a href=\"http:\/\/www.eltrabajo.cl\/portal\/2012\/07\/familias-de-la-departamental-ya-no-pueden-mas-con-altos-cobros-de-esval\/hernan-berrios-2\/\" rel=\"attachment wp-att-20334\"><img data-recalc-dims=\"1\" loading=\"lazy\" decoding=\"async\" class=\"size-medium wp-image-20334 \" title=\"Hernan Berrios\" src=\"https:\/\/i0.wp.com\/www.eltrabajo.cl\/portal\/wp-content\/uploads\/2012\/07\/Hernan-Berrios-270x300.jpg?resize=189%2C210\" alt=\"\" width=\"189\" height=\"210\" srcset=\"https:\/\/i0.wp.com\/eltrabajo.cl\/portal\/wp-content\/uploads\/2012\/07\/Hernan-Berrios.jpg?resize=270%2C300&amp;ssl=1 270w, https:\/\/i0.wp.com\/eltrabajo.cl\/portal\/wp-content\/uploads\/2012\/07\/Hernan-Berrios.jpg?resize=135%2C150&amp;ssl=1 135w, https:\/\/i0.wp.com\/eltrabajo.cl\/portal\/wp-content\/uploads\/2012\/07\/Hernan-Berrios.jpg?resize=400%2C444&amp;ssl=1 400w, https:\/\/i0.wp.com\/eltrabajo.cl\/portal\/wp-content\/uploads\/2012\/07\/Hernan-Berrios.jpg?w=600&amp;ssl=1 600w\" sizes=\"auto, (max-width: 189px) 100vw, 189px\" \/><\/a><figcaption id=\"caption-attachment-20334\" class=\"wp-caption-text\">Hern\u00e1n Berr\u00edos, Subgerente Zonal de Esval San Felipe y Los Andes.<\/figcaption><\/figure>\n<p>El malestar es general y se respaldan los vecinos con presentar facturas recientes en las que se aprecian montos superiores a los 150.000 pesos.<\/p>\n<p>\u201cEl problema que tenemos con Esval, es que desde enero que nuestras boletas de Esval nos est\u00e1n saliendo excesivamente a muchos vecinos que vivimos en Villa Departamental. Esval nos cobra un consumo muy alto, que nosotros no estamos gastando, nos salen unas boletas de $130.000: a una 115.000: a otra 109.000, a m\u00ed, 87.000 y algunas vecinas hasta 170.000, pesos\u201d, expres\u00f3 a Diario El Trabajo, Milka Cisternas, vecina de la Departamental.<\/p>\n<p>\u201cAunque Esval hab\u00eda reparado algunas fugas, las boletas siguen saliendo muy altas, vamos a Esval a pedir explicaciones pero no nos quieren hacer caso, no nos ponen atenci\u00f3n y hasta de \u2018locas\u2019 nos trataron, nos dijeron que la gente de la Departamental \u00e9ramos gente \u2018revolucionaria\u2019 y \u2018problem\u00e1tica\u2019\u201d, a\u00f1adi\u00f3 Cisternas.<\/p>\n<p>\u201cEn Semana Santa Esval hizo unas reparaciones, nos dejaron sin agua por cuatro d\u00edas, ellos dicen que nosotros debemos pagar para que nos reparen esos da\u00f1os por nuestra cuenta, que es \u2018un favor\u2019 lo que ellos nos hacen con atender esta clase de problemas\u201d, puntualiz\u00f3 Milka.<\/p>\n<figure id=\"attachment_20338\" aria-describedby=\"caption-attachment-20338\" style=\"width: 300px\" class=\"wp-caption alignleft\"><a href=\"http:\/\/www.eltrabajo.cl\/portal\/2012\/07\/familias-de-la-departamental-ya-no-pueden-mas-con-altos-cobros-de-esval\/factura1-2\/\" rel=\"attachment wp-att-20338\"><img data-recalc-dims=\"1\" loading=\"lazy\" decoding=\"async\" class=\"size-medium wp-image-20338\" title=\"Factura1\" src=\"https:\/\/i0.wp.com\/www.eltrabajo.cl\/portal\/wp-content\/uploads\/2012\/07\/Factura11-300x177.jpg?resize=300%2C177\" alt=\"\" width=\"300\" height=\"177\" srcset=\"https:\/\/i0.wp.com\/eltrabajo.cl\/portal\/wp-content\/uploads\/2012\/07\/Factura11.jpg?resize=300%2C177&amp;ssl=1 300w, https:\/\/i0.wp.com\/eltrabajo.cl\/portal\/wp-content\/uploads\/2012\/07\/Factura11.jpg?resize=200%2C118&amp;ssl=1 200w, https:\/\/i0.wp.com\/eltrabajo.cl\/portal\/wp-content\/uploads\/2012\/07\/Factura11.jpg?resize=150%2C88&amp;ssl=1 150w, https:\/\/i0.wp.com\/eltrabajo.cl\/portal\/wp-content\/uploads\/2012\/07\/Factura11.jpg?resize=400%2C236&amp;ssl=1 400w, https:\/\/i0.wp.com\/eltrabajo.cl\/portal\/wp-content\/uploads\/2012\/07\/Factura11.jpg?w=600&amp;ssl=1 600w\" sizes=\"auto, (max-width: 300px) 100vw, 300px\" \/><\/a><figcaption id=\"caption-attachment-20338\" class=\"wp-caption-text\">Esta Boleta, por ejemplo, registra un cobro de $137.891 pesos.<\/figcaption><\/figure>\n<p><strong>\u201cCA\u00d1ER\u00cdAS QUE VALEN \u2018HONGO\u2019\u201d<\/strong><\/p>\n<p>Cinthya Brice\u00f1o, otra de las vecinas de Villa Departamental, dijo a nuestro medio que fue tratada despectivamente por una funcionaria de esta empresa.<\/p>\n<p>\u201cYo fui el otro d\u00eda a Esval, porque no me hab\u00eda llegado la Boleta, mi pareja y yo no pasamos en la casa durante el d\u00eda, los dos trabajamos y ahora me lleg\u00f3 una Boleta de $55.000, de ah\u00ed para arriba a todos mis vecinos les est\u00e1 saliendo muy caro cada mes\u201d, indic\u00f3 Brice\u00f1o a Diario El Trabajo.<\/p>\n<p>\u201cEstoy muy molesta por el hecho de que nos traten de \u2018locas\u2019, yo no gano lo que ganan esas ni\u00f1as en la oficina de Esval, el salario que ellas ganan es de nuestro dinero, del que nos cobran a nosotras, yo puse un Reclamo por este trato, ella la secretaria de Esval, me dijo que \u2018era mi problema\u2019 por decidir vivir en departamentos, yo digo que el problema es de Esval que pone unas ca\u00f1er\u00edas que valen un \u2018hongo\u2019\u201d, dijo molesta Cinthya Brice\u00f1o.<\/p>\n<figure id=\"attachment_20337\" aria-describedby=\"caption-attachment-20337\" style=\"width: 300px\" class=\"wp-caption alignright\"><a href=\"http:\/\/www.eltrabajo.cl\/portal\/2012\/07\/familias-de-la-departamental-ya-no-pueden-mas-con-altos-cobros-de-esval\/grafico1\/\" rel=\"attachment wp-att-20337\"><img data-recalc-dims=\"1\" loading=\"lazy\" decoding=\"async\" class=\"size-medium wp-image-20337\" title=\"Grafico1\" src=\"https:\/\/i0.wp.com\/www.eltrabajo.cl\/portal\/wp-content\/uploads\/2012\/07\/Grafico1-300x99.jpg?resize=300%2C99\" alt=\"\" width=\"300\" height=\"99\" srcset=\"https:\/\/i0.wp.com\/eltrabajo.cl\/portal\/wp-content\/uploads\/2012\/07\/Grafico1.jpg?resize=300%2C99&amp;ssl=1 300w, https:\/\/i0.wp.com\/eltrabajo.cl\/portal\/wp-content\/uploads\/2012\/07\/Grafico1.jpg?resize=200%2C66&amp;ssl=1 200w, https:\/\/i0.wp.com\/eltrabajo.cl\/portal\/wp-content\/uploads\/2012\/07\/Grafico1.jpg?resize=150%2C49&amp;ssl=1 150w, https:\/\/i0.wp.com\/eltrabajo.cl\/portal\/wp-content\/uploads\/2012\/07\/Grafico1.jpg?resize=400%2C132&amp;ssl=1 400w, https:\/\/i0.wp.com\/eltrabajo.cl\/portal\/wp-content\/uploads\/2012\/07\/Grafico1.jpg?w=600&amp;ssl=1 600w\" sizes=\"auto, (max-width: 300px) 100vw, 300px\" \/><\/a><figcaption id=\"caption-attachment-20337\" class=\"wp-caption-text\">Seg\u00fan Esval, del \u2018Medidor Principal\u2019 para adentro, todas las fugas deben ser pagadas y reparadas por sus clientes.<\/figcaption><\/figure>\n<p><strong>ESVAL<\/strong><\/p>\n<p>Nuestro medio habl\u00f3 con Hern\u00e1n Berr\u00edos, Subgerente Zonal de San Felipe y Los Andes de Esval.<\/p>\n<p><strong>&#8211; \u00bfQu\u00e9 tiene que decir Esval sobre los reclamos de estas familias?<\/strong><\/p>\n<p>&#8211; \u201cEn Esval hemos tomado contacto repetidas veces con vecinos que han reclamado esta problem\u00e1tica, tanto en la Departamental como en otros sectores, ellos reclaman que en algunas ocasiones se generan cuentas elevadas, esto porque hay filtraciones en la Red Interior de estos edificios\u201d.<\/p>\n<p><strong>&#8211; \u00bfUstedes ayudan a estas personas cuando ellos se ven en apuros como \u00e9ste?<\/strong><\/p>\n<p>&#8211; \u201cEn reiteradas oportunidades vamos en apoyo a repararles da\u00f1os que \u2018legalmente\u2019 les compete a los mismos vecinos, son reparaciones muy complejas y de muy alto costo, tambi\u00e9n llevamos nuestros equipos de detecci\u00f3n de fugas y hacemos los trabajos correspondientes\u201d.<\/p>\n<p><strong>&#8211; \u00bfC\u00f3mo han tratado ustedes el caso de estas familias?<\/strong><\/p>\n<p>&#8211; \u201cEn mayo pasado, los vecinos del Block 1340 se reunieron con nuestro personal para ver el tema de aumento de las cuentas de agua potable. Nos comprometimos a revisar las instalaciones interiores del edificio a fin de constatar el origen de estos altos consumos. Se pudo verificar una fuga de agua ubicada entre el medidor matriz y los remarcadores (instalaci\u00f3n interior). Esta fuga pudo ser detectada con el apoyo del equipo de \u2018buscafugas\u2019 de nuestra empresa, repar\u00e1ndose con fecha 1\u00ba de junio de 2012. Por tal motivo se ha solicitado la refacturaci\u00f3n excepcional como atenci\u00f3n comercial por una situaci\u00f3n fortuita, de los meses de mayo y junio, por p\u00e9rdida invisible, lo cual debiera procesarse durante esta semana. Es importante se\u00f1alar que las redes interiores son de responsabilidad de los clientes su cuidado y reparaciones y en estos casos siempre hemos estado dispuestos a colaborar de acuerdo a nuestras posibilidades\u201d.<\/p>\n<p><strong>&#8211; \u00bfTrataron despectivamente en Esval a estas familias?<\/strong><\/p>\n<p>&#8211; \u201cEs imposible que alg\u00fan funcionario de nosotros tratara as\u00ed a alguno de nuestros clientes, eso no est\u00e1 dentro de los par\u00e1metros de atenci\u00f3n, si fuera as\u00ed, necesitar\u00edamos un Reclamo Formal para poder investigar el caso\u201d.<\/p>\n<p>&nbsp;<\/p>\n","protected":false},"excerpt":{"rendered":"<p>Roberto Gonz\u00e1lez Short &#8211; rgonzalez@eltrabajo.cl Doce familias que viven en el Block 1340 de Villa Departamental, visitaron nuestra Sala de Redacci\u00f3n con el objetivo de expresar su malestar por lo que ellos&#8230;<\/p>\n","protected":false},"author":482,"featured_media":20336,"comment_status":"open","ping_status":"closed","sticky":false,"template":"","format":"standard","meta":{"advanced_seo_description":"","jetpack_seo_html_title":"","jetpack_seo_noindex":false,"_jetpack_memberships_contains_paid_content":false,"footnotes":""},"categories":[15],"tags":[],"class_list":["post-20333","post","type-post","status-publish","format-standard","has-post-thumbnail","hentry","category-comunidad"],"jetpack_featured_media_url":"https:\/\/i0.wp.com\/eltrabajo.cl\/portal\/wp-content\/uploads\/2012\/07\/Familias1.jpg?fit=600%2C420&ssl=1","jetpack_sharing_enabled":true,"jetpack_likes_enabled":true,"jetpack-related-posts":[],"_links":{"self":[{"href":"https:\/\/eltrabajo.cl\/portal\/wp-json\/wp\/v2\/posts\/20333","targetHints":{"allow":["GET"]}}],"collection":[{"href":"https:\/\/eltrabajo.cl\/portal\/wp-json\/wp\/v2\/posts"}],"about":[{"href":"https:\/\/eltrabajo.cl\/portal\/wp-json\/wp\/v2\/types\/post"}],"author":[{"embeddable":true,"href":"https:\/\/eltrabajo.cl\/portal\/wp-json\/wp\/v2\/users\/482"}],"replies":[{"embeddable":true,"href":"https:\/\/eltrabajo.cl\/portal\/wp-json\/wp\/v2\/comments?post=20333"}],"version-history":[{"count":0,"href":"https:\/\/eltrabajo.cl\/portal\/wp-json\/wp\/v2\/posts\/20333\/revisions"}],"wp:featuredmedia":[{"embeddable":true,"href":"https:\/\/eltrabajo.cl\/portal\/wp-json\/wp\/v2\/media\/20336"}],"wp:attachment":[{"href":"https:\/\/eltrabajo.cl\/portal\/wp-json\/wp\/v2\/media?parent=20333"}],"wp:term":[{"taxonomy":"category","embeddable":true,"href":"https:\/\/eltrabajo.cl\/portal\/wp-json\/wp\/v2\/categories?post=20333"},{"taxonomy":"post_tag","embeddable":true,"href":"https:\/\/eltrabajo.cl\/portal\/wp-json\/wp\/v2\/tags?post=20333"}],"curies":[{"name":"wp","href":"https:\/\/api.w.org\/{rel}","templated":true}]}}