{"id":20341,"date":"2012-07-05T11:01:44","date_gmt":"2012-07-05T15:01:44","guid":{"rendered":"http:\/\/www.eltrabajo.cl\/portal\/?p=20341"},"modified":"2012-07-05T11:01:44","modified_gmt":"2012-07-05T15:01:44","slug":"transeuntes-detienen-a-santiaguinas-que-sustrajeron-ropa-del-persa","status":"publish","type":"post","link":"https:\/\/eltrabajo.cl\/portal\/transeuntes-detienen-a-santiaguinas-que-sustrajeron-ropa-del-persa\/","title":{"rendered":"Transe\u00fantes detienen a santiaguinas que sustrajeron ropa del persa"},"content":{"rendered":"<figure id=\"attachment_20343\" aria-describedby=\"caption-attachment-20343\" style=\"width: 600px\" class=\"wp-caption alignnone\"><a href=\"http:\/\/www.eltrabajo.cl\/portal\/2012\/07\/transeuntes-detienen-a-santiaguinas-que-sustrajeron-ropa-del-persa\/arresto-ciudadano-mecheras1\/\" rel=\"attachment wp-att-20343\"><img data-recalc-dims=\"1\" loading=\"lazy\" decoding=\"async\" class=\"size-full wp-image-20343\" title=\"arresto ciudadano mecheras1\" src=\"https:\/\/i0.wp.com\/www.eltrabajo.cl\/portal\/wp-content\/uploads\/2012\/07\/arresto-ciudadano-mecheras1.jpg?resize=600%2C450\" alt=\"\" width=\"600\" height=\"450\" srcset=\"https:\/\/i0.wp.com\/eltrabajo.cl\/portal\/wp-content\/uploads\/2012\/07\/arresto-ciudadano-mecheras1.jpg?w=600&amp;ssl=1 600w, https:\/\/i0.wp.com\/eltrabajo.cl\/portal\/wp-content\/uploads\/2012\/07\/arresto-ciudadano-mecheras1.jpg?resize=200%2C150&amp;ssl=1 200w, https:\/\/i0.wp.com\/eltrabajo.cl\/portal\/wp-content\/uploads\/2012\/07\/arresto-ciudadano-mecheras1.jpg?resize=300%2C225&amp;ssl=1 300w, https:\/\/i0.wp.com\/eltrabajo.cl\/portal\/wp-content\/uploads\/2012\/07\/arresto-ciudadano-mecheras1.jpg?resize=150%2C112&amp;ssl=1 150w, https:\/\/i0.wp.com\/eltrabajo.cl\/portal\/wp-content\/uploads\/2012\/07\/arresto-ciudadano-mecheras1.jpg?resize=400%2C300&amp;ssl=1 400w\" sizes=\"auto, (max-width: 600px) 100vw, 600px\" \/><\/a><figcaption id=\"caption-attachment-20343\" class=\"wp-caption-text\">La r\u00e1pida acci\u00f3n de la comunidad en conjunto con Carabineros lograron frustrar el delito que cometieron dos mujeres santiaguinas, las que ser\u00e1n sometidas a control de detenci\u00f3n el d\u00eda de hoy.<\/figcaption><\/figure>\n<p>Pablo Salinas Sald\u00edas &#8211;\u00a0psalinas@eltrabajo.cl<\/p>\n<p>Dos mujeres provenientes de la regi\u00f3n Metropolitana fueron detenidas por Carabineros luego de ser retenidas por transe\u00fantes cuando hu\u00edan con prendas de vestir sustra\u00eddas desde un local comercial ubicado en el Persa de calle Merced 116 en San Felipe.<\/p>\n<p>El hecho se registr\u00f3 alrededor de las 13:20 horas, cuando las imputadas identificadas como Rosa Emilia J.B., de 22 a\u00f1os de edad, y Johanna Francesca B.I., de 25 a\u00f1os, ingresaron hasta el puesto de la v\u00edctima identificada como S.J.H.C., quien declar\u00f3 ante los efectivos policiales que ambas mujeres sustrajeron 9 jeans marca Tabares y 8 pares de calcetines, especies avaluadas en la suma de $143.910, para posteriormente darse a la fuga en direcci\u00f3n a calle Portus.<\/p>\n<figure id=\"attachment_20342\" aria-describedby=\"caption-attachment-20342\" style=\"width: 300px\" class=\"wp-caption alignright\"><a href=\"http:\/\/www.eltrabajo.cl\/portal\/2012\/07\/transeuntes-detienen-a-santiaguinas-que-sustrajeron-ropa-del-persa\/arresto-ciudadano-mecheras\/\" rel=\"attachment wp-att-20342\"><img data-recalc-dims=\"1\" loading=\"lazy\" decoding=\"async\" class=\"size-medium wp-image-20342\" title=\"arresto ciudadano mecheras\" src=\"https:\/\/i0.wp.com\/www.eltrabajo.cl\/portal\/wp-content\/uploads\/2012\/07\/arresto-ciudadano-mecheras-300x225.jpg?resize=300%2C225\" alt=\"\" width=\"300\" height=\"225\" srcset=\"https:\/\/i0.wp.com\/eltrabajo.cl\/portal\/wp-content\/uploads\/2012\/07\/arresto-ciudadano-mecheras.jpg?resize=300%2C225&amp;ssl=1 300w, https:\/\/i0.wp.com\/eltrabajo.cl\/portal\/wp-content\/uploads\/2012\/07\/arresto-ciudadano-mecheras.jpg?resize=200%2C150&amp;ssl=1 200w, https:\/\/i0.wp.com\/eltrabajo.cl\/portal\/wp-content\/uploads\/2012\/07\/arresto-ciudadano-mecheras.jpg?resize=150%2C112&amp;ssl=1 150w, https:\/\/i0.wp.com\/eltrabajo.cl\/portal\/wp-content\/uploads\/2012\/07\/arresto-ciudadano-mecheras.jpg?resize=400%2C300&amp;ssl=1 400w, https:\/\/i0.wp.com\/eltrabajo.cl\/portal\/wp-content\/uploads\/2012\/07\/arresto-ciudadano-mecheras.jpg?w=600&amp;ssl=1 600w\" sizes=\"auto, (max-width: 300px) 100vw, 300px\" \/><\/a><figcaption id=\"caption-attachment-20342\" class=\"wp-caption-text\">La r\u00e1pida acci\u00f3n de la comunidad en conjunto con Carabineros lograron frustrar el delito que cometieron dos mujeres santiaguinas, las que ser\u00e1n sometidas a control de detenci\u00f3n el d\u00eda de hoy.<\/figcaption><\/figure>\n<p>En esos instantes, los afectados fueron tras de las antisociales, siendo retenidas por transe\u00fantes que circulaban por dicha arteria frente al local de Casa Anny, causando gran conmoci\u00f3n entre quienes no sab\u00edan lo sucedido, dando cuenta de los hechos a personal de Carabineros a cargo del Subteniente \u00c1ngelo Acevedo, quienes se constituyeron r\u00e1pidamente en el lugar logrando detener a las mujeres y trasladarlas hasta la Unidad Policial.<\/p>\n<p>Cabe mencionar que una de las imputadas mantiene antecedentes por delitos de robo por sorpresa, receptaci\u00f3n y hurtos, mientras que la segunda protagonista no registra antecedente penales, por lo que ser\u00e1n sometidas a control de detenci\u00f3n ante el Juzgado de Garant\u00eda de San Felipe el d\u00eda de hoy.<\/p>\n<p>&nbsp;<\/p>\n","protected":false},"excerpt":{"rendered":"<p>Pablo Salinas Sald\u00edas &#8211;\u00a0psalinas@eltrabajo.cl Dos mujeres provenientes de la regi\u00f3n Metropolitana fueron detenidas por Carabineros luego de ser retenidas por transe\u00fantes cuando hu\u00edan con prendas de vestir sustra\u00eddas desde un local comercial&#8230;<\/p>\n","protected":false},"author":482,"featured_media":20343,"comment_status":"open","ping_status":"closed","sticky":false,"template":"","format":"standard","meta":{"advanced_seo_description":"","jetpack_seo_html_title":"","jetpack_seo_noindex":false,"_jetpack_memberships_contains_paid_content":false,"footnotes":""},"categories":[21],"tags":[],"class_list":["post-20341","post","type-post","status-publish","format-standard","has-post-thumbnail","hentry","category-policial"],"jetpack_featured_media_url":"https:\/\/i0.wp.com\/eltrabajo.cl\/portal\/wp-content\/uploads\/2012\/07\/arresto-ciudadano-mecheras1.jpg?fit=600%2C450&ssl=1","jetpack_sharing_enabled":true,"jetpack_likes_enabled":true,"jetpack-related-posts":[],"_links":{"self":[{"href":"https:\/\/eltrabajo.cl\/portal\/wp-json\/wp\/v2\/posts\/20341","targetHints":{"allow":["GET"]}}],"collection":[{"href":"https:\/\/eltrabajo.cl\/portal\/wp-json\/wp\/v2\/posts"}],"about":[{"href":"https:\/\/eltrabajo.cl\/portal\/wp-json\/wp\/v2\/types\/post"}],"author":[{"embeddable":true,"href":"https:\/\/eltrabajo.cl\/portal\/wp-json\/wp\/v2\/users\/482"}],"replies":[{"embeddable":true,"href":"https:\/\/eltrabajo.cl\/portal\/wp-json\/wp\/v2\/comments?post=20341"}],"version-history":[{"count":0,"href":"https:\/\/eltrabajo.cl\/portal\/wp-json\/wp\/v2\/posts\/20341\/revisions"}],"wp:featuredmedia":[{"embeddable":true,"href":"https:\/\/eltrabajo.cl\/portal\/wp-json\/wp\/v2\/media\/20343"}],"wp:attachment":[{"href":"https:\/\/eltrabajo.cl\/portal\/wp-json\/wp\/v2\/media?parent=20341"}],"wp:term":[{"taxonomy":"category","embeddable":true,"href":"https:\/\/eltrabajo.cl\/portal\/wp-json\/wp\/v2\/categories?post=20341"},{"taxonomy":"post_tag","embeddable":true,"href":"https:\/\/eltrabajo.cl\/portal\/wp-json\/wp\/v2\/tags?post=20341"}],"curies":[{"name":"wp","href":"https:\/\/api.w.org\/{rel}","templated":true}]}}